{"id":94842,"date":"2022-06-20T09:25:19","date_gmt":"2022-06-20T12:25:19","guid":{"rendered":"https:\/\/www.cordobatimes.com\/showup\/?p=94842"},"modified":"2022-06-20T09:25:19","modified_gmt":"2022-06-20T12:25:19","slug":"valeria-mazza-hablo-de-la-recuperacion-de-su-hijo-tiziano","status":"publish","type":"post","link":"https:\/\/www.cordobatimes.com\/showup\/famosos\/2022\/06\/20\/valeria-mazza-hablo-de-la-recuperacion-de-su-hijo-tiziano\/","title":{"rendered":"Valeria Mazza habl\u00f3 de la recuperaci\u00f3n de su hijo Tiziano"},"content":{"rendered":"<h3><strong>La modelo agradeci\u00f3 las muestras de cari\u00f1o que recibi\u00f3 el deportista de 20 a\u00f1os, que hace dos semanas fue brutalmente agredido frente a un boliche de Rosario<\/strong><\/h3>\n<p>Este domingo, Valeria decidi\u00f3 compartir en su cuenta de Instagram un video para agradecer las incontables muestras de cari\u00f1o de la gente, pero tambi\u00e9n para hablar de la dif\u00edcil recuperaci\u00f3n de su hijo y sincerarse con respecto a los dif\u00edciles d\u00edas que vivi\u00f3 desde que ocurri\u00f3 este terrible episodio, por el que ya fueron imputados y detenidos Jesu\u00e1n Ezequiel M., de 26 a\u00f1os, y Franco Ezequiel Z., de 27 a\u00f1os.<\/p>\n<p>Despu\u00e9s de saludar a todos sus seguidores y felicitar a su padre,\u00a0Ra\u00fal, y a su marido por el D\u00eda del Padre, la modelo asegur\u00f3: \u201cQuiero agradecerles a ustedes por todos los mensajes, los llamados, los rezos&#8230;Realmente los sentimos muy cerca. Porque\u00a0fueron momentos muy feos, de mucha tristeza, de mucha angustia, de mucha bronca e impotencia\u201d.<\/p>\n<p>Tras la golpiza,\u00a0el hijo de Valeria tuvo que someterse a dos intervenciones quir\u00fargicas\u00a0en el Hospital Universitario Austral de la localidad de Pilar, en Buenos Aires. En la primera, que tuvo lugar tres d\u00edas despu\u00e9s de la agresi\u00f3n y dur\u00f3 alrededor de dos horas, los m\u00e9dicos se ocuparon de colocarle mini placas de titanio para corregir la fractura de mand\u00edbula con desplazamiento que le hab\u00edan diagnosticado. En la segunda, que se llev\u00f3 a cabo el mi\u00e9rcoles pasado, se le coloc\u00f3 una placa de titanio por una fisura detectada bajo un diente delantero<\/p>\n<p>\u201cTiziano va a estar bien, se est\u00e1 recuperando lento, con paciencia y mucho esfuerzo de su parte.\u00a0Ha sido un golpe an\u00edmico enorme, para \u00e9l, para Benicio que estuvo tambi\u00e9n en el ataque y para nosotros como familia. Pero bueno, es un gran desaf\u00edo de acompa\u00f1ar y de atravesar esto juntos. As\u00ed que yo rezo todos los d\u00edas porque esto no puede seguir pasando nunca m\u00e1s. Nunca m\u00e1s. Basta de violencia, por favor\u201d, continu\u00f3 la modelo en su mensaje.<\/p>\n<p>&nbsp;<\/p>\n<div style=\"width: 696px;\" class=\"wp-video\"><video class=\"wp-video-shortcode\" id=\"video-94842-1\" width=\"696\" height=\"1237\" preload=\"metadata\" controls=\"controls\"><source type=\"video\/mp4\" src=\"https:\/\/www.cordobatimes.com\/showup\/wp-content\/uploads\/2022\/06\/valeriamazzaok_87402043108CADAD3FA7832DF5AC9798_video_dashinit.mp4?_=1\" \/><a href=\"https:\/\/www.cordobatimes.com\/showup\/wp-content\/uploads\/2022\/06\/valeriamazzaok_87402043108CADAD3FA7832DF5AC9798_video_dashinit.mp4\">https:\/\/www.cordobatimes.com\/showup\/wp-content\/uploads\/2022\/06\/valeriamazzaok_87402043108CADAD3FA7832DF5AC9798_video_dashinit.mp4<\/a><\/video><\/div>\n<div style=\"width: 480px;\" class=\"wp-video\"><video class=\"wp-video-shortcode\" id=\"video-94842-2\" width=\"480\" height=\"854\" preload=\"metadata\" controls=\"controls\"><source type=\"video\/mp4\" src=\"https:\/\/www.cordobatimes.com\/showup\/wp-content\/uploads\/2022\/06\/valeriamazzaok_94468365C36FDE12678F7EABD42B9188_video_dashinit.mp4?_=2\" \/><a href=\"https:\/\/www.cordobatimes.com\/showup\/wp-content\/uploads\/2022\/06\/valeriamazzaok_94468365C36FDE12678F7EABD42B9188_video_dashinit.mp4\">https:\/\/www.cordobatimes.com\/showup\/wp-content\/uploads\/2022\/06\/valeriamazzaok_94468365C36FDE12678F7EABD42B9188_video_dashinit.mp4<\/a><\/video><\/div>\n<div style=\"width: 480px;\" class=\"wp-video\"><video class=\"wp-video-shortcode\" id=\"video-94842-3\" width=\"480\" height=\"854\" preload=\"metadata\" controls=\"controls\"><source type=\"video\/mp4\" src=\"https:\/\/www.cordobatimes.com\/showup\/wp-content\/uploads\/2022\/06\/valeriamazzaok_D14DEF59893172798545C230CFCF32A3_video_dashinit.mp4?_=3\" \/><a href=\"https:\/\/www.cordobatimes.com\/showup\/wp-content\/uploads\/2022\/06\/valeriamazzaok_D14DEF59893172798545C230CFCF32A3_video_dashinit.mp4\">https:\/\/www.cordobatimes.com\/showup\/wp-content\/uploads\/2022\/06\/valeriamazzaok_D14DEF59893172798545C230CFCF32A3_video_dashinit.mp4<\/a><\/video><\/div>\n<div style=\"width: 480px;\" class=\"wp-video\"><video class=\"wp-video-shortcode\" id=\"video-94842-4\" width=\"480\" height=\"854\" preload=\"metadata\" controls=\"controls\"><source type=\"video\/mp4\" src=\"https:\/\/www.cordobatimes.com\/showup\/wp-content\/uploads\/2022\/06\/valeriamazzaok_9448CEF42D024F0B92E6ECC7D64868A8_video_dashinit.mp4?_=4\" \/><a href=\"https:\/\/www.cordobatimes.com\/showup\/wp-content\/uploads\/2022\/06\/valeriamazzaok_9448CEF42D024F0B92E6ECC7D64868A8_video_dashinit.mp4\">https:\/\/www.cordobatimes.com\/showup\/wp-content\/uploads\/2022\/06\/valeriamazzaok_9448CEF42D024F0B92E6ECC7D64868A8_video_dashinit.mp4<\/a><\/video><\/div>\n","protected":false},"excerpt":{"rendered":"<p>La modelo agradeci\u00f3 las muestras de cari\u00f1o que recibi\u00f3 el deportista de 20 a\u00f1os, que hace dos semanas fue brutalmente agredido frente a un boliche de Rosario Este domingo, Valeria decidi\u00f3 compartir en su cuenta de Instagram un video para agradecer las incontables muestras de cari\u00f1o de la gente, pero tambi\u00e9n para hablar de la [&hellip;]<\/p>\n","protected":false},"author":1,"featured_media":94684,"comment_status":"closed","ping_status":"closed","sticky":false,"template":"","format":"standard","meta":{"_seopress_robots_primary_cat":"","_seopress_titles_title":"","_seopress_titles_desc":"","_seopress_robots_index":"","footnotes":""},"categories":[4],"tags":[35232,35233,35256,35234],"class_list":{"0":"post-94842","1":"post","2":"type-post","3":"status-publish","4":"format-standard","5":"has-post-thumbnail","7":"category-famosos","8":"tag-hijo-de-valeria-mazza-brutal-golpiza","9":"tag-hijo-de-valeria-mazza-tiziano-gravier","10":"tag-hijo-de-valeria-mazza-y-alejandro-gravier","11":"tag-tiziano-gravier"},"_links":{"self":[{"href":"https:\/\/www.cordobatimes.com\/showup\/wp-json\/wp\/v2\/posts\/94842","targetHints":{"allow":["GET"]}}],"collection":[{"href":"https:\/\/www.cordobatimes.com\/showup\/wp-json\/wp\/v2\/posts"}],"about":[{"href":"https:\/\/www.cordobatimes.com\/showup\/wp-json\/wp\/v2\/types\/post"}],"author":[{"embeddable":true,"href":"https:\/\/www.cordobatimes.com\/showup\/wp-json\/wp\/v2\/users\/1"}],"replies":[{"embeddable":true,"href":"https:\/\/www.cordobatimes.com\/showup\/wp-json\/wp\/v2\/comments?post=94842"}],"version-history":[{"count":0,"href":"https:\/\/www.cordobatimes.com\/showup\/wp-json\/wp\/v2\/posts\/94842\/revisions"}],"wp:featuredmedia":[{"embeddable":true,"href":"https:\/\/www.cordobatimes.com\/showup\/wp-json\/wp\/v2\/media\/94684"}],"wp:attachment":[{"href":"https:\/\/www.cordobatimes.com\/showup\/wp-json\/wp\/v2\/media?parent=94842"}],"wp:term":[{"taxonomy":"category","embeddable":true,"href":"https:\/\/www.cordobatimes.com\/showup\/wp-json\/wp\/v2\/categories?post=94842"},{"taxonomy":"post_tag","embeddable":true,"href":"https:\/\/www.cordobatimes.com\/showup\/wp-json\/wp\/v2\/tags?post=94842"}],"curies":[{"name":"wp","href":"https:\/\/api.w.org\/{rel}","templated":true}]}}