{"id":94796,"date":"2022-06-15T10:20:38","date_gmt":"2022-06-15T13:20:38","guid":{"rendered":"https:\/\/www.cordobatimes.com\/showup\/?p=94796"},"modified":"2022-06-15T10:20:38","modified_gmt":"2022-06-15T13:20:38","slug":"el-abogado-de-los-agresores-del-hijo-de-valeria-mazza-dudo-de-la-gravedad-de-su-lesion-y-alejandro-gravier-respondio","status":"publish","type":"post","link":"https:\/\/www.cordobatimes.com\/showup\/famosos\/2022\/06\/15\/el-abogado-de-los-agresores-del-hijo-de-valeria-mazza-dudo-de-la-gravedad-de-su-lesion-y-alejandro-gravier-respondio\/","title":{"rendered":"El abogado de los agresores del hijo de Valeria Mazza dud\u00f3 de la gravedad de su lesi\u00f3n y Alejandro Gravier respondi\u00f3"},"content":{"rendered":"<h3><strong>Jorge Bedouret, abogado de los detenidos, cuestion\u00f3 la operaci\u00f3n de Tiziano asegurando que no ten\u00eda cicatrices a la vista. El padre del deportista, en tanto, confirm\u00f3 que deber\u00e1 volver al quir\u00f3fano.<\/strong><\/h3>\n<p>En la madrugada del domingo 5 de junio,\u00a0Tiziano Gravier\u00a0fue golpeado por dos j\u00f3venes a la salida de un boliche de Rosario. El hijo de\u00a0Valeria Mazza\u00a0y\u00a0Alejandro Gravier\u00a0estaba con su hermano\u00a0Benicio\u00a0y dos amigas cuando fue agredido. Debido al impacto, el deportista de 20 a\u00f1os fue derivado al Hospital Universitario Austral de la localidad de Pilar en el Gran Buenos Aires, donde se le realiz\u00f3 una intervenci\u00f3n quir\u00fargica el pasado mi\u00e9rcoles y, poco m\u00e1s de 24 horas despu\u00e9s, fue dado de alta para continuar con la recuperaci\u00f3n en su domicilio.<\/p>\n<p>Cuatro d\u00edas despu\u00e9s de la agresi\u00f3n, los autores del hecho, Jesu\u00e1n Ezequiel M., de 26 a\u00f1os, y Franco Ezequiel Z., de 27, se pusieron a disposici\u00f3n de la justicia rosarina. Los j\u00f3venes quedaron detenidos por la agresi\u00f3n a Tiziano y fueron imputados el pasado viernes. Recibieron prisi\u00f3n preventiva efectiva por el t\u00e9rmino de 90 d\u00edas por resoluci\u00f3n del juez penal de primera instancia Hern\u00e1n Postma. Y, durante la acusaci\u00f3n, el fiscal Rodrigo Santana consider\u00f3 que adem\u00e1s de los golpes realizaron un \u201cacto discriminatorio por la condici\u00f3n social de la v\u00edctima\u201d a la que llamaron \u201cTincho\u201d. los dos se disculparon con la victima, aunque uno de ellos dijo que previo a los golpes hubo un entredicho con el hijo de la modelo.<\/p>\n<p>En las \u00faltimas horas, sin embargo, Jorge Bedouret, el abogado de los detenidos, realiz\u00f3 declaraciones al programa Siempre Juntos de Antena 3 en Rosario, donde cuestion\u00f3 la medida judicial contra sus defendidos y puso en duda la gravedad de la lesi\u00f3n de Tiziano. \u201cLo que no tengo es el informe m\u00e9dico de la operaci\u00f3n en Buenos Aires, de la supuesta operaci\u00f3n en Buenos Aires. Porque yo vi fotos despu\u00e9s de la operaci\u00f3n que son muy llamativas\u201d, expres\u00f3 el letrado.<\/p>\n<p><img alt=\"\" loading=\"lazy\" decoding=\"async\" class=\"alignnone wp-image-94680 size-full\" src=\"https:\/\/www.cordobatimes.com\/showup\/wp-content\/uploads\/2022\/06\/Pantallazo-09-06-2022-19.48.53.jpg\" alt=\"\" width=\"366\" height=\"661\" srcset=\"https:\/\/www.cordobatimes.com\/showup\/wp-content\/uploads\/2022\/06\/Pantallazo-09-06-2022-19.48.53.jpg 366w, https:\/\/www.cordobatimes.com\/showup\/wp-content\/uploads\/2022\/06\/Pantallazo-09-06-2022-19.48.53-233x420.jpg 233w\" sizes=\"auto, (max-width: 366px) 100vw, 366px\" \/><\/p>\n<p>La referencia era para la imagen que public\u00f3 Valeria\u00a0poco despu\u00e9s que su hijo saliera de la operaci\u00f3n, agradeciendo los buenos deseos y compartiendo la felicidad por la evoluci\u00f3n del joven. El abogado describi\u00f3 la fotograf\u00eda para continuar con su argumento: \u201cLa v\u00edctima est\u00e1 sentado en una cama, semidesnudo, porque ten\u00eda unos cables que no estaban los cables, unas cosas esas en el pecho que se ponen para ver c\u00f3mo es el post operatorio, y estaba con una sonrisa, no ten\u00eda ninguna marca en el cuerpo, ni ninguna cicatriz de cirug\u00eda. Ni estaba vendado\u201d,\u00a0asever\u00f3 Bedouret.<\/p>\n<p>\u201cYo quiero el informe m\u00e9dico. \u00bfQu\u00e9 cirug\u00eda se hizo? \u00bfHab\u00eda realmente una fractura? No lo s\u00e9, y con eso prisi\u00f3n preventiva\u201d,\u00a0prosigui\u00f3 el abogado, refiriendo a la decisi\u00f3n judicial. Y, cuando los periodistas lo consultaron si cre\u00eda que tanto Mazza como Gravier ment\u00edan o dudaba de la operaci\u00f3n, respondi\u00f3: \u201cNo lo estoy poniendo en duda, estoy diciendo lo que vi\u201d.<\/p>\n<p><img alt=\"\" loading=\"lazy\" decoding=\"async\" class=\"alignnone wp-image-94797 size-full\" src=\"https:\/\/www.cordobatimes.com\/showup\/wp-content\/uploads\/2022\/06\/Pantallazo-15-06-2022-10.15.35.jpg\" alt=\"\" width=\"986\" height=\"831\" srcset=\"https:\/\/www.cordobatimes.com\/showup\/wp-content\/uploads\/2022\/06\/Pantallazo-15-06-2022-10.15.35.jpg 986w, https:\/\/www.cordobatimes.com\/showup\/wp-content\/uploads\/2022\/06\/Pantallazo-15-06-2022-10.15.35-498x420.jpg 498w, https:\/\/www.cordobatimes.com\/showup\/wp-content\/uploads\/2022\/06\/Pantallazo-15-06-2022-10.15.35-768x647.jpg 768w, https:\/\/www.cordobatimes.com\/showup\/wp-content\/uploads\/2022\/06\/Pantallazo-15-06-2022-10.15.35-696x587.jpg 696w\" sizes=\"auto, (max-width: 986px) 100vw, 986px\" \/> <img alt=\"\" loading=\"lazy\" decoding=\"async\" class=\"alignnone wp-image-94798 size-full\" src=\"https:\/\/www.cordobatimes.com\/showup\/wp-content\/uploads\/2022\/06\/Pantallazo-15-06-2022-10.16.16.jpg\" alt=\"\" width=\"983\" height=\"822\" srcset=\"https:\/\/www.cordobatimes.com\/showup\/wp-content\/uploads\/2022\/06\/Pantallazo-15-06-2022-10.16.16.jpg 983w, https:\/\/www.cordobatimes.com\/showup\/wp-content\/uploads\/2022\/06\/Pantallazo-15-06-2022-10.16.16-502x420.jpg 502w, https:\/\/www.cordobatimes.com\/showup\/wp-content\/uploads\/2022\/06\/Pantallazo-15-06-2022-10.16.16-768x642.jpg 768w, https:\/\/www.cordobatimes.com\/showup\/wp-content\/uploads\/2022\/06\/Pantallazo-15-06-2022-10.16.16-696x582.jpg 696w\" sizes=\"auto, (max-width: 983px) 100vw, 983px\" \/><\/p>\n<p>Juan Mart\u00edn Chavanne\u00a0el m\u00e9dico que oper\u00f3 al deportista, quien detall\u00f3 el procedimiento. \u201cEl abordaje que se eligi\u00f3 fue por v\u00eda intraoral (dentro de la boca) con el objetivo de no dejar cicatrices externas. Los puntos de sutura se realizan en la mucosa bucal y son reabsorbibles\u201d, se\u00f1al\u00f3 el doctor. Y explic\u00f3 la ausencia de cirug\u00edas en el postoperatorio: \u201cLa intervenci\u00f3n que se realiz\u00f3 es un procedimiento t\u00edpico para una lesi\u00f3n \u00f3sea como la que sufri\u00f3 el paciente. Se realiza una fijaci\u00f3n con osteos\u00edntesis usando un set de colocaci\u00f3n transbucal.\u00a0Esta cirug\u00eda, que se realiza desde hace muchos a\u00f1os, justamente tiene como objetivo no dejar cicatrices externas\u201d.<\/p>\n<p>Tambi\u00e9n\u00a0 el padre de la v\u00edctima,\u00a0 dio detalles sobre la recuperaci\u00f3n del joven y confirm\u00f3 que va a tener que pasar otra vez por el quir\u00f3fano. \u201cMa\u00f1ana lo operan de nuevo a Tiziano porque en el control que le hicieron salto una peque\u00f1a fisura. Le van a tener que poner otra placa de titanio ma\u00f1ana a las 12\u2033, expres\u00f3 el empresario. Y evit\u00f3 entrar en pol\u00e9mica, dejando en claro que hoy su preocupaci\u00f3n pasa por la salud de su hijo.<\/p>\n<p>&nbsp;<\/p>\n","protected":false},"excerpt":{"rendered":"<p>Jorge Bedouret, abogado de los detenidos, cuestion\u00f3 la operaci\u00f3n de Tiziano asegurando que no ten\u00eda cicatrices a la vista. El padre del deportista, en tanto, confirm\u00f3 que deber\u00e1 volver al quir\u00f3fano. En la madrugada del domingo 5 de junio,\u00a0Tiziano Gravier\u00a0fue golpeado por dos j\u00f3venes a la salida de un boliche de Rosario. El hijo de\u00a0Valeria [&hellip;]<\/p>\n","protected":false},"author":1,"featured_media":94684,"comment_status":"closed","ping_status":"closed","sticky":false,"template":"","format":"standard","meta":{"_seopress_robots_primary_cat":"","_seopress_titles_title":"","_seopress_titles_desc":"","_seopress_robots_index":"","footnotes":""},"categories":[4],"tags":[35232,35256,35234],"class_list":{"0":"post-94796","1":"post","2":"type-post","3":"status-publish","4":"format-standard","5":"has-post-thumbnail","7":"category-famosos","8":"tag-hijo-de-valeria-mazza-brutal-golpiza","9":"tag-hijo-de-valeria-mazza-y-alejandro-gravier","10":"tag-tiziano-gravier"},"_links":{"self":[{"href":"https:\/\/www.cordobatimes.com\/showup\/wp-json\/wp\/v2\/posts\/94796","targetHints":{"allow":["GET"]}}],"collection":[{"href":"https:\/\/www.cordobatimes.com\/showup\/wp-json\/wp\/v2\/posts"}],"about":[{"href":"https:\/\/www.cordobatimes.com\/showup\/wp-json\/wp\/v2\/types\/post"}],"author":[{"embeddable":true,"href":"https:\/\/www.cordobatimes.com\/showup\/wp-json\/wp\/v2\/users\/1"}],"replies":[{"embeddable":true,"href":"https:\/\/www.cordobatimes.com\/showup\/wp-json\/wp\/v2\/comments?post=94796"}],"version-history":[{"count":0,"href":"https:\/\/www.cordobatimes.com\/showup\/wp-json\/wp\/v2\/posts\/94796\/revisions"}],"wp:featuredmedia":[{"embeddable":true,"href":"https:\/\/www.cordobatimes.com\/showup\/wp-json\/wp\/v2\/media\/94684"}],"wp:attachment":[{"href":"https:\/\/www.cordobatimes.com\/showup\/wp-json\/wp\/v2\/media?parent=94796"}],"wp:term":[{"taxonomy":"category","embeddable":true,"href":"https:\/\/www.cordobatimes.com\/showup\/wp-json\/wp\/v2\/categories?post=94796"},{"taxonomy":"post_tag","embeddable":true,"href":"https:\/\/www.cordobatimes.com\/showup\/wp-json\/wp\/v2\/tags?post=94796"}],"curies":[{"name":"wp","href":"https:\/\/api.w.org\/{rel}","templated":true}]}}