{"id":94772,"date":"2022-06-14T17:39:47","date_gmt":"2022-06-14T20:39:47","guid":{"rendered":"https:\/\/www.cordobatimes.com\/showup\/?p=94772"},"modified":"2022-06-14T17:39:47","modified_gmt":"2022-06-14T20:39:47","slug":"queen-estrenara-una-cancion-inedita-con-la-voz-de-freddie-mercury","status":"publish","type":"post","link":"https:\/\/www.cordobatimes.com\/showup\/musica\/2022\/06\/14\/queen-estrenara-una-cancion-inedita-con-la-voz-de-freddie-mercury\/","title":{"rendered":"Queen estrenar\u00e1 una canci\u00f3n in\u00e9dita con la voz de Freddie Mercury"},"content":{"rendered":"<h3><strong>Los integrantes de la banda, Brian May y Roger Taylor, encontraron una pista grabada durante las sesiones del \u00e1lbum The Miracle y piensan estrenarlo en el mes de septiembre de 2022<\/strong><\/h3>\n<p>Los integrantes originales y actualmente activos de la m\u00edtica banda de rock\u00a0QUEEN,\u00a0Brian May y Roger Taylor, dieron a conocer el estreno de una pista in\u00e9dita grabada con la voz de\u00a0Freddie Mercury, aparentemente pertenece a las sesiones correspondientes al disco\u00a0The Miracle,\u00a0la cual no fue integrada en el tracklist final del \u00e1lbum.<\/p>\n<p>Durante una entrevista realizada a\u00a0Taylor\u00a0\u00e9ste mencion\u00f3 que hab\u00edan olvidado la existencia de esa canci\u00f3n titulada\u00a0Face It Alone,\u00a0el baterista afirm\u00f3 que es realmente una maravilla, mientras que a su compa\u00f1ero le parec\u00eda una misi\u00f3n imposible el rescatar su contenido, sin embargo su equipo de ingenieros dijo que pod\u00edan rescatarlo con algunas modificaciones.<\/p>\n<p>Para el mes de\u00a0septiembre\u00a0se tiene contemplado el estreno de la pieza musical seg\u00fan la entrevista con\u00a0BBC Radio 2, se piensa que la elecci\u00f3n del mes no es aleatoria pues en esas fechas se conmemora el nacimiento de\u00a0Freddie Mercury.<\/p>\n<p>Es la segunda ocasi\u00f3n en que se revela un tema in\u00e9dito de\u00a0Mercury\u00a0pues en junio de 2019\u00a0Universal Music\u00a0p\u00fablico otra versi\u00f3n de\u00a0Time,\u00a0estrenada en 1985 y nuevamente lanzada en 2019 despu\u00e9s de dos a\u00f1os de que el m\u00fasico\u00a0Dave Clark\u00a0trabajara en restaurar la pista y public\u00e1ndola bajo el nuevo nombre de\u00a0Time Waits for No One, que tiene una duraci\u00f3n de tres minutos y medio y se puede apreciar \u00fanicamente la voz del vocalista en toda su extensi\u00f3n de rango vocal siendo acompa\u00f1ada de fondo con piano.<\/p>\n","protected":false},"excerpt":{"rendered":"<p>Los integrantes de la banda, Brian May y Roger Taylor, encontraron una pista grabada durante las sesiones del \u00e1lbum The Miracle y piensan estrenarlo en el mes de septiembre de 2022 Los integrantes originales y actualmente activos de la m\u00edtica banda de rock\u00a0QUEEN,\u00a0Brian May y Roger Taylor, dieron a conocer el estreno de una pista [&hellip;]<\/p>\n","protected":false},"author":1,"featured_media":94773,"comment_status":"closed","ping_status":"closed","sticky":false,"template":"","format":"standard","meta":{"_seopress_robots_primary_cat":"","_seopress_titles_title":"","_seopress_titles_desc":"","_seopress_robots_index":"","footnotes":""},"categories":[5],"tags":[35285,35282,35283,35284],"class_list":{"0":"post-94772","1":"post","2":"type-post","3":"status-publish","4":"format-standard","5":"has-post-thumbnail","7":"category-musica","8":"tag-cancion-inedita-album-the-miracle","9":"tag-cancion-inedita-con-la-voz-de-freddie-mercury","10":"tag-cancion-inedita-freddie-mercury","11":"tag-queen-cancion-inedita"},"_links":{"self":[{"href":"https:\/\/www.cordobatimes.com\/showup\/wp-json\/wp\/v2\/posts\/94772","targetHints":{"allow":["GET"]}}],"collection":[{"href":"https:\/\/www.cordobatimes.com\/showup\/wp-json\/wp\/v2\/posts"}],"about":[{"href":"https:\/\/www.cordobatimes.com\/showup\/wp-json\/wp\/v2\/types\/post"}],"author":[{"embeddable":true,"href":"https:\/\/www.cordobatimes.com\/showup\/wp-json\/wp\/v2\/users\/1"}],"replies":[{"embeddable":true,"href":"https:\/\/www.cordobatimes.com\/showup\/wp-json\/wp\/v2\/comments?post=94772"}],"version-history":[{"count":0,"href":"https:\/\/www.cordobatimes.com\/showup\/wp-json\/wp\/v2\/posts\/94772\/revisions"}],"wp:featuredmedia":[{"embeddable":true,"href":"https:\/\/www.cordobatimes.com\/showup\/wp-json\/wp\/v2\/media\/94773"}],"wp:attachment":[{"href":"https:\/\/www.cordobatimes.com\/showup\/wp-json\/wp\/v2\/media?parent=94772"}],"wp:term":[{"taxonomy":"category","embeddable":true,"href":"https:\/\/www.cordobatimes.com\/showup\/wp-json\/wp\/v2\/categories?post=94772"},{"taxonomy":"post_tag","embeddable":true,"href":"https:\/\/www.cordobatimes.com\/showup\/wp-json\/wp\/v2\/tags?post=94772"}],"curies":[{"name":"wp","href":"https:\/\/api.w.org\/{rel}","templated":true}]}}