{"id":94690,"date":"2022-06-10T11:01:21","date_gmt":"2022-06-10T14:01:21","guid":{"rendered":"https:\/\/www.cordobatimes.com\/showup\/?p=94690"},"modified":"2022-06-10T11:01:21","modified_gmt":"2022-06-10T14:01:21","slug":"la-presencia-argentina-en-primavera-sound-2022","status":"publish","type":"post","link":"https:\/\/www.cordobatimes.com\/showup\/musica\/2022\/06\/10\/la-presencia-argentina-en-primavera-sound-2022\/","title":{"rendered":"La presencia argentina en Primavera Sound 2022"},"content":{"rendered":"<h3><strong>Comenz\u00f3 la segunda semana del festival que se celebra en Barcelona.<\/strong><\/h3>\n<p>El mat\u00f3 a un polic\u00eda motorizado:\u00a0los platenses no estaban ah\u00ed de casualidad sino que son habitu\u00e9s del Primavera Sound original desde hace varios a\u00f1os. Este jueves tocaron en uno de los escenarios principales y pusieron a sonar algunos de sus temazos como \u201cM\u00e1s o menos bien\u201d, \u201cEl tesoro\u201d y \u201cChica de oro\u201d.<\/p>\n<p><img alt=\"\" loading=\"lazy\" decoding=\"async\" class=\"alignnone size-medium wp-image-94692\" src=\"https:\/\/www.cordobatimes.com\/showup\/wp-content\/uploads\/2022\/06\/Pantallazo-10-06-2022-10.46.11-645x420.jpg\" alt=\"\" width=\"645\" height=\"420\" srcset=\"https:\/\/www.cordobatimes.com\/showup\/wp-content\/uploads\/2022\/06\/Pantallazo-10-06-2022-10.46.11-645x420.jpg 645w, https:\/\/www.cordobatimes.com\/showup\/wp-content\/uploads\/2022\/06\/Pantallazo-10-06-2022-10.46.11-768x500.jpg 768w, https:\/\/www.cordobatimes.com\/showup\/wp-content\/uploads\/2022\/06\/Pantallazo-10-06-2022-10.46.11-696x453.jpg 696w, https:\/\/www.cordobatimes.com\/showup\/wp-content\/uploads\/2022\/06\/Pantallazo-10-06-2022-10.46.11.jpg 993w\" sizes=\"auto, (max-width: 645px) 100vw, 645px\" \/><\/p>\n<p>La otra argentina en esta jornada fue\u00a0Cazzu. Montada a su combo sexy de reggaet\u00f3n, trap y r&amp;b, present\u00f3 algunas de las canciones de su flamante disco\u00a0Nena Trampa, que son tan nuevas que ni la propia autora se las aprendi\u00f3 todav\u00eda. \u201cEsperen que no me la s\u00e9 muy bien, \u00a1va de nuevo!\u201d, pidi\u00f3 para frenar la pista cuando le pifi\u00f3 a la primera estrofa de \u201cMal\u00e9fica\u201d (\u201dEs una de mis favoritas del disco\u201d, hab\u00eda dicho).<\/p>\n<p>\u201cSoy de Argentina, tengo 28 a\u00f1os, en Tinder me encuentran como&#8230; Ah, no\u201d, brome\u00f3 y pregunt\u00f3 si les gustaba el trap. Con el \u201cs\u00ed\u201d multitudinario,\u00a0solt\u00f3 sus partes registradas en cl\u00e1sicos de la escena argentina, como \u201cLoca\u201d y \u201cTumbando el club\u201d. Pero al ver poco entusiasmo tras su interpretaci\u00f3n de la \u201cBZRP Music Session # 32\u2033, los apur\u00f3: \u201cA ustedes no les gusta tanto el trap\u201d y volvi\u00f3 al perreo con \u201cPa m\u00ed\u201d y \u201cNada\u201d.<\/p>\n<div style=\"width: 480px;\" class=\"wp-video\"><video class=\"wp-video-shortcode\" id=\"video-94690-1\" width=\"480\" height=\"854\" preload=\"metadata\" controls=\"controls\"><source type=\"video\/mp4\" src=\"https:\/\/www.cordobatimes.com\/showup\/wp-content\/uploads\/2022\/06\/unknown_D4413BA029732FCB97B776F7D52940BC_video_dashinit.mp4?_=1\" \/><a href=\"https:\/\/www.cordobatimes.com\/showup\/wp-content\/uploads\/2022\/06\/unknown_D4413BA029732FCB97B776F7D52940BC_video_dashinit.mp4\">https:\/\/www.cordobatimes.com\/showup\/wp-content\/uploads\/2022\/06\/unknown_D4413BA029732FCB97B776F7D52940BC_video_dashinit.mp4<\/a><\/video><\/div>\n<p><img alt=\"\" loading=\"lazy\" decoding=\"async\" class=\"alignnone wp-image-94694 size-full\" src=\"https:\/\/www.cordobatimes.com\/showup\/wp-content\/uploads\/2022\/06\/unknown_287499492_1207589019977275_6051782700668225008_n.jpg\" alt=\"\" width=\"750\" height=\"1333\" srcset=\"https:\/\/www.cordobatimes.com\/showup\/wp-content\/uploads\/2022\/06\/unknown_287499492_1207589019977275_6051782700668225008_n.jpg 750w, https:\/\/www.cordobatimes.com\/showup\/wp-content\/uploads\/2022\/06\/unknown_287499492_1207589019977275_6051782700668225008_n-236x420.jpg 236w, https:\/\/www.cordobatimes.com\/showup\/wp-content\/uploads\/2022\/06\/unknown_287499492_1207589019977275_6051782700668225008_n-576x1024.jpg 576w, https:\/\/www.cordobatimes.com\/showup\/wp-content\/uploads\/2022\/06\/unknown_287499492_1207589019977275_6051782700668225008_n-696x1237.jpg 696w\" sizes=\"auto, (max-width: 750px) 100vw, 750px\" \/><\/p>\n","protected":false},"excerpt":{"rendered":"<p>Comenz\u00f3 la segunda semana del festival que se celebra en Barcelona. El mat\u00f3 a un polic\u00eda motorizado:\u00a0los platenses no estaban ah\u00ed de casualidad sino que son habitu\u00e9s del Primavera Sound original desde hace varios a\u00f1os. Este jueves tocaron en uno de los escenarios principales y pusieron a sonar algunos de sus temazos como \u201cM\u00e1s o [&hellip;]<\/p>\n","protected":false},"author":1,"featured_media":94691,"comment_status":"closed","ping_status":"closed","sticky":false,"template":"","format":"standard","meta":{"_seopress_robots_primary_cat":"","_seopress_titles_title":"","_seopress_titles_desc":"","_seopress_robots_index":"","footnotes":""},"categories":[5],"tags":[35259,35260,35261],"class_list":{"0":"post-94690","1":"post","2":"type-post","3":"status-publish","4":"format-standard","5":"has-post-thumbnail","7":"category-musica","8":"tag-primavera-sound-2022","9":"tag-primavera-sound-2022-cazzu","10":"tag-primavera-sound-2022-el-mato-a-un-policia-motorizado"},"_links":{"self":[{"href":"https:\/\/www.cordobatimes.com\/showup\/wp-json\/wp\/v2\/posts\/94690","targetHints":{"allow":["GET"]}}],"collection":[{"href":"https:\/\/www.cordobatimes.com\/showup\/wp-json\/wp\/v2\/posts"}],"about":[{"href":"https:\/\/www.cordobatimes.com\/showup\/wp-json\/wp\/v2\/types\/post"}],"author":[{"embeddable":true,"href":"https:\/\/www.cordobatimes.com\/showup\/wp-json\/wp\/v2\/users\/1"}],"replies":[{"embeddable":true,"href":"https:\/\/www.cordobatimes.com\/showup\/wp-json\/wp\/v2\/comments?post=94690"}],"version-history":[{"count":0,"href":"https:\/\/www.cordobatimes.com\/showup\/wp-json\/wp\/v2\/posts\/94690\/revisions"}],"wp:featuredmedia":[{"embeddable":true,"href":"https:\/\/www.cordobatimes.com\/showup\/wp-json\/wp\/v2\/media\/94691"}],"wp:attachment":[{"href":"https:\/\/www.cordobatimes.com\/showup\/wp-json\/wp\/v2\/media?parent=94690"}],"wp:term":[{"taxonomy":"category","embeddable":true,"href":"https:\/\/www.cordobatimes.com\/showup\/wp-json\/wp\/v2\/categories?post=94690"},{"taxonomy":"post_tag","embeddable":true,"href":"https:\/\/www.cordobatimes.com\/showup\/wp-json\/wp\/v2\/tags?post=94690"}],"curies":[{"name":"wp","href":"https:\/\/api.w.org\/{rel}","templated":true}]}}