{"id":94683,"date":"2022-06-10T09:49:44","date_gmt":"2022-06-10T12:49:44","guid":{"rendered":"https:\/\/www.cordobatimes.com\/showup\/?p=94683"},"modified":"2022-06-10T09:49:44","modified_gmt":"2022-06-10T12:49:44","slug":"valeria-mazza-hablo-luego-del-alta-a-su-hijo-tiziano","status":"publish","type":"post","link":"https:\/\/www.cordobatimes.com\/showup\/tv\/2022\/06\/10\/valeria-mazza-hablo-luego-del-alta-a-su-hijo-tiziano\/","title":{"rendered":"Valeria Mazza habl\u00f3 luego del alta a su hijo Tiziano"},"content":{"rendered":"<h3><strong>La modelo manifest\u00f3 su alivio al dialogar con la prensa en la puerta del Hospital Universitario Austral y reflexion\u00f3 sobre la agresi\u00f3n que sufri\u00f3 el joven a la salida de un boliche de Rosario<\/strong><\/h3>\n<p>A poco m\u00e1s de 24 horas de haber sido operado, Tiziano Gravier\u00a0fue dado del alta en la noche del jueves. El joven de 20 a\u00f1os, hijo de\u00a0Valeria Mazza y Alejandro Gravier, fue intervenido quir\u00fargicamente en el\u00a0Hospital Universitario Austral\u00a0luego de haber sufrido una fractura de mand\u00edbula tras ser atacado a golpes a la salida de un boliche en la ciudad de Rosario. La noticia la inform\u00f3 la propia modelo, que se acerc\u00f3 a hablar con la prensa para contar las novedades de su hijo.<\/p>\n<p>\u201cPor una semana m\u00e1s tiene que tomar los medicamentos, calmantes, antiinflamatorios, antibi\u00f3ticos, el lunes tiene que ver al cirujano para ver c\u00f3mo avanza la operaci\u00f3n, y ver el tema de los puntos\u201d, se\u00f1al\u00f3 Valeria. Tambi\u00e9n inform\u00f3 que adem\u00e1s de las placas de titanio que le colocaron en la zona afectada, tiene cuatro tornillos y unas gomitas para controlar que no haya movimiento y para relajar los m\u00fasculos.<\/p>\n<p>En relaci\u00f3n al alta, manifest\u00f3: \u201cSiento m\u00e1s alivio desde que pas\u00f3 la operaci\u00f3n y al verlo a \u00e9l mejorando hora a hora. Me siento m\u00e1s aliviada, no veo la hora de llegar a casa y que estemos los seis juntos. Necesito unos cuantos d\u00edas de nido lleno y de calor de familia\u201d, se\u00f1al\u00f3 la modelo, que relat\u00f3 c\u00f3mo pasaron los \u00faltimos d\u00edas, desde que se enteraron del hecho.<\/p>\n<p>Pasamos diferentes estad\u00edos en estos d\u00edas, primero la conmoci\u00f3n de recibir el llamado en la madrugada, el fantasma que tenemos los padres cuando salen los hijos\u201d, afirm\u00f3. Y continu\u00f3: \u201cCon Alejandro reaccionamos r\u00e1pido llegamos al lugar e\u00a0hicimos todo lo que ten\u00edamos que hacer para poner a salvo a nuestros hijos y atender a Tiziano que estaba malherido. Y a partir de all\u00ed nos pusimos en manos de los m\u00e9dicos\u201d.<\/p>\n<p>En el plano personal, relat\u00f3 que \u201cel domingo estaba muy expeditiva y concentrada en mi hijo, pero el lunes me desmoron\u00e9 completamente, estuve llorando todo el d\u00eda, pensando en lo que podr\u00eda haber pasado\u201d. Y comparti\u00f3 una reflexi\u00f3n: \u201cFue una trompada a toda la sociedad, a todos los que somos padres, es algo que no puede pasar. No estoy enojada, no siento ganas de venganza, siento que no puede seguir pasando. Ya que le pas\u00f3 a un hijo m\u00edo y tuvo repercusi\u00f3n,\u00a0que lo usemos para que sea un \u2018basta\u2019. No puede ser que no podamos salir a la calle tranquilos, que nuestros hijos no puedan divertirse, as\u00ed no vamos a ning\u00fan lado\u201d, sentenci\u00f3.<\/p>\n<p><iframe loading=\"lazy\" title=\"YouTube video player\" src=\"https:\/\/www.youtube.com\/embed\/OtocI1_b_6o\" width=\"560\" height=\"315\" frameborder=\"0\" allowfullscreen=\"allowfullscreen\"><\/iframe><\/p>\n","protected":false},"excerpt":{"rendered":"<p>La modelo manifest\u00f3 su alivio al dialogar con la prensa en la puerta del Hospital Universitario Austral y reflexion\u00f3 sobre la agresi\u00f3n que sufri\u00f3 el joven a la salida de un boliche de Rosario A poco m\u00e1s de 24 horas de haber sido operado, Tiziano Gravier\u00a0fue dado del alta en la noche del jueves. El [&hellip;]<\/p>\n","protected":false},"author":1,"featured_media":94684,"comment_status":"closed","ping_status":"closed","sticky":false,"template":"","format":"standard","meta":{"_seopress_robots_primary_cat":"","_seopress_titles_title":"","_seopress_titles_desc":"","_seopress_robots_index":"","footnotes":""},"categories":[2],"tags":[35232,35233,35256,35248,35234,28868],"class_list":{"0":"post-94683","1":"post","2":"type-post","3":"status-publish","4":"format-standard","5":"has-post-thumbnail","7":"category-tv","8":"tag-hijo-de-valeria-mazza-brutal-golpiza","9":"tag-hijo-de-valeria-mazza-tiziano-gravier","10":"tag-hijo-de-valeria-mazza-y-alejandro-gravier","11":"tag-operacion-de-tiziano-gravier","12":"tag-tiziano-gravier","13":"tag-valeria-mazza-y-alejandro-gravier"},"_links":{"self":[{"href":"https:\/\/www.cordobatimes.com\/showup\/wp-json\/wp\/v2\/posts\/94683","targetHints":{"allow":["GET"]}}],"collection":[{"href":"https:\/\/www.cordobatimes.com\/showup\/wp-json\/wp\/v2\/posts"}],"about":[{"href":"https:\/\/www.cordobatimes.com\/showup\/wp-json\/wp\/v2\/types\/post"}],"author":[{"embeddable":true,"href":"https:\/\/www.cordobatimes.com\/showup\/wp-json\/wp\/v2\/users\/1"}],"replies":[{"embeddable":true,"href":"https:\/\/www.cordobatimes.com\/showup\/wp-json\/wp\/v2\/comments?post=94683"}],"version-history":[{"count":0,"href":"https:\/\/www.cordobatimes.com\/showup\/wp-json\/wp\/v2\/posts\/94683\/revisions"}],"wp:featuredmedia":[{"embeddable":true,"href":"https:\/\/www.cordobatimes.com\/showup\/wp-json\/wp\/v2\/media\/94684"}],"wp:attachment":[{"href":"https:\/\/www.cordobatimes.com\/showup\/wp-json\/wp\/v2\/media?parent=94683"}],"wp:term":[{"taxonomy":"category","embeddable":true,"href":"https:\/\/www.cordobatimes.com\/showup\/wp-json\/wp\/v2\/categories?post=94683"},{"taxonomy":"post_tag","embeddable":true,"href":"https:\/\/www.cordobatimes.com\/showup\/wp-json\/wp\/v2\/tags?post=94683"}],"curies":[{"name":"wp","href":"https:\/\/api.w.org\/{rel}","templated":true}]}}