{"id":94679,"date":"2022-06-09T19:53:54","date_gmt":"2022-06-09T22:53:54","guid":{"rendered":"https:\/\/www.cordobatimes.com\/showup\/?p=94679"},"modified":"2022-06-09T19:53:54","modified_gmt":"2022-06-09T22:53:54","slug":"alejandro-gravier-conto-como-esta-de-salud-su-hijo-tiziano-y-detallo-como-sera-el-postoperatorio","status":"publish","type":"post","link":"https:\/\/www.cordobatimes.com\/showup\/famosos\/2022\/06\/09\/alejandro-gravier-conto-como-esta-de-salud-su-hijo-tiziano-y-detallo-como-sera-el-postoperatorio\/","title":{"rendered":"Alejandro Gravier cont\u00f3 c\u00f3mo est\u00e1 de salud su hijo Tiziano y detall\u00f3 c\u00f3mo ser\u00e1 el postoperatorio"},"content":{"rendered":"<h3><strong>El empresario tambi\u00e9n revel\u00f3 c\u00f3mo fue el momento en el que se enteraron de la agresi\u00f3n en plena madrugada<\/strong><\/h3>\n<p>Luego del\u00a0salvaje ataque que sufri\u00f3\u00a0Tiziano Gravier\u00a0a la salida de un boliche en Rosario, y su posterior\u00a0operaci\u00f3n en el Hospital Austral,\u00a0Alejandro Gravier\u00a0volvi\u00f3 a referirse al estado de salud de su hijo, que sigue recuper\u00e1ndose, y tambi\u00e9n cont\u00f3 m\u00e1s detalles de ese lamentable episodio.<\/p>\n<p>\u201cEse d\u00eda era el cumplea\u00f1os de la mam\u00e1 de Vale, est\u00e1bamos de festejo ese fin de semana. Los chicos hab\u00edan llegado ese s\u00e1bado a la tarde. despu\u00e9s Tizi y Beni fueron a buscar a esas amigas y nosotros nos fuimos a dormir\u201d, comenz\u00f3 relatando en un m\u00f3vil con\u00a0Intrusos, sobre el d\u00eda de la agresi\u00f3n.<\/p>\n<p>Y continu\u00f3: \u201cEst\u00e1bamos durmiendo cuando nos llamaron por tel\u00e9fono, fue un llamado de las 4, 5 de la ma\u00f1ana que no quer\u00e9s recibir como padre. Nos pidieron que los vayamos a buscar, est\u00e1bamos a unas 12 cuadras, est\u00e1bamos en shock. ellos corrieron por avenidas, y llegamos. Ah\u00ed Tizi nos dijo que pensaba que ten\u00eda rota la mand\u00edbula. Ten\u00eda sangre al costado de la boca, fuimos directo al medico\u201d.<\/p>\n<p>En ese sentido detall\u00f3: \u201cFuimos al Sanatorio Brit\u00e1nico, y en dos horas y media ten\u00edamos las radiograf\u00edas y tomograf\u00edas hechas, donde se ve\u00eda que\u00a0ten\u00eda fractura de mand\u00edbula y cuando vino el m\u00e9dico a las 9 de la ma\u00f1ana, nos dijo que hab\u00eda un peque\u00f1o desplazamiento\u201d.<\/p>\n<p>\u201cLo que tendr\u00edamos que empezar a conversar en una mesa es el tema de la violencia, no solo f\u00edsica, hay verbal, vivimos en una sociedad que todos estamos agredi\u00e9ndonos permanentemente. pareciera que no nos podemos sentar en una mesa dos personas que pensamos distinto\u201d, se lament\u00f3.<\/p>\n<p>Y se refiri\u00f3 al estado de la causa: \u201cHabl\u00e9 con mis abogados, prefiero no entrar en ese tema. En este caso, tenemos un video que estamos viendo todos, no hay mucho para opinar.\u00a0Nosotros como familia buscamos estar unidos y que este tipo de cosas no nos pasen. Podr\u00eda ser nuestro hijo, pero podr\u00eda ser el de cualquiera. Es un chico argentino, en cualquier ciudad, porque no es solo Rosario, lo que hay que lograr como sociedad es que estas cosas no pasen\u201d.<\/p>\n<p>\u201c\u00bfQuieren que los agresores est\u00e9n presos?\u201d, le pregunt\u00f3 Florencia de la V. A lo que Gravier respondi\u00f3: \u201cNo,\u00a0nosotros no queremos nada, la Justicia es la que tiene que actuar, cuando pasan estas cosas ten\u00e9s tres alternativas: una no hac\u00e9s nada, pero hay que denunciar; otra es actuar como un loco, que tampoco los extremos no son buenos; y otra es hacer la denuncia y esperar a ver c\u00f3mo act\u00faa la justicia\u201d.<\/p>\n<p>Por otra parte, se refiri\u00f3 a la salud de Tiziano: \u201cNo puede hablar, yo no estuve hoy pero s\u00e9 que durmi\u00f3 mas o menos, d\u00eda a d\u00eda siempre va a estar mejor.\u00a0Lo que se ve, es lo del video. lo agreden sin decirle nada, tambi\u00e9n a Benicio. Es una agresi\u00f3n desmesurada, traicionera. Todo lo hemos visto y hasta hoy sabemos todos lo mismo.\u00a0Al principio \u00e9l me dec\u00eda: \u00b4yo no hice nada, por qu\u00e9?\u00b4\u201d.<\/p>\n<p>En tanto, tambi\u00e9n cont\u00f3 fue la reacci\u00f3n de Benicio. \u201cSi vos ves el video, tampoco ve cuando le pegan al hermano porque viene adelante, el escucha que le gritan \u00b4tincho\u00b4, atina a defenderse, se mete detr\u00e1s de un auto y ah\u00ed Tiziano lo saca de ese lugar y se van, no contestaron con una agresi\u00f3n\u201d. \u201cOtro tema importante es que agreden con e m\u00f3vil de la polic\u00eda ah\u00ed, eso habla de la impunidad con la que se manejan\u201d, se\u00f1al\u00f3.<\/p>\n<p>Y cont\u00f3 si cree que su hijo volver\u00e1 a salir de noche: \u201cEstamos en un momento de shock, primero que se recupere Tizi, me gustar\u00eda que se instale la discusi\u00f3n profunda y cultural, que podamos aportar un granito de arena a mejorarnos como sociedad. Si nadie hace nada, la agresi\u00f3n sube, hay que frenar este tipo de cosas. La educaci\u00f3n viene de arriba hacia abajo, tu hijo no te educa. El padre de la patria son nuestros dirigentes, y si ellos se agreden, transmiten una agresi\u00f3n que despu\u00e9s se repite\u201d.<\/p>\n<p>Por \u00faltimo, coment\u00f3 c\u00f3mo est\u00e1 hoy Valeria y c\u00f3mo ser\u00e1 el postoperatorio. \u201cEstuvo acompa\u00f1\u00e1ndolo permanentemente, es una madraza. Si Dios quiere, le den el alta hoy a ultima hora y ya ella va a poder hablar. El post operatorio en principio no puede comer, hay que intentar que no se infecte la boca. Los primeros diez d\u00edas tiene que tomar l\u00edquido constante, y despu\u00e9s intentar volver poco a poco a la normalidad, imagin\u00e1bamos que ser\u00e1n entre 60 y 90 d\u00edas. \u00c9l es un chico bastante fuerte y va a tratar de volver lo antes posible\u201d.<\/p>\n","protected":false},"excerpt":{"rendered":"<p>El empresario tambi\u00e9n revel\u00f3 c\u00f3mo fue el momento en el que se enteraron de la agresi\u00f3n en plena madrugada Luego del\u00a0salvaje ataque que sufri\u00f3\u00a0Tiziano Gravier\u00a0a la salida de un boliche en Rosario, y su posterior\u00a0operaci\u00f3n en el Hospital Austral,\u00a0Alejandro Gravier\u00a0volvi\u00f3 a referirse al estado de salud de su hijo, que sigue recuper\u00e1ndose, y tambi\u00e9n cont\u00f3 [&hellip;]<\/p>\n","protected":false},"author":1,"featured_media":94680,"comment_status":"closed","ping_status":"closed","sticky":false,"template":"","format":"standard","meta":{"_seopress_robots_primary_cat":"","_seopress_titles_title":"","_seopress_titles_desc":"","_seopress_robots_index":"","footnotes":""},"categories":[4],"tags":[35233,35248,35247,35234],"class_list":{"0":"post-94679","1":"post","2":"type-post","3":"status-publish","4":"format-standard","5":"has-post-thumbnail","7":"category-famosos","8":"tag-hijo-de-valeria-mazza-tiziano-gravier","9":"tag-operacion-de-tiziano-gravier","10":"tag-parte-medico-de-tiziano-gravier","11":"tag-tiziano-gravier"},"_links":{"self":[{"href":"https:\/\/www.cordobatimes.com\/showup\/wp-json\/wp\/v2\/posts\/94679","targetHints":{"allow":["GET"]}}],"collection":[{"href":"https:\/\/www.cordobatimes.com\/showup\/wp-json\/wp\/v2\/posts"}],"about":[{"href":"https:\/\/www.cordobatimes.com\/showup\/wp-json\/wp\/v2\/types\/post"}],"author":[{"embeddable":true,"href":"https:\/\/www.cordobatimes.com\/showup\/wp-json\/wp\/v2\/users\/1"}],"replies":[{"embeddable":true,"href":"https:\/\/www.cordobatimes.com\/showup\/wp-json\/wp\/v2\/comments?post=94679"}],"version-history":[{"count":0,"href":"https:\/\/www.cordobatimes.com\/showup\/wp-json\/wp\/v2\/posts\/94679\/revisions"}],"wp:featuredmedia":[{"embeddable":true,"href":"https:\/\/www.cordobatimes.com\/showup\/wp-json\/wp\/v2\/media\/94680"}],"wp:attachment":[{"href":"https:\/\/www.cordobatimes.com\/showup\/wp-json\/wp\/v2\/media?parent=94679"}],"wp:term":[{"taxonomy":"category","embeddable":true,"href":"https:\/\/www.cordobatimes.com\/showup\/wp-json\/wp\/v2\/categories?post=94679"},{"taxonomy":"post_tag","embeddable":true,"href":"https:\/\/www.cordobatimes.com\/showup\/wp-json\/wp\/v2\/tags?post=94679"}],"curies":[{"name":"wp","href":"https:\/\/api.w.org\/{rel}","templated":true}]}}