{"id":94674,"date":"2022-06-09T19:35:57","date_gmt":"2022-06-09T22:35:57","guid":{"rendered":"https:\/\/www.cordobatimes.com\/showup\/?p=94674"},"modified":"2022-06-09T19:35:57","modified_gmt":"2022-06-09T22:35:57","slug":"rodrigo-de-paul-compartio-su-primera-foto-con-tini-stoessel","status":"publish","type":"post","link":"https:\/\/www.cordobatimes.com\/showup\/famosos\/2022\/06\/09\/rodrigo-de-paul-compartio-su-primera-foto-con-tini-stoessel\/","title":{"rendered":"Rodrigo de Paul comparti\u00f3 su primera foto con Tini Stoessel"},"content":{"rendered":"<h3><strong>El futbolista de la selecci\u00f3n argentina se mostr\u00f3 junto a la cantante mientras disfruta de sus vacaciones<\/strong><\/h3>\n<p>Este jueves Rodrigo de Paul public\u00f3 en su cuenta de Instagram la primera imagen junto a su novia, Tini Stoessel, con quien comenz\u00f3 una relaci\u00f3n hace algunos meses y, pese a que ya no ocultan su amor, a\u00fan no hab\u00edan compartido im\u00e1genes juntos. El futbolista de la selecci\u00f3n argentina se encuentra de vacaciones tras ganar la Finalissima ante Italia y aprovech\u00f3 entonces para encontrarse con la artista.<\/p>\n<p>\u201cBuen d\u00eda\u201d, escribi\u00f3 el mediocampista de Atl\u00e9tico de Madrid en la historia que public\u00f3 y en la que\u00a0se ve una mano con u\u00f1as rosas sosteniendo un mate. Adem\u00e1s, agreg\u00f3 que la fotograf\u00eda fue tomada en Buenos Aires. Si bien r\u00e1pidamente se dedujo que la mano era de\u00a0Tini, lo que lo confirm\u00f3 fue otra historia que comparti\u00f3 la cantante.<\/p>\n<p><img alt=\"\" loading=\"lazy\" decoding=\"async\" class=\"alignnone wp-image-94676 size-full\" src=\"https:\/\/www.cordobatimes.com\/showup\/wp-content\/uploads\/2022\/06\/unknown_286734166_504314944817135_1773327976962814932_n.jpg\" alt=\"\" width=\"750\" height=\"1333\" srcset=\"https:\/\/www.cordobatimes.com\/showup\/wp-content\/uploads\/2022\/06\/unknown_286734166_504314944817135_1773327976962814932_n.jpg 750w, https:\/\/www.cordobatimes.com\/showup\/wp-content\/uploads\/2022\/06\/unknown_286734166_504314944817135_1773327976962814932_n-236x420.jpg 236w, https:\/\/www.cordobatimes.com\/showup\/wp-content\/uploads\/2022\/06\/unknown_286734166_504314944817135_1773327976962814932_n-576x1024.jpg 576w, https:\/\/www.cordobatimes.com\/showup\/wp-content\/uploads\/2022\/06\/unknown_286734166_504314944817135_1773327976962814932_n-696x1237.jpg 696w\" sizes=\"auto, (max-width: 750px) 100vw, 750px\" \/><\/p>\n<p>La Triple T\u00a0hab\u00eda anunciad poco antes en un video que en su pr\u00f3xima gira pasar\u00e1 por Espa\u00f1a, el 25 de septiembre estar\u00e1 en Madrid, y que las entradas para ese show ya est\u00e1n a la venta.\u00a0En esa publicaci\u00f3n se ve el trabajo con esmalte rosa sobre las u\u00f1as de la joven artista y queda claro entonces que la mano que sostiene el mate de De Paul es suya.<\/p>\n<div style=\"width: 480px;\" class=\"wp-video\"><video class=\"wp-video-shortcode\" id=\"video-94674-1\" width=\"480\" height=\"854\" preload=\"metadata\" controls=\"controls\"><source type=\"video\/mp4\" src=\"https:\/\/www.cordobatimes.com\/showup\/wp-content\/uploads\/2022\/06\/unknown_E942E56AACE1227FDFD8BC3B519449B1_video_dashinit.mp4?_=1\" \/><a href=\"https:\/\/www.cordobatimes.com\/showup\/wp-content\/uploads\/2022\/06\/unknown_E942E56AACE1227FDFD8BC3B519449B1_video_dashinit.mp4\">https:\/\/www.cordobatimes.com\/showup\/wp-content\/uploads\/2022\/06\/unknown_E942E56AACE1227FDFD8BC3B519449B1_video_dashinit.mp4<\/a><\/video><\/div>\n","protected":false},"excerpt":{"rendered":"<p>El futbolista de la selecci\u00f3n argentina se mostr\u00f3 junto a la cantante mientras disfruta de sus vacaciones Este jueves Rodrigo de Paul public\u00f3 en su cuenta de Instagram la primera imagen junto a su novia, Tini Stoessel, con quien comenz\u00f3 una relaci\u00f3n hace algunos meses y, pese a que ya no ocultan su amor, a\u00fan [&hellip;]<\/p>\n","protected":false},"author":1,"featured_media":94675,"comment_status":"closed","ping_status":"closed","sticky":false,"template":"","format":"standard","meta":{"_seopress_robots_primary_cat":"","_seopress_titles_title":"","_seopress_titles_desc":"","_seopress_robots_index":"","footnotes":""},"categories":[4],"tags":[35031,35255],"class_list":{"0":"post-94674","1":"post","2":"type-post","3":"status-publish","4":"format-standard","5":"has-post-thumbnail","7":"category-famosos","8":"tag-tini-stoessel-y-rodrigo-de-paul","9":"tag-tini-stoessel-y-rodrigo-de-paul-fotos"},"_links":{"self":[{"href":"https:\/\/www.cordobatimes.com\/showup\/wp-json\/wp\/v2\/posts\/94674","targetHints":{"allow":["GET"]}}],"collection":[{"href":"https:\/\/www.cordobatimes.com\/showup\/wp-json\/wp\/v2\/posts"}],"about":[{"href":"https:\/\/www.cordobatimes.com\/showup\/wp-json\/wp\/v2\/types\/post"}],"author":[{"embeddable":true,"href":"https:\/\/www.cordobatimes.com\/showup\/wp-json\/wp\/v2\/users\/1"}],"replies":[{"embeddable":true,"href":"https:\/\/www.cordobatimes.com\/showup\/wp-json\/wp\/v2\/comments?post=94674"}],"version-history":[{"count":0,"href":"https:\/\/www.cordobatimes.com\/showup\/wp-json\/wp\/v2\/posts\/94674\/revisions"}],"wp:featuredmedia":[{"embeddable":true,"href":"https:\/\/www.cordobatimes.com\/showup\/wp-json\/wp\/v2\/media\/94675"}],"wp:attachment":[{"href":"https:\/\/www.cordobatimes.com\/showup\/wp-json\/wp\/v2\/media?parent=94674"}],"wp:term":[{"taxonomy":"category","embeddable":true,"href":"https:\/\/www.cordobatimes.com\/showup\/wp-json\/wp\/v2\/categories?post=94674"},{"taxonomy":"post_tag","embeddable":true,"href":"https:\/\/www.cordobatimes.com\/showup\/wp-json\/wp\/v2\/tags?post=94674"}],"curies":[{"name":"wp","href":"https:\/\/api.w.org\/{rel}","templated":true}]}}