{"id":94669,"date":"2022-06-09T18:23:05","date_gmt":"2022-06-09T21:23:05","guid":{"rendered":"https:\/\/www.cordobatimes.com\/showup\/?p=94669"},"modified":"2022-06-09T18:23:05","modified_gmt":"2022-06-09T21:23:05","slug":"lionel-messi-filmo-un-capitulo-de-la-serie-los-protectores","status":"publish","type":"post","link":"https:\/\/www.cordobatimes.com\/showup\/cine-y-series\/2022\/06\/09\/lionel-messi-filmo-un-capitulo-de-la-serie-los-protectores\/","title":{"rendered":"Lionel Messi film\u00f3 un cap\u00edtulo de la serie Los protectores"},"content":{"rendered":"<h3><strong>Adri\u00e1n Suar, Gustavo Berm\u00fadez y Andr\u00e9s Parra viajaron a Francia exclusivamente para rodar con el astro argentino un episodio de la segunda temporada de la ficci\u00f3n.<\/strong><\/h3>\n<p>Finaliz\u00f3 la producci\u00f3n de la segunda temporada de\u00a0Los protectores, la comedia protagonizada por\u00a0Adri\u00e1n Suar, Andr\u00e9s Parra y Gustavo Berm\u00fadez\u00a0para\u00a0Star +.\u00a0Mart\u00edn Seefeld, Jorgelina Aruzzi, Gast\u00f3n Soffritti y Karina Mazzocco\u00a0completan el elenco de la serie escrita por Marcos Carnevale, dirigida por Jorge Nisco y realizada por Polka cuyo estreno est\u00e1 previsto para 2023.<\/p>\n<p>Esta nueva temporada retoma la historia del tr\u00edo de representantes de jugadores de f\u00fatbol compuesto por\u00a0Renzo Mago Magoya, Reynaldo Colombia Mor\u00e1n\u00a0y\u00a0Carlos Conde Mendiz\u00e1bal\u00a0junto a nuevos personajes invitados y como\u00a0Lionel Messi, quien debut\u00f3 en su rol de actor y para lo cual los protagonistas viajaron especialmente a filmar a Par\u00eds, en donde est\u00e1 viviendo el actual jugador del club PSG.<\/p>\n<p><img alt=\"\" loading=\"lazy\" decoding=\"async\" class=\"alignnone size-medium wp-image-94671\" src=\"https:\/\/www.cordobatimes.com\/showup\/wp-content\/uploads\/2022\/06\/Pantallazo-09-06-2022-18.13.25-640x420.jpg\" alt=\"\" width=\"640\" height=\"420\" srcset=\"https:\/\/www.cordobatimes.com\/showup\/wp-content\/uploads\/2022\/06\/Pantallazo-09-06-2022-18.13.25-640x420.jpg 640w, https:\/\/www.cordobatimes.com\/showup\/wp-content\/uploads\/2022\/06\/Pantallazo-09-06-2022-18.13.25-696x457.jpg 696w, https:\/\/www.cordobatimes.com\/showup\/wp-content\/uploads\/2022\/06\/Pantallazo-09-06-2022-18.13.25-741x486.jpg 741w, https:\/\/www.cordobatimes.com\/showup\/wp-content\/uploads\/2022\/06\/Pantallazo-09-06-2022-18.13.25.jpg 757w\" sizes=\"auto, (max-width: 640px) 100vw, 640px\" \/> <img alt=\"\" loading=\"lazy\" decoding=\"async\" class=\"alignnone size-medium wp-image-94672\" src=\"https:\/\/www.cordobatimes.com\/showup\/wp-content\/uploads\/2022\/06\/Pantallazo-09-06-2022-18.14.05-617x420.jpg\" alt=\"\" width=\"617\" height=\"420\" srcset=\"https:\/\/www.cordobatimes.com\/showup\/wp-content\/uploads\/2022\/06\/Pantallazo-09-06-2022-18.14.05-617x420.jpg 617w, https:\/\/www.cordobatimes.com\/showup\/wp-content\/uploads\/2022\/06\/Pantallazo-09-06-2022-18.14.05-696x474.jpg 696w, https:\/\/www.cordobatimes.com\/showup\/wp-content\/uploads\/2022\/06\/Pantallazo-09-06-2022-18.14.05.jpg 743w\" sizes=\"auto, (max-width: 617px) 100vw, 617px\" \/><\/p>\n<p><iframe loading=\"lazy\" width=\"560\" height=\"315\" src=\"https:\/\/www.youtube.com\/embed\/AoXz1NRE_TE\" title=\"YouTube video player\" frameborder=\"0\" allow=\"accelerometer; autoplay; clipboard-write; encrypted-media; gyroscope; picture-in-picture\" allowfullscreen><\/iframe><\/p>\n","protected":false},"excerpt":{"rendered":"<p>Adri\u00e1n Suar, Gustavo Berm\u00fadez y Andr\u00e9s Parra viajaron a Francia exclusivamente para rodar con el astro argentino un episodio de la segunda temporada de la ficci\u00f3n. Finaliz\u00f3 la producci\u00f3n de la segunda temporada de\u00a0Los protectores, la comedia protagonizada por\u00a0Adri\u00e1n Suar, Andr\u00e9s Parra y Gustavo Berm\u00fadez\u00a0para\u00a0Star +.\u00a0Mart\u00edn Seefeld, Jorgelina Aruzzi, Gast\u00f3n Soffritti y Karina Mazzocco\u00a0completan el [&hellip;]<\/p>\n","protected":false},"author":1,"featured_media":94670,"comment_status":"closed","ping_status":"closed","sticky":false,"template":"","format":"standard","meta":{"_seopress_robots_primary_cat":"","_seopress_titles_title":"","_seopress_titles_desc":"","_seopress_robots_index":"","footnotes":""},"categories":[3],"tags":[35253,35251,35254,35252],"class_list":{"0":"post-94669","1":"post","2":"type-post","3":"status-publish","4":"format-standard","5":"has-post-thumbnail","7":"category-cine-y-series","8":"tag-lionel-messi-los-protectores","9":"tag-lionel-messi-serie-los-protectores","10":"tag-lionel-messi-star-plus","11":"tag-serie-los-protectores"},"_links":{"self":[{"href":"https:\/\/www.cordobatimes.com\/showup\/wp-json\/wp\/v2\/posts\/94669","targetHints":{"allow":["GET"]}}],"collection":[{"href":"https:\/\/www.cordobatimes.com\/showup\/wp-json\/wp\/v2\/posts"}],"about":[{"href":"https:\/\/www.cordobatimes.com\/showup\/wp-json\/wp\/v2\/types\/post"}],"author":[{"embeddable":true,"href":"https:\/\/www.cordobatimes.com\/showup\/wp-json\/wp\/v2\/users\/1"}],"replies":[{"embeddable":true,"href":"https:\/\/www.cordobatimes.com\/showup\/wp-json\/wp\/v2\/comments?post=94669"}],"version-history":[{"count":0,"href":"https:\/\/www.cordobatimes.com\/showup\/wp-json\/wp\/v2\/posts\/94669\/revisions"}],"wp:featuredmedia":[{"embeddable":true,"href":"https:\/\/www.cordobatimes.com\/showup\/wp-json\/wp\/v2\/media\/94670"}],"wp:attachment":[{"href":"https:\/\/www.cordobatimes.com\/showup\/wp-json\/wp\/v2\/media?parent=94669"}],"wp:term":[{"taxonomy":"category","embeddable":true,"href":"https:\/\/www.cordobatimes.com\/showup\/wp-json\/wp\/v2\/categories?post=94669"},{"taxonomy":"post_tag","embeddable":true,"href":"https:\/\/www.cordobatimes.com\/showup\/wp-json\/wp\/v2\/tags?post=94669"}],"curies":[{"name":"wp","href":"https:\/\/api.w.org\/{rel}","templated":true}]}}