{"id":94659,"date":"2022-06-08T17:33:56","date_gmt":"2022-06-08T20:33:56","guid":{"rendered":"https:\/\/www.cordobatimes.com\/showup\/?p=94659"},"modified":"2022-06-08T17:33:56","modified_gmt":"2022-06-08T20:33:56","slug":"operaron-con-exito-a-tiziano-gravier-que-dice-el-parte-medico","status":"publish","type":"post","link":"https:\/\/www.cordobatimes.com\/showup\/famosos\/2022\/06\/08\/operaron-con-exito-a-tiziano-gravier-que-dice-el-parte-medico\/","title":{"rendered":"Operaron con \u00e9xito a Tiziano Gravier: qu\u00e9 dice el parte m\u00e9dico"},"content":{"rendered":"<h3><strong>El joven de 20 a\u00f1os hab\u00eda sido brutalmente golpeado en las inmediaciones de un boliche en Rosario y ten\u00eda una fractura en la mand\u00edbula. Fue intervenido este mi\u00e9rcoles en el Hospital Austral<\/strong><\/h3>\n<p>Este mi\u00e9rcoles, pasado el mediod\u00eda,\u00a0Tiziano Gravier\u00a0fue operado en el Hospital Austral luego de\u00a0haber sufrido una brutal golpiza en Rosario. El joven deportista de 20 a\u00f1os, hijo de\u00a0Valeria Mazza\u00a0y\u00a0Alejandro Gravier,\u00a0fue intervenido quir\u00fargicamente\u00a0luego de haber sido diagnosticado con un edema facial y fractura en el \u00e1ngulo mandibular izquierdo con desplazamiento y alteraci\u00f3n en la oclusi\u00f3n dentaria, seg\u00fan indic\u00f3 el parte m\u00e9dico que brindaron desde la instituci\u00f3n a la que fue trasladado.<\/p>\n<p>Tal como hab\u00edan detallado sobre la operaci\u00f3n, al paciente se le realiz\u00f3 una\u00a0reducci\u00f3n y estabilizaci\u00f3n del foco de fractura con osteos\u00edntesis r\u00edgida, con mini placas de titanio. M\u00e1s tarde, brindaron un nuevo parte m\u00e9dico sobre la salud del hijo mayor de la exmodelo y el empresario que el jueves ten\u00eda que viajar a Francia para comenzar su pretemporada\u00a0representando a la Argentina en el equipo de esqu\u00ed alpino.<\/p>\n<p>\u201cEn el d\u00eda de hoy, el paciente Tiziano Gravier fue intervenido por un trauma facial en el Hospital Universitario Austral.\u00a0La operaci\u00f3n consisti\u00f3 en una exploraci\u00f3n del foco de la fractura mandibular izquierda, reducci\u00f3n y estabilizaci\u00f3n con osteos\u00edntesis r\u00edgida, con mini placas de titanio. Comenz\u00f3 a las 13.30 y finaliz\u00f3 a las 13.40 horas\u201d, detalla el comunicado que emite la instituci\u00f3n m\u00e9dica.<\/p>\n<p>\u201cEl paciente se encuentra estable bajo tratamiento de analgesia, antibi\u00f3ticos y antiinflamatorios. Se eval\u00faa el alta m\u00e9dica para dentro de las pr\u00f3ximas 48 horas.\u00a0A partir de este momento, se iniciar\u00e1 el proceso de rehabilitaci\u00f3n habitual para este tipo de cirug\u00eda\u201d, cierra el escrito.<\/p>\n<p><img alt=\"\" loading=\"lazy\" decoding=\"async\" class=\"alignnone size-medium wp-image-94661\" src=\"https:\/\/www.cordobatimes.com\/showup\/wp-content\/uploads\/2022\/06\/Pantallazo-08-06-2022-17.31.31-465x420.jpg\" alt=\"\" width=\"465\" height=\"420\" srcset=\"https:\/\/www.cordobatimes.com\/showup\/wp-content\/uploads\/2022\/06\/Pantallazo-08-06-2022-17.31.31-465x420.jpg 465w, https:\/\/www.cordobatimes.com\/showup\/wp-content\/uploads\/2022\/06\/Pantallazo-08-06-2022-17.31.31-768x693.jpg 768w, https:\/\/www.cordobatimes.com\/showup\/wp-content\/uploads\/2022\/06\/Pantallazo-08-06-2022-17.31.31-696x628.jpg 696w, https:\/\/www.cordobatimes.com\/showup\/wp-content\/uploads\/2022\/06\/Pantallazo-08-06-2022-17.31.31.jpg 985w\" sizes=\"auto, (max-width: 465px) 100vw, 465px\" \/><\/p>\n<p>&nbsp;<\/p>\n<p>&nbsp;<\/p>\n","protected":false},"excerpt":{"rendered":"<p>El joven de 20 a\u00f1os hab\u00eda sido brutalmente golpeado en las inmediaciones de un boliche en Rosario y ten\u00eda una fractura en la mand\u00edbula. Fue intervenido este mi\u00e9rcoles en el Hospital Austral Este mi\u00e9rcoles, pasado el mediod\u00eda,\u00a0Tiziano Gravier\u00a0fue operado en el Hospital Austral luego de\u00a0haber sufrido una brutal golpiza en Rosario. El joven deportista de [&hellip;]<\/p>\n","protected":false},"author":1,"featured_media":94660,"comment_status":"closed","ping_status":"closed","sticky":false,"template":"","format":"standard","meta":{"_seopress_robots_primary_cat":"","_seopress_titles_title":"","_seopress_titles_desc":"","_seopress_robots_index":"","footnotes":""},"categories":[4],"tags":[35232,35248,35247],"class_list":{"0":"post-94659","1":"post","2":"type-post","3":"status-publish","4":"format-standard","5":"has-post-thumbnail","7":"category-famosos","8":"tag-hijo-de-valeria-mazza-brutal-golpiza","9":"tag-operacion-de-tiziano-gravier","10":"tag-parte-medico-de-tiziano-gravier"},"_links":{"self":[{"href":"https:\/\/www.cordobatimes.com\/showup\/wp-json\/wp\/v2\/posts\/94659","targetHints":{"allow":["GET"]}}],"collection":[{"href":"https:\/\/www.cordobatimes.com\/showup\/wp-json\/wp\/v2\/posts"}],"about":[{"href":"https:\/\/www.cordobatimes.com\/showup\/wp-json\/wp\/v2\/types\/post"}],"author":[{"embeddable":true,"href":"https:\/\/www.cordobatimes.com\/showup\/wp-json\/wp\/v2\/users\/1"}],"replies":[{"embeddable":true,"href":"https:\/\/www.cordobatimes.com\/showup\/wp-json\/wp\/v2\/comments?post=94659"}],"version-history":[{"count":0,"href":"https:\/\/www.cordobatimes.com\/showup\/wp-json\/wp\/v2\/posts\/94659\/revisions"}],"wp:featuredmedia":[{"embeddable":true,"href":"https:\/\/www.cordobatimes.com\/showup\/wp-json\/wp\/v2\/media\/94660"}],"wp:attachment":[{"href":"https:\/\/www.cordobatimes.com\/showup\/wp-json\/wp\/v2\/media?parent=94659"}],"wp:term":[{"taxonomy":"category","embeddable":true,"href":"https:\/\/www.cordobatimes.com\/showup\/wp-json\/wp\/v2\/categories?post=94659"},{"taxonomy":"post_tag","embeddable":true,"href":"https:\/\/www.cordobatimes.com\/showup\/wp-json\/wp\/v2\/tags?post=94659"}],"curies":[{"name":"wp","href":"https:\/\/api.w.org\/{rel}","templated":true}]}}