{"id":94652,"date":"2022-06-08T09:53:41","date_gmt":"2022-06-08T12:53:41","guid":{"rendered":"https:\/\/www.cordobatimes.com\/showup\/?p=94652"},"modified":"2022-06-08T09:53:41","modified_gmt":"2022-06-08T12:53:41","slug":"seleccion-argentina-la-serie-todo-el-equipo-de-la-celeste-y-blanca-llega-a-prime-video","status":"publish","type":"post","link":"https:\/\/www.cordobatimes.com\/showup\/cine-y-series\/2022\/06\/08\/seleccion-argentina-la-serie-todo-el-equipo-de-la-celeste-y-blanca-llega-a-prime-video\/","title":{"rendered":"\u201cSelecci\u00f3n Argentina: la serie\u201d: todo el equipo de la celeste y blanca llega a Prime Video"},"content":{"rendered":"<h3><strong>Esta nueva producci\u00f3n de la plataforma de video de Amazon se mete en el detr\u00e1s de escena de la albiceleste desde la reconstrucci\u00f3n de la m\u00edstica hasta el camino a Qatar 2022<\/strong><\/h3>\n<p>Prime video\u00a0anunci\u00f3 este martes su nueva apuesta en el terreno deportivo, esta vez centrada en la\u00a0Selecci\u00f3n Argentina\u00a0de f\u00fatbol, hoy conocida como \u201cLa Scaloneta\u201d. Campe\u00f3n de\u00a0La Finalissima\u00a0y que est\u00e1 cerca de cumplir un a\u00f1o de la obtenci\u00f3n de la Copa Am\u00e9rica, el equipo capitaneado por Lionel Messi se prepara para el Mundial de F\u00fatbol de Qatar y la serie seguir\u00e1 ese camino lleno de entusiasmo.\u00a0La pr\u00f3xima apuesta de la plataforma de video de Amazon se estrenar\u00e1 el 10 de julio en 240 pa\u00edses.<\/p>\n<p>Seg\u00fan el anuncio oficial, la serie contar\u00e1 con im\u00e1genes exclusivas y testimonios de los verdaderos protagonistas y jugadores de f\u00fatbol. El relato comenzar\u00e1 con la \u00e9pica en Brasil, la Copa Am\u00e9rica 2021 hasta Qatar 2022, en donde \u201cla escuadra nacional se ha comprometido a traer a casa su tercera Copa Mundial despu\u00e9s de 36 a\u00f1os\u201d. Tambi\u00e9n en la reconstrucci\u00f3n de la m\u00edstica por parte del entrenador Lionel Scaloni y todo su cuerpo t\u00e9cnico, c\u00f3mo recuperaron el amor de los hinchas y armaron un equipo competitivo que no depende de su m\u00e1xima figura, pero la abraza y la sostiene como el rostro de esta selecci\u00f3n.<\/p>\n<p>Claudio Tapia, presidente de la Asociaci\u00f3n del F\u00fatbol Argentino, quien se lo ve siempre muy cercano a la Selecci\u00f3n Argentina, tambi\u00e9n dej\u00f3 algunas impresiones sobre este nuevo proyecto: \u201cEs un honor poder formar parte de la historia de la selecci\u00f3n nacional y dejarla plasmada en una serie. Estamos extremadamente felices junto con Scaloni, y todos los muchachos de la AFA. Esta es la primera Copa Mundial sin Diego y todos nos encontramos muy involucrados y sensibles\u201d.<\/p>\n<p>Los fans de la selecci\u00f3n y del f\u00fatbol en general ver\u00e1n todo el detr\u00e1s de c\u00e1maras de lo que sucedi\u00f3 y va a suceder en esta incre\u00edble etapa de La albiceleste con Lionel Scaloni, Roberto Ayala, Pablo Aymar, Walter Samuel y todo el equipo t\u00e9cnico. Pero por sobre todas las cosas, c\u00f3mo se preparan los jugadores para la m\u00e1xima cita deportiva mundial que se dar\u00e1 en noviembre en Qatar. \u201cEste anuncio sobre la realizaci\u00f3n de la serie de la Selecci\u00f3n de F\u00fatbol de Argentina es un gran orgullo para nosotros, porque haremos posible que la gente vea al equipo nacional argentino en su camino a Qatar, como nunca antes se hab\u00eda visto. Tambi\u00e9n mostraremos el sentimiento de un pueblo deseoso con esta generaci\u00f3n de jugadores y especialmente con nuestro capit\u00e1n Lio Messi\u201d, dijo V\u00edctor Santa Mar\u00eda, coordinador general de Grupo Octubre, sobre la producci\u00f3n.<\/p>\n<p>La serie est\u00e1 producida por GM, Tronito, e Ildelve mientras que V\u00edctor Santa Mar\u00eda y Gonzalo Arias est\u00e1n a cargo de la producci\u00f3n ejecutiva. Sebastian Rollandi es su productor general.\u00a0Selecci\u00f3n Argentina, la serie\u00a0es dirigida por Sebasti\u00e1n Dietsch, y Gonzalo Arias con Martin M\u00e9ndez son los showrunners. Como productor period\u00edstico general se encuentra Hern\u00e1n Castillo. La direcci\u00f3n de producci\u00f3n esta bajo Marco Gilles Salomone y Mart\u00edn Lapissonde.<\/p>\n","protected":false},"excerpt":{"rendered":"<p>Esta nueva producci\u00f3n de la plataforma de video de Amazon se mete en el detr\u00e1s de escena de la albiceleste desde la reconstrucci\u00f3n de la m\u00edstica hasta el camino a Qatar 2022 Prime video\u00a0anunci\u00f3 este martes su nueva apuesta en el terreno deportivo, esta vez centrada en la\u00a0Selecci\u00f3n Argentina\u00a0de f\u00fatbol, hoy conocida como \u201cLa Scaloneta\u201d. [&hellip;]<\/p>\n","protected":false},"author":1,"featured_media":94653,"comment_status":"closed","ping_status":"closed","sticky":false,"template":"","format":"standard","meta":{"_seopress_robots_primary_cat":"","_seopress_titles_title":"","_seopress_titles_desc":"","_seopress_robots_index":"","footnotes":""},"categories":[3],"tags":[35242,35243],"class_list":{"0":"post-94652","1":"post","2":"type-post","3":"status-publish","4":"format-standard","5":"has-post-thumbnail","7":"category-cine-y-series","8":"tag-seleccion-argentina-la-serie","9":"tag-seleccion-argentina-la-serie-prime-video"},"_links":{"self":[{"href":"https:\/\/www.cordobatimes.com\/showup\/wp-json\/wp\/v2\/posts\/94652","targetHints":{"allow":["GET"]}}],"collection":[{"href":"https:\/\/www.cordobatimes.com\/showup\/wp-json\/wp\/v2\/posts"}],"about":[{"href":"https:\/\/www.cordobatimes.com\/showup\/wp-json\/wp\/v2\/types\/post"}],"author":[{"embeddable":true,"href":"https:\/\/www.cordobatimes.com\/showup\/wp-json\/wp\/v2\/users\/1"}],"replies":[{"embeddable":true,"href":"https:\/\/www.cordobatimes.com\/showup\/wp-json\/wp\/v2\/comments?post=94652"}],"version-history":[{"count":0,"href":"https:\/\/www.cordobatimes.com\/showup\/wp-json\/wp\/v2\/posts\/94652\/revisions"}],"wp:featuredmedia":[{"embeddable":true,"href":"https:\/\/www.cordobatimes.com\/showup\/wp-json\/wp\/v2\/media\/94653"}],"wp:attachment":[{"href":"https:\/\/www.cordobatimes.com\/showup\/wp-json\/wp\/v2\/media?parent=94652"}],"wp:term":[{"taxonomy":"category","embeddable":true,"href":"https:\/\/www.cordobatimes.com\/showup\/wp-json\/wp\/v2\/categories?post=94652"},{"taxonomy":"post_tag","embeddable":true,"href":"https:\/\/www.cordobatimes.com\/showup\/wp-json\/wp\/v2\/tags?post=94652"}],"curies":[{"name":"wp","href":"https:\/\/api.w.org\/{rel}","templated":true}]}}