{"id":94634,"date":"2022-06-07T17:48:26","date_gmt":"2022-06-07T20:48:26","guid":{"rendered":"https:\/\/www.cordobatimes.com\/showup\/?p=94634"},"modified":"2022-06-07T17:48:26","modified_gmt":"2022-06-07T20:48:26","slug":"la-salud-del-hijo-de-valeria-mazza-tras-la-brutal-golpiza","status":"publish","type":"post","link":"https:\/\/www.cordobatimes.com\/showup\/famosos\/2022\/06\/07\/la-salud-del-hijo-de-valeria-mazza-tras-la-brutal-golpiza\/","title":{"rendered":"La salud del hijo de Valeria Mazza tras la brutal golpiza"},"content":{"rendered":"<h3><strong>Tiziano sufri\u00f3 un desplazamiento de mand\u00edbula y fue trasladado de Rosario hacia Buenos Aires, donde ser\u00e1 operado el mi\u00e9rcoles en el Hospital Austral<\/strong><\/h3>\n<p>Tiziano Gravier, el segundo hijo de Valeria Mazza,\u00a0fue salvajemente agredido a la salida de un boliche en la ciudad de Rosario\u00a0por un grupo de j\u00f3venes que, casi sin mediar palabra, lo golpearon y le fracturaron la mand\u00edbula. Deportista profesional de esqu\u00ed alpino, se encontraba junto a su familia en la provincia de Santa Fe, hasta donde hab\u00edan viajado para asistir al cumplea\u00f1os de su abuela.<\/p>\n<p>En ese marco, el hijo de la modelo y del empresario\u00a0Alejandro Gravier\u00a0se acerc\u00f3 hasta la puerta de un local bailable ubicado en la esquina de las calles Brown y Francia para encontrarse con amigas que estaban en ese lugar, pero al llegar fue atacado por desconocidos, aparentemente por su forma de hablar.\u00a0En ese momento, el joven de 20 a\u00f1os se encontraba con su hermano menor, Benicio -de 17 a\u00f1os-, quien qued\u00f3 como testigo involuntario del episodio. Hasta el momento,\u00a0los agresores continuan pr\u00f3fugos\u00a0aunque las c\u00e1maras de seguridad de la zona lograron capturar los rostros de los atacantes.<\/p>\n<p><iframe loading=\"lazy\" title=\"YouTube video player\" src=\"https:\/\/www.youtube.com\/embed\/rUoAqJ5GGT0\" width=\"560\" height=\"315\" frameborder=\"0\" allowfullscreen=\"allowfullscreen\"><\/iframe><\/p>\n<p>su padre, el empresario Alejandro Gravier explic\u00f3 que \u201cTiziano tiene fractura de mand\u00edbula con un peque\u00f1o desplazamiento\u201d y que, luego de trasladarlo de urgencia a Buenos Aires, \u201cel mi\u00e9rcoles ser\u00e1 operado en el Hospital Austral\u201d.<\/p>\n<p>Sobre el estado an\u00edmico del joven deportista, Gravier asegur\u00f3 que \u201cse encuentra muy angustiado y shockeado por la situaci\u00f3n que vivi\u00f3, no entiende el por qu\u00e9 del ataque\u201d. La familia unida, como suelen estarlo siempre, esperar\u00e1 el resultado de la intervenci\u00f3n.<\/p>\n<p>Por su parte, el abogado de la familia, Germ\u00e1n Pugnaloni explic\u00f3 que \u201cseguramente le acomodar\u00e1n la mand\u00edbula y le pondr\u00e1n alguna placa de titanio. Es lo que se estila en estos casos. La recuperaci\u00f3n de este tipo de lesiones es muy lenta\u201d. Adem\u00e1s, destac\u00f3 que \u201cTiziano ten\u00eda que viajar en estos d\u00edas a Europa a representar a la Argentina porque es un deportista de \u00e9lite\u201d y describi\u00f3 al joven como alguien que \u201cno toma alcohol\u201d y que \u201ces muy bueno y tiene una personalidad muy tranquila\u201d.<\/p>\n<p>En cuanto al momento del ataque, el letrado asegur\u00f3 que \u201cTiziano no cruz\u00f3 palabras con sus agresores\u201d, sino que \u201cfue hasta la puerta de esta disco a buscar a unas amigas, a unas chicas que conoc\u00eda de Buenos Aires y como ahora hab\u00edan coincidido todos en Rosario concretaron este encuentro\u201d.<\/p>\n<p>\u201cSe estaban retirando y estas personas les dijeron algo, que es grav\u00edsimo, trist\u00edsimo, le dijeron \u2018tincho\u2019, que es algo que hoy se utiliza en la jerga para estigmatizar a un chico de clase media y media-alta. Aparentemente lo han escuchado hablar, tal vez con un tono que no es frecuente para la ciudad de Rosario, y por ese solo hecho lo agredieron y le dieron esos dos golpes de pu\u00f1o que tuvieron esta terrible consecuencia\u201d, ampli\u00f3 en notas con medios televisivos. \u201c\u00c9l estaba con uno de sus hermanos menores, con Benicio, y tambi\u00e9n se ve en las im\u00e1genes c\u00f3mo \u00e9l, con la mand\u00edbula rota y sangrando, tuvo la reacci\u00f3n de rescatar a su hermano porque no sab\u00eda en qu\u00e9 pod\u00eda terminar esto\u201d, resalt\u00f3.<\/p>\n<p>Asimismo, Pugnaloni pidi\u00f3 que \u201cquien tenga alg\u00fan dato o pueda conocer\u201d a los agresores, \u201cque lo diga porque realmente estas personas tienen que estar detenidas\u201d y anticip\u00f3 que se va a presentar como querellante en la causa y va a pedir la detenci\u00f3n, aunque confi\u00f3 en que \u201cel fiscal seguramente tome la misma decisi\u00f3n porque se trata de lesiones que son de car\u00e1cter grave para el derecho\u201d y de \u201cun delito que tiene pena de hasta seis a\u00f1os de prisi\u00f3n\u201d.<\/p>\n","protected":false},"excerpt":{"rendered":"<p>Tiziano sufri\u00f3 un desplazamiento de mand\u00edbula y fue trasladado de Rosario hacia Buenos Aires, donde ser\u00e1 operado el mi\u00e9rcoles en el Hospital Austral Tiziano Gravier, el segundo hijo de Valeria Mazza,\u00a0fue salvajemente agredido a la salida de un boliche en la ciudad de Rosario\u00a0por un grupo de j\u00f3venes que, casi sin mediar palabra, lo golpearon [&hellip;]<\/p>\n","protected":false},"author":1,"featured_media":94635,"comment_status":"closed","ping_status":"closed","sticky":false,"template":"","format":"standard","meta":{"_seopress_robots_primary_cat":"","_seopress_titles_title":"","_seopress_titles_desc":"","_seopress_robots_index":"","footnotes":""},"categories":[4],"tags":[35231,35232,35233,35234],"class_list":{"0":"post-94634","1":"post","2":"type-post","3":"status-publish","4":"format-standard","5":"has-post-thumbnail","7":"category-famosos","8":"tag-hijo-de-valeria-mazza","9":"tag-hijo-de-valeria-mazza-brutal-golpiza","10":"tag-hijo-de-valeria-mazza-tiziano-gravier","11":"tag-tiziano-gravier"},"_links":{"self":[{"href":"https:\/\/www.cordobatimes.com\/showup\/wp-json\/wp\/v2\/posts\/94634","targetHints":{"allow":["GET"]}}],"collection":[{"href":"https:\/\/www.cordobatimes.com\/showup\/wp-json\/wp\/v2\/posts"}],"about":[{"href":"https:\/\/www.cordobatimes.com\/showup\/wp-json\/wp\/v2\/types\/post"}],"author":[{"embeddable":true,"href":"https:\/\/www.cordobatimes.com\/showup\/wp-json\/wp\/v2\/users\/1"}],"replies":[{"embeddable":true,"href":"https:\/\/www.cordobatimes.com\/showup\/wp-json\/wp\/v2\/comments?post=94634"}],"version-history":[{"count":0,"href":"https:\/\/www.cordobatimes.com\/showup\/wp-json\/wp\/v2\/posts\/94634\/revisions"}],"wp:featuredmedia":[{"embeddable":true,"href":"https:\/\/www.cordobatimes.com\/showup\/wp-json\/wp\/v2\/media\/94635"}],"wp:attachment":[{"href":"https:\/\/www.cordobatimes.com\/showup\/wp-json\/wp\/v2\/media?parent=94634"}],"wp:term":[{"taxonomy":"category","embeddable":true,"href":"https:\/\/www.cordobatimes.com\/showup\/wp-json\/wp\/v2\/categories?post=94634"},{"taxonomy":"post_tag","embeddable":true,"href":"https:\/\/www.cordobatimes.com\/showup\/wp-json\/wp\/v2\/tags?post=94634"}],"curies":[{"name":"wp","href":"https:\/\/api.w.org\/{rel}","templated":true}]}}