{"id":94615,"date":"2022-06-05T21:20:22","date_gmt":"2022-06-06T00:20:22","guid":{"rendered":"https:\/\/www.cordobatimes.com\/showup\/?p=94615"},"modified":"2022-06-05T21:20:22","modified_gmt":"2022-06-06T00:20:22","slug":"julieta-prandi-expreso-su-indignacion-por-el-accionar-de-la-justicia-en-la-causa-contra-su-ex-claudio-contardi","status":"publish","type":"post","link":"https:\/\/www.cordobatimes.com\/showup\/famosos\/2022\/06\/05\/julieta-prandi-expreso-su-indignacion-por-el-accionar-de-la-justicia-en-la-causa-contra-su-ex-claudio-contardi\/","title":{"rendered":"Julieta Prandi expres\u00f3 su indignaci\u00f3n por el accionar de la Justicia en la causa contra su ex, Claudio Contardi"},"content":{"rendered":"<h3><strong>El descargo de la conductora a tres a\u00f1os de su separaci\u00f3n: \u201cDecid\u00ed irme de casa huyendo de la violencia\u201d<\/strong><\/h3>\n<p>No fue f\u00e1cil para\u00a0Julieta Prandi\u00a0empezar de nuevo. Seg\u00fan ella misma denunci\u00f3, el hombre con el que hab\u00eda compartido diez a\u00f1os de su vida,\u00a0Claudio Contardi,\u00a0no hac\u00eda m\u00e1s que ejercer\u00a0diferentes tipos de violencia contra ella y sus hijos,\u00a0Mateo\u00a0y\u00a0Rocco. Y no solo eso, sino que seg\u00fan las palabras de la modelo, mediante distintas maniobras se habr\u00eda encargado de lograr que nada de lo que ella hab\u00eda generado a lo largo de su carrera estuviera a su nombre.<\/p>\n<p>As\u00ed las cosas, la actual conductora de\u00a0Es por ah\u00ed, por Am\u00e9rica, agarr\u00f3 un bolsito y se fue con sus chicos, que hoy tienen 11 y 6 a\u00f1os, tratando de escapar de esa situaci\u00f3n. De a poco, volvi\u00f3 a ganarse un lugar en los medios. Y rearm\u00f3 su vida sentimental al lado de\u00a0Emanuel Ortega, quien la contuvo y la hizo volver a creer en el amor. Sin embargo, la causa que inici\u00f3 contra su ex la sigue angustiando, al punto que decidi\u00f3 recurrir a las redes sociales para hacer un fuerte descargo.<\/p>\n<p>\u201c\u00bfPor d\u00f3nde empezar? Llevo en esta lucha desde el 14\/02\/2019, el d\u00eda que decid\u00ed irme de mi casa con mis hijos llev\u00e1ndome solo la ropa. \u00bfHuyendo de qu\u00e9? De la violencia generalizada, de una muy mala e inveros\u00edmil pel\u00edcula de terror\u2026\u201d, comenz\u00f3 escribiendo Julieta en un hilo de Twitter.<\/p>\n<p>Y continu\u00f3: \u201cHoy, a m\u00e1s de 3 a\u00f1os de aquel d\u00eda sigo sin recibir respuestas de la Justicia. Hasta diciembre del 2021 estuve en el juzgado 3 de San Isidro bajo la decidida de un juez que ante mis denuncias incansables decidi\u00f3 correrse. Ca\u00ed en el juzgado 5 de San Isidro con una jueza competente\u2026pero al mes de estarse encausando la cosa, sin explicaci\u00f3n y \u2018por arte de magia\u2019 volvieron a sortearme de juzgado.\u00a0Despu\u00e9s no quieren que uno piense mal de la Justicia. Lo cierto es que donde ca\u00ed \u2018por sorteo\u2019 (el juzgado 2 de SI),\u00a0pareciera tambi\u00e9n estar ri\u00e9ndose de m\u00ed y de mis hijos\u201d.<\/p>\n<p>Prandi expres\u00f3 su enojo diciendo: \u201cTodos los expedientes que el juzgado original hab\u00eda ignorado o encajonado, y que la jueza del juzgado 5 luego hab\u00eda empezado a activar, ahora en el juzgado 2 parecen estar nuevamente durmiendo la siesta.\u00a0Tom\u00e1ndose tiempos tan largos e inexplicables que no hacen otra cosa que volver a generar sospechas. Ni si quiera se dignan a exigir que el \u2018padre\u2019 cumpla con la cuota de alimentos.\u00a0\u00bf\u00bf\u00bfEN QU\u00c9 PA\u00cdS VIVIMOS ???\u201d.<\/p>\n<p>Cabe recordar que, tal como le cont\u00f3 Julieta a\u00a0Alejandro Fantino\u00a0en una entrevista que dio para\u00a0Intratables\u00a0en diciembre del a\u00f1o pasado, Contardi le estar\u00eda adeudando m\u00e1s de tres millones de pesos por alimentos. Por otra parte, la modelo logr\u00f3 que sus hijos fueran escuchados la jueza\u00a0Marcela Silvia Rama, que en en el mes de febrero tom\u00f3 el caso, para que\u00a0no se los obligue a ser revinculados con su progenitor. En el mes de marzo, en tanto, la C\u00e1mara de Apelaciones revoc\u00f3 un fallo que la hab\u00eda eximido de pagar una multa por hablar p\u00fablicamente de su ex, por lo cual Pandi tiene prohibido manifestarse sobre este conflicto en los medios.<\/p>\n<p><img alt=\"\" loading=\"lazy\" decoding=\"async\" class=\"alignnone size-full wp-image-94617\" src=\"https:\/\/www.cordobatimes.com\/showup\/wp-content\/uploads\/2022\/06\/Pantallazo-05-06-2022-21.16.36.jpg\" alt=\"\" width=\"742\" height=\"416\" srcset=\"https:\/\/www.cordobatimes.com\/showup\/wp-content\/uploads\/2022\/06\/Pantallazo-05-06-2022-21.16.36.jpg 742w, https:\/\/www.cordobatimes.com\/showup\/wp-content\/uploads\/2022\/06\/Pantallazo-05-06-2022-21.16.36-696x390.jpg 696w\" sizes=\"auto, (max-width: 742px) 100vw, 742px\" \/><\/p>\n<p><img alt=\"\" loading=\"lazy\" decoding=\"async\" class=\"alignnone size-medium wp-image-94618\" src=\"https:\/\/www.cordobatimes.com\/showup\/wp-content\/uploads\/2022\/06\/Pantallazo-05-06-2022-21.17.04-520x420.jpg\" alt=\"\" width=\"520\" height=\"420\" srcset=\"https:\/\/www.cordobatimes.com\/showup\/wp-content\/uploads\/2022\/06\/Pantallazo-05-06-2022-21.17.04-520x420.jpg 520w, https:\/\/www.cordobatimes.com\/showup\/wp-content\/uploads\/2022\/06\/Pantallazo-05-06-2022-21.17.04-696x562.jpg 696w, https:\/\/www.cordobatimes.com\/showup\/wp-content\/uploads\/2022\/06\/Pantallazo-05-06-2022-21.17.04.jpg 744w\" sizes=\"auto, (max-width: 520px) 100vw, 520px\" \/><\/p>\n<p><img alt=\"\" loading=\"lazy\" decoding=\"async\" class=\"alignnone size-medium wp-image-94619\" src=\"https:\/\/www.cordobatimes.com\/showup\/wp-content\/uploads\/2022\/06\/Pantallazo-05-06-2022-21.17.27.jpg\" alt=\"\" width=\"736\" height=\"194\" srcset=\"https:\/\/www.cordobatimes.com\/showup\/wp-content\/uploads\/2022\/06\/Pantallazo-05-06-2022-21.17.27.jpg 736w, https:\/\/www.cordobatimes.com\/showup\/wp-content\/uploads\/2022\/06\/Pantallazo-05-06-2022-21.17.27-696x183.jpg 696w\" sizes=\"auto, (max-width: 736px) 100vw, 736px\" \/><\/p>\n","protected":false},"excerpt":{"rendered":"<p>El descargo de la conductora a tres a\u00f1os de su separaci\u00f3n: \u201cDecid\u00ed irme de casa huyendo de la violencia\u201d No fue f\u00e1cil para\u00a0Julieta Prandi\u00a0empezar de nuevo. Seg\u00fan ella misma denunci\u00f3, el hombre con el que hab\u00eda compartido diez a\u00f1os de su vida,\u00a0Claudio Contardi,\u00a0no hac\u00eda m\u00e1s que ejercer\u00a0diferentes tipos de violencia contra ella y sus hijos,\u00a0Mateo\u00a0y\u00a0Rocco. [&hellip;]<\/p>\n","protected":false},"author":1,"featured_media":94616,"comment_status":"closed","ping_status":"closed","sticky":false,"template":"","format":"standard","meta":{"_seopress_robots_primary_cat":"","_seopress_titles_title":"","_seopress_titles_desc":"","_seopress_robots_index":"","footnotes":""},"categories":[4],"tags":[24747,35225,24684],"class_list":{"0":"post-94615","1":"post","2":"type-post","3":"status-publish","4":"format-standard","5":"has-post-thumbnail","7":"category-famosos","8":"tag-conflicto-judicial-entre-julieta-prandi-y-claudio-contardi","9":"tag-descargo-de-julieta-prandi","10":"tag-julieta-prandi-y-claudio-contardi"},"_links":{"self":[{"href":"https:\/\/www.cordobatimes.com\/showup\/wp-json\/wp\/v2\/posts\/94615","targetHints":{"allow":["GET"]}}],"collection":[{"href":"https:\/\/www.cordobatimes.com\/showup\/wp-json\/wp\/v2\/posts"}],"about":[{"href":"https:\/\/www.cordobatimes.com\/showup\/wp-json\/wp\/v2\/types\/post"}],"author":[{"embeddable":true,"href":"https:\/\/www.cordobatimes.com\/showup\/wp-json\/wp\/v2\/users\/1"}],"replies":[{"embeddable":true,"href":"https:\/\/www.cordobatimes.com\/showup\/wp-json\/wp\/v2\/comments?post=94615"}],"version-history":[{"count":0,"href":"https:\/\/www.cordobatimes.com\/showup\/wp-json\/wp\/v2\/posts\/94615\/revisions"}],"wp:featuredmedia":[{"embeddable":true,"href":"https:\/\/www.cordobatimes.com\/showup\/wp-json\/wp\/v2\/media\/94616"}],"wp:attachment":[{"href":"https:\/\/www.cordobatimes.com\/showup\/wp-json\/wp\/v2\/media?parent=94615"}],"wp:term":[{"taxonomy":"category","embeddable":true,"href":"https:\/\/www.cordobatimes.com\/showup\/wp-json\/wp\/v2\/categories?post=94615"},{"taxonomy":"post_tag","embeddable":true,"href":"https:\/\/www.cordobatimes.com\/showup\/wp-json\/wp\/v2\/tags?post=94615"}],"curies":[{"name":"wp","href":"https:\/\/api.w.org\/{rel}","templated":true}]}}