{"id":9461,"date":"2022-02-21T08:00:38","date_gmt":"2022-02-21T11:00:38","guid":{"rendered":"http:\/\/cordobatimes.com\/showup\/?p=9461"},"modified":"2022-02-21T08:48:19","modified_gmt":"2022-02-21T11:48:19","slug":"menu-de-sabado-ensalada-de-pollo-y-champinones","status":"publish","type":"post","link":"https:\/\/www.cordobatimes.com\/showup\/cocina\/2022\/02\/21\/menu-de-sabado-ensalada-de-pollo-y-champinones\/","title":{"rendered":"Ensalada de pollo y champi\u00f1ones"},"content":{"rendered":"<p style=\"text-align: justify;\"><span style=\"text-decoration: underline; color: #000000;\"><strong>Ingredientes:<\/strong><\/span><\/p>\n<ul>\n<li style=\"text-align: justify;\"><span style=\"color: #000000;\">&#8211; Lechuga de brotes tiernos (si ten\u00e9s \u00a0r\u00facula mejor!)<\/span><\/li>\n<li style=\"text-align: justify;\"><span style=\"color: #000000;\">\u00a0Pollo cortado en trozos<\/span><\/li>\n<li style=\"text-align: justify;\"><span style=\"color: #000000;\">Champi\u00f1ones de lata<\/span><\/li>\n<li style=\"text-align: justify;\"><span style=\"color: #000000;\">Jam\u00f3n \u00a0o paleta cortada \u00a0en trocitos<\/span><\/li>\n<li style=\"text-align: justify;\"><span style=\"color: #000000;\">\u00a0Queso parmesano rallado<\/span><\/li>\n<\/ul>\n<p style=\"text-align: justify;\"><span style=\"text-decoration: underline; color: #000000;\"><strong>Opcional:<\/strong><\/span><\/p>\n<ul>\n<li style=\"text-align: justify;\"><span style=\"color: #000000;\">&#8211; Tomate picado peque\u00f1ito<\/span><\/li>\n<\/ul>\n<p style=\"text-align: justify;\"><span style=\"text-decoration: underline; color: #000000;\"><strong>Aderezo cremoso:<\/strong><\/span><\/p>\n<ul>\n<li style=\"text-align: justify;\"><span style=\"color: #000000;\">&#8211; 2 cucharadas sopera de mayonesa<\/span><\/li>\n<li style=\"text-align: justify;\"><span style=\"color: #000000;\">&#8211; 1 yogurt natural<\/span><\/li>\n<li style=\"text-align: justify;\"><span style=\"color: #000000;\">&#8211; 1 o 2 cucharadas de leche<\/span><\/li>\n<li style=\"text-align: justify;\"><span style=\"color: #000000;\">&#8211; 1 cuchara de mostaza<\/span><\/li>\n<li style=\"text-align: justify;\"><span style=\"color: #000000;\">&#8211; 2 cucharadas de queso parmesano rallado muy finito<\/span><\/li>\n<\/ul>\n<h4 style=\"text-align: justify;\"><span style=\"color: #000000;\"><u><b>Modo de preparaci\u00f3n\u00a0<\/b><\/u><\/span><\/h4>\n<ul>\n<li style=\"text-align: justify;\"><span style=\"color: #000000;\">\u00a0Lavar y picar la lechuga en trozos peque\u00f1os.<\/span><\/li>\n<li style=\"text-align: justify;\"><span style=\"color: #000000;\">2) Picar el jam\u00f3n \u00a0en trozos peque\u00f1os.<\/span><\/li>\n<li style=\"text-align: justify;\"><span style=\"color: #000000;\">3)\u00a0\u00a0Preparar el aderezo mezcl\u00e1ndolo bien y dej\u00e1ndolo marinar todo el d\u00eda en la heladera. \u00a0Una vez que hayas agregado todos los ingredientes ve agregando un poco de leche hasta que tenga la consistencia que te guste.<\/span><\/li>\n<li style=\"text-align: justify;\"><span style=\"color: #000000;\">Agregar un poquito del aderezo previamente preparado en la base de la ensaladera y luego todos los ingredientes a la ensalada: Agregar la lechuga, pollo, champi\u00f1ones, \u00a0jam\u00f3n \u00a0y el queso rallado.\u00a0<\/span><\/li>\n<li style=\"text-align: justify;\"><span style=\"color: #000000;\">Agregar el resto del aderezo justo antes de servir&#8230; \u00a1Y a disfrutar!\u00a0<\/span><\/li>\n<li style=\"text-align: justify;\">Para la presentaci\u00f3n podes decorarla con unas hojitas de perejil que no s\u00f3lo le dar\u00e1 buena apariencia sino un sabor diferente mezclado con un gran aroma.<\/li>\n<\/ul>\n<p>&nbsp;<\/p>\n","protected":false},"excerpt":{"rendered":"<p>Ingredientes: &#8211; Lechuga de brotes tiernos (si ten\u00e9s \u00a0r\u00facula mejor!) \u00a0Pollo cortado en trozos Champi\u00f1ones de lata Jam\u00f3n \u00a0o paleta cortada \u00a0en trocitos \u00a0Queso parmesano rallado Opcional: &#8211; Tomate picado peque\u00f1ito Aderezo cremoso: &#8211; 2 cucharadas sopera de mayonesa &#8211; 1 yogurt natural &#8211; 1 o 2 cucharadas de leche &#8211; 1 cuchara de mostaza [&hellip;]<\/p>\n","protected":false},"author":9,"featured_media":9462,"comment_status":"closed","ping_status":"closed","sticky":false,"template":"","format":"standard","meta":{"_seopress_robots_primary_cat":"","_seopress_titles_title":"","_seopress_titles_desc":"","_seopress_robots_index":"","footnotes":""},"categories":[1,317],"tags":[34573,11006,34572,10853,23762,11641,8394,2452],"class_list":{"0":"post-9461","1":"post","2":"type-post","3":"status-publish","4":"format-standard","5":"has-post-thumbnail","7":"category-cocina","8":"category-recetas","9":"tag-ensalada-de-pollo-y-champinones-receta","10":"tag-ensaladas","11":"tag-receta-de-ensalada-de-pollo-y-champinones","12":"tag-recetas-con-pollo","13":"tag-recetas-de-champinones","14":"tag-recetas-de-ensaladas","15":"tag-recetas-de-pollo","16":"tag-recetas-de-verano"},"_links":{"self":[{"href":"https:\/\/www.cordobatimes.com\/showup\/wp-json\/wp\/v2\/posts\/9461","targetHints":{"allow":["GET"]}}],"collection":[{"href":"https:\/\/www.cordobatimes.com\/showup\/wp-json\/wp\/v2\/posts"}],"about":[{"href":"https:\/\/www.cordobatimes.com\/showup\/wp-json\/wp\/v2\/types\/post"}],"author":[{"embeddable":true,"href":"https:\/\/www.cordobatimes.com\/showup\/wp-json\/wp\/v2\/users\/9"}],"replies":[{"embeddable":true,"href":"https:\/\/www.cordobatimes.com\/showup\/wp-json\/wp\/v2\/comments?post=9461"}],"version-history":[{"count":0,"href":"https:\/\/www.cordobatimes.com\/showup\/wp-json\/wp\/v2\/posts\/9461\/revisions"}],"wp:featuredmedia":[{"embeddable":true,"href":"https:\/\/www.cordobatimes.com\/showup\/wp-json\/wp\/v2\/media\/9462"}],"wp:attachment":[{"href":"https:\/\/www.cordobatimes.com\/showup\/wp-json\/wp\/v2\/media?parent=9461"}],"wp:term":[{"taxonomy":"category","embeddable":true,"href":"https:\/\/www.cordobatimes.com\/showup\/wp-json\/wp\/v2\/categories?post=9461"},{"taxonomy":"post_tag","embeddable":true,"href":"https:\/\/www.cordobatimes.com\/showup\/wp-json\/wp\/v2\/tags?post=9461"}],"curies":[{"name":"wp","href":"https:\/\/api.w.org\/{rel}","templated":true}]}}