{"id":94578,"date":"2022-06-03T11:52:54","date_gmt":"2022-06-03T14:52:54","guid":{"rendered":"https:\/\/www.cordobatimes.com\/showup\/?p=94578"},"modified":"2022-06-03T11:52:54","modified_gmt":"2022-06-03T14:52:54","slug":"lali-canto-junto-a-los-angeles-azules-en-el-luna-park","status":"publish","type":"post","link":"https:\/\/www.cordobatimes.com\/showup\/musica\/2022\/06\/03\/lali-canto-junto-a-los-angeles-azules-en-el-luna-park\/","title":{"rendered":"Lali cant\u00f3 junto a Los \u00c1ngeles Azules en el Luna Park"},"content":{"rendered":"<h3><strong>La estrella pop argentina se subi\u00f3 al escenario para cantar\u00a0\u201cLas maravillas de la vida\u201d, la canci\u00f3n en la que colabora con la banda de cumbia mexicana.\u00a0<\/strong><\/h3>\n<p>Lali dijo presente en el tercer show que\u00a0Los \u00c1ngeles Azules\u00a0brindaron este jueves en el Luna Park y hasta se subi\u00f3 como invitada para cantar\u00a0\u201cLas Maravillas de la vida\u00bb, la canci\u00f3n en la que la estrella pop colabora junto a la banda de cumbia mexicana.<\/p>\n<div style=\"width: 696px;\" class=\"wp-video\"><video class=\"wp-video-shortcode\" id=\"video-94578-1\" width=\"696\" height=\"1237\" preload=\"metadata\" controls=\"controls\"><source type=\"video\/mp4\" src=\"https:\/\/www.cordobatimes.com\/showup\/wp-content\/uploads\/2022\/06\/ssstwitter_1654264903.mp4?_=1\" \/><a href=\"https:\/\/www.cordobatimes.com\/showup\/wp-content\/uploads\/2022\/06\/ssstwitter_1654264903.mp4\">https:\/\/www.cordobatimes.com\/showup\/wp-content\/uploads\/2022\/06\/ssstwitter_1654264903.mp4<\/a><\/video><\/div>\n<div style=\"width: 320px;\" class=\"wp-video\"><video class=\"wp-video-shortcode\" id=\"video-94578-2\" width=\"320\" height=\"400\" preload=\"metadata\" controls=\"controls\"><source type=\"video\/mp4\" src=\"https:\/\/www.cordobatimes.com\/showup\/wp-content\/uploads\/2022\/06\/ssstwitter_1654264051.mp4?_=2\" \/><a href=\"https:\/\/www.cordobatimes.com\/showup\/wp-content\/uploads\/2022\/06\/ssstwitter_1654264051.mp4\">https:\/\/www.cordobatimes.com\/showup\/wp-content\/uploads\/2022\/06\/ssstwitter_1654264051.mp4<\/a><\/video><\/div>\n<div style=\"width: 476px;\" class=\"wp-video\"><video class=\"wp-video-shortcode\" id=\"video-94578-3\" width=\"476\" height=\"270\" preload=\"metadata\" controls=\"controls\"><source type=\"video\/mp4\" src=\"https:\/\/www.cordobatimes.com\/showup\/wp-content\/uploads\/2022\/06\/ssstwitter_1654263787.mp4?_=3\" \/><a href=\"https:\/\/www.cordobatimes.com\/showup\/wp-content\/uploads\/2022\/06\/ssstwitter_1654263787.mp4\">https:\/\/www.cordobatimes.com\/showup\/wp-content\/uploads\/2022\/06\/ssstwitter_1654263787.mp4<\/a><\/video><\/div>\n<div style=\"width: 320px;\" class=\"wp-video\"><video class=\"wp-video-shortcode\" id=\"video-94578-4\" width=\"320\" height=\"580\" preload=\"metadata\" controls=\"controls\"><source type=\"video\/mp4\" src=\"https:\/\/www.cordobatimes.com\/showup\/wp-content\/uploads\/2022\/06\/ssstwitter_1654263767.mp4?_=4\" \/><a href=\"https:\/\/www.cordobatimes.com\/showup\/wp-content\/uploads\/2022\/06\/ssstwitter_1654263767.mp4\">https:\/\/www.cordobatimes.com\/showup\/wp-content\/uploads\/2022\/06\/ssstwitter_1654263767.mp4<\/a><\/video><\/div>\n","protected":false},"excerpt":{"rendered":"<p>La estrella pop argentina se subi\u00f3 al escenario para cantar\u00a0\u201cLas maravillas de la vida\u201d, la canci\u00f3n en la que colabora con la banda de cumbia mexicana.\u00a0 Lali dijo presente en el tercer show que\u00a0Los \u00c1ngeles Azules\u00a0brindaron este jueves en el Luna Park y hasta se subi\u00f3 como invitada para cantar\u00a0\u201cLas Maravillas de la vida\u00bb, la [&hellip;]<\/p>\n","protected":false},"author":1,"featured_media":94579,"comment_status":"closed","ping_status":"closed","sticky":false,"template":"","format":"standard","meta":{"_seopress_robots_primary_cat":"","_seopress_titles_title":"","_seopress_titles_desc":"","_seopress_robots_index":"","footnotes":""},"categories":[5],"tags":[35205,35206,35204],"class_list":{"0":"post-94578","1":"post","2":"type-post","3":"status-publish","4":"format-standard","5":"has-post-thumbnail","7":"category-musica","8":"tag-lali-y-los-angeles-azules","9":"tag-lali-y-los-angeles-azules-en-el-luna-park","10":"tag-las-maravillas-de-la-vida"},"_links":{"self":[{"href":"https:\/\/www.cordobatimes.com\/showup\/wp-json\/wp\/v2\/posts\/94578","targetHints":{"allow":["GET"]}}],"collection":[{"href":"https:\/\/www.cordobatimes.com\/showup\/wp-json\/wp\/v2\/posts"}],"about":[{"href":"https:\/\/www.cordobatimes.com\/showup\/wp-json\/wp\/v2\/types\/post"}],"author":[{"embeddable":true,"href":"https:\/\/www.cordobatimes.com\/showup\/wp-json\/wp\/v2\/users\/1"}],"replies":[{"embeddable":true,"href":"https:\/\/www.cordobatimes.com\/showup\/wp-json\/wp\/v2\/comments?post=94578"}],"version-history":[{"count":0,"href":"https:\/\/www.cordobatimes.com\/showup\/wp-json\/wp\/v2\/posts\/94578\/revisions"}],"wp:featuredmedia":[{"embeddable":true,"href":"https:\/\/www.cordobatimes.com\/showup\/wp-json\/wp\/v2\/media\/94579"}],"wp:attachment":[{"href":"https:\/\/www.cordobatimes.com\/showup\/wp-json\/wp\/v2\/media?parent=94578"}],"wp:term":[{"taxonomy":"category","embeddable":true,"href":"https:\/\/www.cordobatimes.com\/showup\/wp-json\/wp\/v2\/categories?post=94578"},{"taxonomy":"post_tag","embeddable":true,"href":"https:\/\/www.cordobatimes.com\/showup\/wp-json\/wp\/v2\/tags?post=94578"}],"curies":[{"name":"wp","href":"https:\/\/api.w.org\/{rel}","templated":true}]}}