{"id":94537,"date":"2022-05-30T18:03:09","date_gmt":"2022-05-30T21:03:09","guid":{"rendered":"https:\/\/www.cordobatimes.com\/showup\/?p=94537"},"modified":"2022-05-30T18:03:09","modified_gmt":"2022-05-30T21:03:09","slug":"christina-aguilera-estreno-su-ep-la-tormenta-con-una-cancion-junto-a-tini","status":"publish","type":"post","link":"https:\/\/www.cordobatimes.com\/showup\/musica\/2022\/05\/30\/christina-aguilera-estreno-su-ep-la-tormenta-con-una-cancion-junto-a-tini\/","title":{"rendered":"Christina Aguilera estren\u00f3 su ep \u00abLa Tormenta\u00bb con una canci\u00f3n  junto a Tini"},"content":{"rendered":"<h3><strong>La famosa y exitosa cantante\u00a0Christina Aguilera acaba de estrenar su m\u00e1s reciente EP \u00abLa Tormenta\u00bb. Este nuevo disco contiene un total de cinco canciones con solo una colaboraci\u00f3n entre ellas.<\/strong><\/h3>\n<p>El cual se llama\u00a0\u00abSu\u00e9ltame\u00bb y es en conjunto con la artista argentina Tini. Por el momento no hay video musical, pero podemos esperar que esto suceda luego, ya que la misma Christina Aguilera tambi\u00e9n lanz\u00f3 el tema aparte como sencillo.<\/p>\n<p>E incluso d\u00edas antes comparti\u00f3 una foto junto a la int\u00e9rprete de \u00abCarne y Hueso\u00bb, dando a entender que la foto corresponder\u00eda al clip para la canci\u00f3n.<\/p>\n<blockquote class=\"twitter-tweet\">\n<p lang=\"en\" dir=\"ltr\">I want to fly someone special to LA Pride\u2708\ufe0f\ud83c\udf08 <\/p>\n<p>Pre-save my new EP La Tormenta and new single Sueltame, for a chance to join me for the celebration of a lifetime \u2728 <\/p>\n<p>Link: <a href=\"https:\/\/t.co\/i57PXQ6hmi\">https:\/\/t.co\/i57PXQ6hmi<\/a> <a href=\"https:\/\/t.co\/S8sEJ1nMv3\">pic.twitter.com\/S8sEJ1nMv3<\/a><\/p>\n<p>&mdash; Christina Aguilera (@xtina) <a href=\"https:\/\/twitter.com\/xtina\/status\/1528872341064732678?ref_src=twsrc%5Etfw\">May 23, 2022<\/a><\/p><\/blockquote>\n<p> <script async src=\"https:\/\/platform.twitter.com\/widgets.js\" charset=\"utf-8\"><\/script><\/p>\n<p>Ac\u00e1 te dejamos el nuevo EP de Christina Aguilera \u00abLa tormenta\u00bb:<\/p>\n<p><iframe loading=\"lazy\" src=\"https:\/\/open.spotify.com\/embed?uri=spotify%3Aalbum%3A0QqqgvhdpvsLgWDEuEEAjd\" width=\"300\" height=\"380\" frameborder=\"0\" style=\"border-radius: 12px;\"allowtransparency=\"true\" allow=\"encrypted-media\"><\/iframe><\/p>\n","protected":false},"excerpt":{"rendered":"<p>La famosa y exitosa cantante\u00a0Christina Aguilera acaba de estrenar su m\u00e1s reciente EP \u00abLa Tormenta\u00bb. Este nuevo disco contiene un total de cinco canciones con solo una colaboraci\u00f3n entre ellas. El cual se llama\u00a0\u00abSu\u00e9ltame\u00bb y es en conjunto con la artista argentina Tini. Por el momento no hay video musical, pero podemos esperar que esto [&hellip;]<\/p>\n","protected":false},"author":1,"featured_media":94538,"comment_status":"closed","ping_status":"closed","sticky":false,"template":"","format":"standard","meta":{"_seopress_robots_primary_cat":"","_seopress_titles_title":"","_seopress_titles_desc":"","_seopress_robots_index":"","footnotes":""},"categories":[5],"tags":[35178,35179,35180],"class_list":{"0":"post-94537","1":"post","2":"type-post","3":"status-publish","4":"format-standard","5":"has-post-thumbnail","7":"category-musica","8":"tag-christina-aguilera-ep-la-tormenta","9":"tag-christina-aguilera-y-tini-stoessel","10":"tag-christina-aguilera-y-tini-stoessel-sueltame"},"_links":{"self":[{"href":"https:\/\/www.cordobatimes.com\/showup\/wp-json\/wp\/v2\/posts\/94537","targetHints":{"allow":["GET"]}}],"collection":[{"href":"https:\/\/www.cordobatimes.com\/showup\/wp-json\/wp\/v2\/posts"}],"about":[{"href":"https:\/\/www.cordobatimes.com\/showup\/wp-json\/wp\/v2\/types\/post"}],"author":[{"embeddable":true,"href":"https:\/\/www.cordobatimes.com\/showup\/wp-json\/wp\/v2\/users\/1"}],"replies":[{"embeddable":true,"href":"https:\/\/www.cordobatimes.com\/showup\/wp-json\/wp\/v2\/comments?post=94537"}],"version-history":[{"count":0,"href":"https:\/\/www.cordobatimes.com\/showup\/wp-json\/wp\/v2\/posts\/94537\/revisions"}],"wp:featuredmedia":[{"embeddable":true,"href":"https:\/\/www.cordobatimes.com\/showup\/wp-json\/wp\/v2\/media\/94538"}],"wp:attachment":[{"href":"https:\/\/www.cordobatimes.com\/showup\/wp-json\/wp\/v2\/media?parent=94537"}],"wp:term":[{"taxonomy":"category","embeddable":true,"href":"https:\/\/www.cordobatimes.com\/showup\/wp-json\/wp\/v2\/categories?post=94537"},{"taxonomy":"post_tag","embeddable":true,"href":"https:\/\/www.cordobatimes.com\/showup\/wp-json\/wp\/v2\/tags?post=94537"}],"curies":[{"name":"wp","href":"https:\/\/api.w.org\/{rel}","templated":true}]}}