{"id":94501,"date":"2022-05-27T09:45:00","date_gmt":"2022-05-27T12:45:00","guid":{"rendered":"https:\/\/www.cordobatimes.com\/showup\/?p=94501"},"modified":"2022-05-27T09:45:00","modified_gmt":"2022-05-27T12:45:00","slug":"ciro-y-los-persas-estrenara-su-nuevo-disco-junto-a-la-filarmonica-de-mendoza","status":"publish","type":"post","link":"https:\/\/www.cordobatimes.com\/showup\/musica\/2022\/05\/27\/ciro-y-los-persas-estrenara-su-nuevo-disco-junto-a-la-filarmonica-de-mendoza\/","title":{"rendered":"Ciro y Los Persas estrenar\u00e1 su nuevo disco junto a la Filarm\u00f3nica de Mendoza"},"content":{"rendered":"<h3><strong>Andr\u00e9s Ciro Mart\u00ednez estrenar\u00e1 en las plataformas digitales, \u00abSue\u00f1os (Un viaje en el tiempo)\u00bb, junto a la Orquesta Filarm\u00f3nica de Mendoza<\/strong><\/h3>\n<p>El m\u00fasico\u00a0Andr\u00e9s Ciro Mart\u00ednez, l\u00edder de\u00a0Ciro y Los Persas, estrenar\u00e1 este viernes en las plataformas digitales su nuevo \u00e1lbum\u00a0\u00abSue\u00f1os (Un viaje en el tiempo)\u00bb, un repaso de treinta a\u00f1os de su historia en la m\u00fasica en un formato sinf\u00f3nico.<\/p>\n<p>Acompa\u00f1ado por la Orquesta Filarm\u00f3nica de Mendoza, el cantante entregar\u00e1 el segundo disco de una trilog\u00eda que comenz\u00f3 con\u00a0\u00abGuerras\u00bb, donde Ciro revisitaba su propio pasado para ofrecer versiones ac\u00fasticas.<\/p>\n<p>Entre las once canciones, habr\u00e1 cl\u00e1sicos de Los Piojos y de Ciro y Los Persas, adem\u00e1s de una nueva canci\u00f3n llamada\u00a0\u00abCarrusel\u00bb.<\/p>\n","protected":false},"excerpt":{"rendered":"<p>Andr\u00e9s Ciro Mart\u00ednez estrenar\u00e1 en las plataformas digitales, \u00abSue\u00f1os (Un viaje en el tiempo)\u00bb, junto a la Orquesta Filarm\u00f3nica de Mendoza El m\u00fasico\u00a0Andr\u00e9s Ciro Mart\u00ednez, l\u00edder de\u00a0Ciro y Los Persas, estrenar\u00e1 este viernes en las plataformas digitales su nuevo \u00e1lbum\u00a0\u00abSue\u00f1os (Un viaje en el tiempo)\u00bb, un repaso de treinta a\u00f1os de su historia en la [&hellip;]<\/p>\n","protected":false},"author":1,"featured_media":94502,"comment_status":"closed","ping_status":"closed","sticky":false,"template":"","format":"standard","meta":{"_seopress_robots_primary_cat":"","_seopress_titles_title":"","_seopress_titles_desc":"","_seopress_robots_index":"","footnotes":""},"categories":[5],"tags":[35173,35172],"class_list":{"0":"post-94501","1":"post","2":"type-post","3":"status-publish","4":"format-standard","5":"has-post-thumbnail","7":"category-musica","8":"tag-andres-ciro-martinez-suenos-un-viaje-en-el-tiempo","9":"tag-andres-ciro-martinez-filarmonica-de-mendoza"},"_links":{"self":[{"href":"https:\/\/www.cordobatimes.com\/showup\/wp-json\/wp\/v2\/posts\/94501","targetHints":{"allow":["GET"]}}],"collection":[{"href":"https:\/\/www.cordobatimes.com\/showup\/wp-json\/wp\/v2\/posts"}],"about":[{"href":"https:\/\/www.cordobatimes.com\/showup\/wp-json\/wp\/v2\/types\/post"}],"author":[{"embeddable":true,"href":"https:\/\/www.cordobatimes.com\/showup\/wp-json\/wp\/v2\/users\/1"}],"replies":[{"embeddable":true,"href":"https:\/\/www.cordobatimes.com\/showup\/wp-json\/wp\/v2\/comments?post=94501"}],"version-history":[{"count":0,"href":"https:\/\/www.cordobatimes.com\/showup\/wp-json\/wp\/v2\/posts\/94501\/revisions"}],"wp:featuredmedia":[{"embeddable":true,"href":"https:\/\/www.cordobatimes.com\/showup\/wp-json\/wp\/v2\/media\/94502"}],"wp:attachment":[{"href":"https:\/\/www.cordobatimes.com\/showup\/wp-json\/wp\/v2\/media?parent=94501"}],"wp:term":[{"taxonomy":"category","embeddable":true,"href":"https:\/\/www.cordobatimes.com\/showup\/wp-json\/wp\/v2\/categories?post=94501"},{"taxonomy":"post_tag","embeddable":true,"href":"https:\/\/www.cordobatimes.com\/showup\/wp-json\/wp\/v2\/tags?post=94501"}],"curies":[{"name":"wp","href":"https:\/\/api.w.org\/{rel}","templated":true}]}}