{"id":94456,"date":"2022-05-24T09:51:59","date_gmt":"2022-05-24T12:51:59","guid":{"rendered":"https:\/\/www.cordobatimes.com\/showup\/?p=94456"},"modified":"2022-05-24T09:51:59","modified_gmt":"2022-05-24T12:51:59","slug":"el-segundo-trailer-oficial-de-la-pelicula-elvis","status":"publish","type":"post","link":"https:\/\/www.cordobatimes.com\/showup\/cine-y-series\/2022\/05\/24\/el-segundo-trailer-oficial-de-la-pelicula-elvis\/","title":{"rendered":"El segundo trailer oficial de la pel\u00edcula \u201cElvis\u201d"},"content":{"rendered":"<h3><strong>Nuevas im\u00e1genes del ascendente Austin Butler como el cantante y m\u00e1s informaci\u00f3n del soundtrack<\/strong><\/h3>\n<p>Contexto social de Estados Unidos, la vor\u00e1gine en las presentaciones de\u00a0Elvis\u00a0y el nacimiento de la leyenda en el segundo trailer oficial de\u00a0Elvis, la nueva pel\u00edcula de\u00a0Baz Luhrmann\u00a0(Moulin Rogue) que contar\u00e1 con\u00a0Tom Hanks\u00a0como estrella destacada. El nuevo adelanto sale a menos de dos meses de su estreno que, adem\u00e1s, tendr\u00e1 presentaci\u00f3n oficial en el\u00a0Festival de cine internacional de Cannes.<\/p>\n<p>En el nuevo tr\u00e1iler,\u00a0Elvis\u00a0desaf\u00eda las advertencias y brinda una de las actuaciones m\u00e1s ic\u00f3nicas de sus comienzos con un tinte sexual, m\u00e1s im\u00e1genes de la relaci\u00f3n con su madre, el peligro que significaba para la falsa moralidad estadounidense a fines de los 60, su representante y su romance con Priscilla (Olivia DeJonge). Todo esto y m\u00e1s en el nuevo adelanto que brinda m\u00e1s informaci\u00f3n de lo que ser\u00e1 la pel\u00edcula que se estrena en julio en el cine.<\/p>\n<p>Elvis Presley\u00a0regresa a la pantalla grande de la mano de Luhrmann e interpretado por\u00a0Austin Butler\u00a0para pel\u00edcula biogr\u00e1fica del\u00a0Rey del rock&amp;roll. Esta propuesta cinematogr\u00e1fica abordar\u00e1 la historia detr\u00e1s del ascenso a la fama del cantante estadounidense, desde el lanzamiento de\u00a0Heartbreak Hotel\u00a0en 1956 hasta convertirse en un \u00edcono de la m\u00fasica y m\u00e1s all\u00e1 de ella.\u00a0Warner Bros.\u00a0dio a conocer m\u00e1s detalles en la sinopsis oficial: \u201cexplora la vida y la m\u00fasica de Elvis Presley (Butler), y su complicada relaci\u00f3n con su enigm\u00e1tico agente, el coronel Tom Parker (Tom Hanks). La historia profundiza en la compleja din\u00e1mica entre Presley y Parker que abarca m\u00e1s de 20 a\u00f1os, desde el ascenso de Presley a la fama hasta su estrellato sin precedentes, en el contexto del panorama cultural en los Estados Unidos. En el centro de ese viaje se encuentra una de las personas m\u00e1s significativas e influyentes en la vida de Elvis, Priscilla Presley\u201d.<\/p>\n<p>El nuevo tr\u00e1iler tambi\u00e9n muestra m\u00e1s de la banda sonora de la pel\u00edcula, que fue anunciada oficialmente. La lista incluye canciones originales y aportes de\u00a0Eminem,\u00a0Doja Cat,\u00a0Kacey Musgraves,\u00a0Jack White\u00a0y\u00a0Stevie Nicks, entre otros. Tambi\u00e9n rap y hip-hop con melod\u00edas cl\u00e1sicas de King y una nueva versi\u00f3n del favorito de Presley, \u201cHounddog\u201d.<\/p>\n<p><img alt=\"\" loading=\"lazy\" decoding=\"async\" class=\"alignnone size-medium wp-image-94458\" src=\"https:\/\/www.cordobatimes.com\/showup\/wp-content\/uploads\/2022\/05\/Pantallazo-24-05-2022-09.44.40-750x330.jpg\" alt=\"\" width=\"750\" height=\"330\" srcset=\"https:\/\/www.cordobatimes.com\/showup\/wp-content\/uploads\/2022\/05\/Pantallazo-24-05-2022-09.44.40-750x330.jpg 750w, https:\/\/www.cordobatimes.com\/showup\/wp-content\/uploads\/2022\/05\/Pantallazo-24-05-2022-09.44.40-696x306.jpg 696w, https:\/\/www.cordobatimes.com\/showup\/wp-content\/uploads\/2022\/05\/Pantallazo-24-05-2022-09.44.40.jpg 755w\" sizes=\"auto, (max-width: 750px) 100vw, 750px\" \/><\/p>\n<p><iframe loading=\"lazy\" width=\"560\" height=\"315\" src=\"https:\/\/www.youtube.com\/embed\/184kYPLG3Uk\" title=\"YouTube video player\" frameborder=\"0\" allow=\"accelerometer; autoplay; clipboard-write; encrypted-media; gyroscope; picture-in-picture\" allowfullscreen><\/iframe><\/p>\n","protected":false},"excerpt":{"rendered":"<p>Nuevas im\u00e1genes del ascendente Austin Butler como el cantante y m\u00e1s informaci\u00f3n del soundtrack Contexto social de Estados Unidos, la vor\u00e1gine en las presentaciones de\u00a0Elvis\u00a0y el nacimiento de la leyenda en el segundo trailer oficial de\u00a0Elvis, la nueva pel\u00edcula de\u00a0Baz Luhrmann\u00a0(Moulin Rogue) que contar\u00e1 con\u00a0Tom Hanks\u00a0como estrella destacada. El nuevo adelanto sale a menos de [&hellip;]<\/p>\n","protected":false},"author":1,"featured_media":94457,"comment_status":"closed","ping_status":"closed","sticky":false,"template":"","format":"standard","meta":{"_seopress_robots_primary_cat":"","_seopress_titles_title":"","_seopress_titles_desc":"","_seopress_robots_index":"","footnotes":""},"categories":[3],"tags":[35150,34544,35149],"class_list":{"0":"post-94456","1":"post","2":"type-post","3":"status-publish","4":"format-standard","5":"has-post-thumbnail","7":"category-cine-y-series","8":"tag-pelicula-elvis","9":"tag-pelicula-de-elvis-presley","10":"tag-segundo-trailer-oficial-de-la-pelicula-elvis"},"_links":{"self":[{"href":"https:\/\/www.cordobatimes.com\/showup\/wp-json\/wp\/v2\/posts\/94456","targetHints":{"allow":["GET"]}}],"collection":[{"href":"https:\/\/www.cordobatimes.com\/showup\/wp-json\/wp\/v2\/posts"}],"about":[{"href":"https:\/\/www.cordobatimes.com\/showup\/wp-json\/wp\/v2\/types\/post"}],"author":[{"embeddable":true,"href":"https:\/\/www.cordobatimes.com\/showup\/wp-json\/wp\/v2\/users\/1"}],"replies":[{"embeddable":true,"href":"https:\/\/www.cordobatimes.com\/showup\/wp-json\/wp\/v2\/comments?post=94456"}],"version-history":[{"count":0,"href":"https:\/\/www.cordobatimes.com\/showup\/wp-json\/wp\/v2\/posts\/94456\/revisions"}],"wp:featuredmedia":[{"embeddable":true,"href":"https:\/\/www.cordobatimes.com\/showup\/wp-json\/wp\/v2\/media\/94457"}],"wp:attachment":[{"href":"https:\/\/www.cordobatimes.com\/showup\/wp-json\/wp\/v2\/media?parent=94456"}],"wp:term":[{"taxonomy":"category","embeddable":true,"href":"https:\/\/www.cordobatimes.com\/showup\/wp-json\/wp\/v2\/categories?post=94456"},{"taxonomy":"post_tag","embeddable":true,"href":"https:\/\/www.cordobatimes.com\/showup\/wp-json\/wp\/v2\/tags?post=94456"}],"curies":[{"name":"wp","href":"https:\/\/api.w.org\/{rel}","templated":true}]}}