{"id":94436,"date":"2022-05-20T12:04:19","date_gmt":"2022-05-20T15:04:19","guid":{"rendered":"https:\/\/www.cordobatimes.com\/showup\/?p=94436"},"modified":"2022-05-20T12:04:19","modified_gmt":"2022-05-20T15:04:19","slug":"dua-lipa-participara-en-la-pelicula-de-barbie","status":"publish","type":"post","link":"https:\/\/www.cordobatimes.com\/showup\/cine-y-series\/2022\/05\/20\/dua-lipa-participara-en-la-pelicula-de-barbie\/","title":{"rendered":"Dua Lipa participar\u00e1 en la pel\u00edcula de \u00abBarbie\u00bb"},"content":{"rendered":"<h3><strong>Dua Lipa no solo presume de ser una de las estrellas del pop m\u00e1s famosas y exitosas de los \u00faltimos tiempos, ahora est\u00e1 muy emocionada buscando conquistar la industria del cine.<\/strong><\/h3>\n<p>Desde que Warner Bros. Pictures anunci\u00f3 que el live-action de Barbie estaba en camino, los amantes de la cl\u00e1sica mu\u00f1eca enloquecieron con la novedad. A partir de ese momento, las incorporaciones al reparto se convirtieron en tema de conversaci\u00f3n. En primer lugar fue Margot Robbie como Barbie, luego fue Ryan Gosling como Ken. Pero ahora una exitosa cantante estar\u00eda lista para unirse al elenco. Se trata de Dua Lipa.<\/p>\n<p>Hace 63 a\u00f1os el juguete de Mattel sali\u00f3 al mercado para transformarse en una marca que atraves\u00f3 generaciones completas. Con m\u00faltiples adaptaciones en pantalla, ahora una de las historias de Barbie dejar\u00e1 el formato animado para ser interpretada por figuras como la actriz de Harley Quinn. Pero\u2026 \u00a1no estar\u00e1 sola! Ryan Gosling,\u00a0Emma Mackey, Ncuti Gatwa, Simu Liu, America Ferreira y Kate McKinnon\u00a0la acompa\u00f1ar\u00e1n.<\/p>\n<p>Y aunque las primeras im\u00e1genes de sus caracterizaciones dejaron en claro que la producci\u00f3n comenz\u00f3 hace rato, una nueva incorporaci\u00f3n estar\u00eda a punto de confirmarse. As\u00ed lo hizo saber el peri\u00f3dico The Sun, que asegur\u00f3 que Dua Lipa firm\u00f3 su contrato para sumarse a lo que promete ser un \u00e9xito. \u00bfSer\u00e1 con un cameo o con un personaje? Por el momento, ninguno de estos detalles ha sido informado de manera oficial.<\/p>\n<p>Aunque a\u00fan no se ha visto a la cantante brit\u00e1nica en su faceta de actriz, no ser\u00e1 su primera vez en el set de filmaci\u00f3n. Es que -m\u00e1s all\u00e1 de su trabajo en videoclips- Dua Lipa recientemente trabaj\u00f3 en\u00a0Argylle. Se trata de la adaptaci\u00f3n de la novela publicada por\u00a0Ellie Conway\u00a0en el marco de una trilog\u00eda. Bajo la producci\u00f3n de\u00a0Apple, consiste en un thriller psicol\u00f3gico que tendr\u00e1 como protagonista a\u00a0Henry Cavill\u00a0y que tiene su estreno programado para este mismo a\u00f1o.<\/p>\n","protected":false},"excerpt":{"rendered":"<p>Dua Lipa no solo presume de ser una de las estrellas del pop m\u00e1s famosas y exitosas de los \u00faltimos tiempos, ahora est\u00e1 muy emocionada buscando conquistar la industria del cine. Desde que Warner Bros. Pictures anunci\u00f3 que el live-action de Barbie estaba en camino, los amantes de la cl\u00e1sica mu\u00f1eca enloquecieron con la novedad. [&hellip;]<\/p>\n","protected":false},"author":1,"featured_media":94437,"comment_status":"closed","ping_status":"closed","sticky":false,"template":"","format":"standard","meta":{"_seopress_robots_primary_cat":"","_seopress_titles_title":"","_seopress_titles_desc":"","_seopress_robots_index":"","footnotes":""},"categories":[3],"tags":[35139,35138,18258],"class_list":{"0":"post-94436","1":"post","2":"type-post","3":"status-publish","4":"format-standard","5":"has-post-thumbnail","7":"category-cine-y-series","8":"tag-dua-lipa-barbie","9":"tag-dua-lipa-pelicula-de-barbie","10":"tag-pelicula-de-barbie"},"_links":{"self":[{"href":"https:\/\/www.cordobatimes.com\/showup\/wp-json\/wp\/v2\/posts\/94436","targetHints":{"allow":["GET"]}}],"collection":[{"href":"https:\/\/www.cordobatimes.com\/showup\/wp-json\/wp\/v2\/posts"}],"about":[{"href":"https:\/\/www.cordobatimes.com\/showup\/wp-json\/wp\/v2\/types\/post"}],"author":[{"embeddable":true,"href":"https:\/\/www.cordobatimes.com\/showup\/wp-json\/wp\/v2\/users\/1"}],"replies":[{"embeddable":true,"href":"https:\/\/www.cordobatimes.com\/showup\/wp-json\/wp\/v2\/comments?post=94436"}],"version-history":[{"count":0,"href":"https:\/\/www.cordobatimes.com\/showup\/wp-json\/wp\/v2\/posts\/94436\/revisions"}],"wp:featuredmedia":[{"embeddable":true,"href":"https:\/\/www.cordobatimes.com\/showup\/wp-json\/wp\/v2\/media\/94437"}],"wp:attachment":[{"href":"https:\/\/www.cordobatimes.com\/showup\/wp-json\/wp\/v2\/media?parent=94436"}],"wp:term":[{"taxonomy":"category","embeddable":true,"href":"https:\/\/www.cordobatimes.com\/showup\/wp-json\/wp\/v2\/categories?post=94436"},{"taxonomy":"post_tag","embeddable":true,"href":"https:\/\/www.cordobatimes.com\/showup\/wp-json\/wp\/v2\/tags?post=94436"}],"curies":[{"name":"wp","href":"https:\/\/api.w.org\/{rel}","templated":true}]}}