{"id":94433,"date":"2022-05-20T11:28:03","date_gmt":"2022-05-20T14:28:03","guid":{"rendered":"https:\/\/www.cordobatimes.com\/showup\/?p=94433"},"modified":"2022-05-20T11:28:03","modified_gmt":"2022-05-20T14:28:03","slug":"harry-styles-estrena-su-esperado-tercer-disco-harrys-house","status":"publish","type":"post","link":"https:\/\/www.cordobatimes.com\/showup\/musica\/2022\/05\/20\/harry-styles-estrena-su-esperado-tercer-disco-harrys-house\/","title":{"rendered":"Harry Styles estrena su esperado tercer disco \u00abHarry&#8217;s House\u00bb"},"content":{"rendered":"<h3><strong>Este viernes 20 de mayo el cantante brit\u00e1nico\u00a0Harry Styles\u00a0estren\u00f3 su esperado tercer disco de estudio titulado\u00a0\u00abHarry&#8217;s House\u00bb.<\/strong><\/h3>\n<p>La placa, cuyo primer sencillo fue el hit \u00abAs it was\u00bb, contiene\u00a013 temas\u00a0en los que el ex One Direction logra pasearse por una\u00a0variedad de sonidos: desde suaves tonadas ac\u00fasticas hasta vistosos sintetizadores ochenteros y segmentos de bronce.<\/p>\n<p>\u00abCumple con un mont\u00f3n de objetivos y\u00a0tiene un carisma abundante, convirti\u00e9ndolo en la perfecta reflexi\u00f3n de la estrella pop que lo compuso\u00bb, asegur\u00f3 el peri\u00f3dico ingl\u00e9s\u00a0The Guardian, que premi\u00f3 al disco con una puntuaci\u00f3n de 4\/5.<\/p>\n<p>La revista\u00a0NME\u00a0lo calific\u00f3 como \u00abuna cosa m\u00e1gica,\u00a0un disco en el que quieres vivir\u00a0hasta conocer todos sus rincones y sus grietas en detalle\u00bb. En tanto el portal\u00a0Variety\u00a0defini\u00f3 al \u00e1lbum como \u00abel m\u00e1s \u00edntimo\u00bb de la carrera de Styles.<\/p>\n<p>\u00abHarry&#8217;s House\u00bb ya est\u00e1 disponible en plataformas digitales.<\/p>\n<p><iframe loading=\"lazy\" src=\"https:\/\/open.spotify.com\/embed?uri=spotify%3Aalbum%3A5r36AJ6VOJtp00oxSkBZ5h\" width=\"300\" height=\"380\" frameborder=\"0\" style=\"border-radius: 12px;\"allowtransparency=\"true\" allow=\"encrypted-media\"><\/iframe><\/p>\n","protected":false},"excerpt":{"rendered":"<p>Este viernes 20 de mayo el cantante brit\u00e1nico\u00a0Harry Styles\u00a0estren\u00f3 su esperado tercer disco de estudio titulado\u00a0\u00abHarry&#8217;s House\u00bb. La placa, cuyo primer sencillo fue el hit \u00abAs it was\u00bb, contiene\u00a013 temas\u00a0en los que el ex One Direction logra pasearse por una\u00a0variedad de sonidos: desde suaves tonadas ac\u00fasticas hasta vistosos sintetizadores ochenteros y segmentos de bronce. \u00abCumple [&hellip;]<\/p>\n","protected":false},"author":1,"featured_media":94434,"comment_status":"closed","ping_status":"closed","sticky":false,"template":"","format":"standard","meta":{"_seopress_robots_primary_cat":"","_seopress_titles_title":"","_seopress_titles_desc":"","_seopress_robots_index":"","footnotes":""},"categories":[5],"tags":[35137,35136],"class_list":{"0":"post-94433","1":"post","2":"type-post","3":"status-publish","4":"format-standard","5":"has-post-thumbnail","7":"category-musica","8":"tag-harry-styles-harrys-house","9":"tag-tercer-disco-de-harry-styles"},"_links":{"self":[{"href":"https:\/\/www.cordobatimes.com\/showup\/wp-json\/wp\/v2\/posts\/94433","targetHints":{"allow":["GET"]}}],"collection":[{"href":"https:\/\/www.cordobatimes.com\/showup\/wp-json\/wp\/v2\/posts"}],"about":[{"href":"https:\/\/www.cordobatimes.com\/showup\/wp-json\/wp\/v2\/types\/post"}],"author":[{"embeddable":true,"href":"https:\/\/www.cordobatimes.com\/showup\/wp-json\/wp\/v2\/users\/1"}],"replies":[{"embeddable":true,"href":"https:\/\/www.cordobatimes.com\/showup\/wp-json\/wp\/v2\/comments?post=94433"}],"version-history":[{"count":0,"href":"https:\/\/www.cordobatimes.com\/showup\/wp-json\/wp\/v2\/posts\/94433\/revisions"}],"wp:featuredmedia":[{"embeddable":true,"href":"https:\/\/www.cordobatimes.com\/showup\/wp-json\/wp\/v2\/media\/94434"}],"wp:attachment":[{"href":"https:\/\/www.cordobatimes.com\/showup\/wp-json\/wp\/v2\/media?parent=94433"}],"wp:term":[{"taxonomy":"category","embeddable":true,"href":"https:\/\/www.cordobatimes.com\/showup\/wp-json\/wp\/v2\/categories?post=94433"},{"taxonomy":"post_tag","embeddable":true,"href":"https:\/\/www.cordobatimes.com\/showup\/wp-json\/wp\/v2\/tags?post=94433"}],"curies":[{"name":"wp","href":"https:\/\/api.w.org\/{rel}","templated":true}]}}