{"id":94398,"date":"2022-05-19T10:17:37","date_gmt":"2022-05-19T13:17:37","guid":{"rendered":"https:\/\/www.cordobatimes.com\/showup\/?p=94398"},"modified":"2022-05-19T10:17:37","modified_gmt":"2022-05-19T13:17:37","slug":"el-fotografo-y-el-cartero-el-crimen-de-cabezas-un-documental-directo-a-la-memoria","status":"publish","type":"post","link":"https:\/\/www.cordobatimes.com\/showup\/cine-y-series\/2022\/05\/19\/el-fotografo-y-el-cartero-el-crimen-de-cabezas-un-documental-directo-a-la-memoria\/","title":{"rendered":"\u00abEl fot\u00f3grafo y el cartero: el crimen de Cabezas\u00bb  un documental directo a la memoria"},"content":{"rendered":"<h3><strong>A trav\u00e9s de material de archivo y testimonios exclusivos, la pel\u00edcula documental relata las circunstancias que rodearon al crimen del fot\u00f3grafo Jos\u00e9 Luis Cabezas en 1997<\/strong><\/h3>\n<p>El 25 de enero de 1997 el pa\u00eds entero conoc\u00eda la noticia de que\u00a0Jos\u00e9 Luis Cabezas\u00a0hab\u00eda sido asesinado. El nombre del reportero grafico y fot\u00f3grafo de la revista Noticias quedar\u00eda instalado para siempre en la memoria colectiva. Cabezas fue la victima fatal de un entramado pol\u00edtico-policial y de corrupci\u00f3n empresarial que hoy, 25 a\u00f1os despu\u00e9s, es el motivo detr\u00e1s de la pel\u00edcula\u00a0documental\u00a0estrenada por\u00a0Netflix:\u00a0\u00abEl fot\u00f3grafo y el cartero: el crimen de Cabezas\u00bb.<\/p>\n<p>La pel\u00edcula documental dirigida por Hartmann y producida por\u00a0Vanessa Ragone\u00a0(El secreto de sus ojos, y la miniserie\u00a0Carmel: \u00bfQui\u00e9n mat\u00f3 a Mar\u00eda Marta?, que tambi\u00e9n dirigi\u00f3 Hartmann) no busca cuestionar o presentar nuevas teor\u00edas sobre el crimen como puede verse en muchos documentales \u00abtrue crime\u00bb recientes.\u00a0\u00abEl fot\u00f3grafo y el cartero: el crimen de Cabezas\u00bb\u00a0es una excelente oportunidad para que 25 a\u00f1os podamos o\u00edr hablar sobre Jos\u00e9 Luis Cabezas, sobre como fue llevado el caso por la justicia, la responsabilidad de la polic\u00eda, la pol\u00edtica y tambi\u00e9n es una buena manera de poder conocer un poco m\u00e1s sobre Alfredo Yabr\u00e1n, otro personaje clave de esta historia.<\/p>\n<p><iframe loading=\"lazy\" title=\"YouTube video player\" src=\"https:\/\/www.youtube.com\/embed\/S22D7y4relg\" width=\"560\" height=\"315\" frameborder=\"0\" allowfullscreen=\"allowfullscreen\"><\/iframe><\/p>\n<p>El documental cuenta con entrevistas a: Gabriel Michi, Mariano Cazeaux, Alejandro Vecchi, Eduardo Duhalde, Oscar Andreani, Ra\u00fal Arag\u00f3n, Osvaldo Baratucci, Cora Gamarnik, Miguel Gaya, Dr. Jorge G\u00f3mez Pombo, Gustavo Gonz\u00e1lez, Manuel Lazo, Eduardo Longoni, Lorena Maciel, Julio Menajovsky, Ricardo Ragendorfer, Hugo Ropero, Edgardo Zunino y esta disponible desde hoy en Netflix.<\/p>\n","protected":false},"excerpt":{"rendered":"<p>A trav\u00e9s de material de archivo y testimonios exclusivos, la pel\u00edcula documental relata las circunstancias que rodearon al crimen del fot\u00f3grafo Jos\u00e9 Luis Cabezas en 1997 El 25 de enero de 1997 el pa\u00eds entero conoc\u00eda la noticia de que\u00a0Jos\u00e9 Luis Cabezas\u00a0hab\u00eda sido asesinado. El nombre del reportero grafico y fot\u00f3grafo de la revista Noticias [&hellip;]<\/p>\n","protected":false},"author":1,"featured_media":94399,"comment_status":"closed","ping_status":"closed","sticky":false,"template":"","format":"standard","meta":{"_seopress_robots_primary_cat":"","_seopress_titles_title":"","_seopress_titles_desc":"","_seopress_robots_index":"","footnotes":""},"categories":[3],"tags":[35130,35129],"class_list":{"0":"post-94398","1":"post","2":"type-post","3":"status-publish","4":"format-standard","5":"has-post-thumbnail","7":"category-cine-y-series","8":"tag-crimen-del-fotografo-jose-luis-cabezas","9":"tag-documental-el-fotografo-y-el-cartero-el-crimen-de-cabezas"},"_links":{"self":[{"href":"https:\/\/www.cordobatimes.com\/showup\/wp-json\/wp\/v2\/posts\/94398","targetHints":{"allow":["GET"]}}],"collection":[{"href":"https:\/\/www.cordobatimes.com\/showup\/wp-json\/wp\/v2\/posts"}],"about":[{"href":"https:\/\/www.cordobatimes.com\/showup\/wp-json\/wp\/v2\/types\/post"}],"author":[{"embeddable":true,"href":"https:\/\/www.cordobatimes.com\/showup\/wp-json\/wp\/v2\/users\/1"}],"replies":[{"embeddable":true,"href":"https:\/\/www.cordobatimes.com\/showup\/wp-json\/wp\/v2\/comments?post=94398"}],"version-history":[{"count":0,"href":"https:\/\/www.cordobatimes.com\/showup\/wp-json\/wp\/v2\/posts\/94398\/revisions"}],"wp:featuredmedia":[{"embeddable":true,"href":"https:\/\/www.cordobatimes.com\/showup\/wp-json\/wp\/v2\/media\/94399"}],"wp:attachment":[{"href":"https:\/\/www.cordobatimes.com\/showup\/wp-json\/wp\/v2\/media?parent=94398"}],"wp:term":[{"taxonomy":"category","embeddable":true,"href":"https:\/\/www.cordobatimes.com\/showup\/wp-json\/wp\/v2\/categories?post=94398"},{"taxonomy":"post_tag","embeddable":true,"href":"https:\/\/www.cordobatimes.com\/showup\/wp-json\/wp\/v2\/tags?post=94398"}],"curies":[{"name":"wp","href":"https:\/\/api.w.org\/{rel}","templated":true}]}}