{"id":94221,"date":"2022-05-11T09:21:18","date_gmt":"2022-05-11T12:21:18","guid":{"rendered":"https:\/\/www.cordobatimes.com\/showup\/?p=94221"},"modified":"2022-05-11T09:21:18","modified_gmt":"2022-05-11T12:21:18","slug":"fabiana-cantilo-fue-declarada-personalidad-destacada-de-la-cultura-de-la-ciudad-de-buenos-aires","status":"publish","type":"post","link":"https:\/\/www.cordobatimes.com\/showup\/musica\/2022\/05\/11\/fabiana-cantilo-fue-declarada-personalidad-destacada-de-la-cultura-de-la-ciudad-de-buenos-aires\/","title":{"rendered":"Fabiana Cantilo fue declarada personalidad destacada de la cultura de la Ciudad de Buenos Aires"},"content":{"rendered":"<h3><strong>Cantilo comenz\u00f3 su concierto con el tango \u00abBalada para un loco\u00bb, una pieza especial para ella, ya que la enton\u00f3 a los nueve a\u00f1os en un acto escolar, en presencia de su autor, Astor Piazzolla y su principal int\u00e9rprete, Amelita Baltar.<\/strong><\/h3>\n<p>Fabiana Cantilo fue declarada este martes personalidad destacada de la cultura de la Ciudad de Buenos Aires en la Legislatura porte\u00f1a, donde dio un concierto en el que cant\u00f3 tango y rock, con la participaci\u00f3n estelar de Fito P\u00e1ez.<\/p>\n<p>En el Sal\u00f3n Dorado, donde se realizan los eventos m\u00e1s importantes de la Legislatura porte\u00f1a, Cantilo comenz\u00f3 su concierto con el tango\u00a0\u00abBalada para un loco\u00bb, una pieza especial para ella, ya que la cant\u00f3 a los nueve a\u00f1os en un acto escolar, en presencia de su autor,\u00a0Astor Piazzolla\u00a0y su principal int\u00e9rprete,\u00a0Amelita Baltar.<\/p>\n<p>En esta pieza la acompa\u00f1aron dos de sus m\u00fasicos:\u00a0Marian Pellegrino\u00a0(guitarra) y Cay Guti\u00e9rrez (piano).<\/p>\n<p><img alt=\"\" loading=\"lazy\" decoding=\"async\" class=\"alignnone size-medium wp-image-94223\" src=\"https:\/\/www.cordobatimes.com\/showup\/wp-content\/uploads\/2022\/05\/Pantallazo-11-05-2022-09.02.13-750x415.jpg\" alt=\"\" width=\"750\" height=\"415\" srcset=\"https:\/\/www.cordobatimes.com\/showup\/wp-content\/uploads\/2022\/05\/Pantallazo-11-05-2022-09.02.13-750x415.jpg 750w, https:\/\/www.cordobatimes.com\/showup\/wp-content\/uploads\/2022\/05\/Pantallazo-11-05-2022-09.02.13-1024x567.jpg 1024w, https:\/\/www.cordobatimes.com\/showup\/wp-content\/uploads\/2022\/05\/Pantallazo-11-05-2022-09.02.13-760x420.jpg 760w, https:\/\/www.cordobatimes.com\/showup\/wp-content\/uploads\/2022\/05\/Pantallazo-11-05-2022-09.02.13-768x425.jpg 768w, https:\/\/www.cordobatimes.com\/showup\/wp-content\/uploads\/2022\/05\/Pantallazo-11-05-2022-09.02.13-696x385.jpg 696w, https:\/\/www.cordobatimes.com\/showup\/wp-content\/uploads\/2022\/05\/Pantallazo-11-05-2022-09.02.13-759x420.jpg 759w, https:\/\/www.cordobatimes.com\/showup\/wp-content\/uploads\/2022\/05\/Pantallazo-11-05-2022-09.02.13.jpg 1050w\" sizes=\"auto, (max-width: 750px) 100vw, 750px\" \/><\/p>\n<p>Antes de comenzar el recital, la cantante recibi\u00f3 el diploma de personalidad destacada de la mano de la legisladora\u00a0Mar\u00eda Luisa Gonz\u00e1\u00f1ez Estevarena\u00a0y del Ministro de Cultura de la Ciudad,\u00a0Enrique Avogadro, y luego lo entreg\u00f3 a su madre,\u00a0Silvina Luro, quien se encontraba entre el p\u00fablico, en primera fila, junto a los artistas\u00a0Fernando Noy, Eugenio Cuttica, Julia Zenko\u00a0e\u00a0Hilda Lizarazu.<\/p>\n<p>La segunda canci\u00f3n que interpret\u00f3 Fabiana fue\u00a0\u00abS\u00faperheroes\u00bb, de\u00a0Charly Garc\u00eda. \u00abEsta canci\u00f3n hermosa es del sel se\u00f1or que me dijo &#8216;vos, ven\u00ed para ac\u00e1&#8217;, y eso fue como decirme &#8216;entr\u00e1 al rock'\u00bb, cont\u00f3 Fabiana al recordar la invitaci\u00f3n que le hizo Charly a principios de los &#8217;80 para que participara, junto con las\u00a0Bay Biscuits, de los recitales de\u00a0Ser\u00fa Gir\u00e1n.<\/p>\n<p>Para este momento del repertorio subieron al escenario el resto de los m\u00fasicos:\u00a0Dar\u00edo Casciaro\u00a0(guitarra),\u00a0Silvio Ottolini\u00a0(percusi\u00f3n) y\u00a0Marisa Mere\u00a0(voz).<\/p>\n<p>La tercera pieza fue\u00a0\u00abLa batalla\u00bb, compuesta por ella y lanzada en 2021.<\/p>\n<p>\u00abEsto es lo que pienso que pas\u00f3 en estos dos \u00faltimos dos a\u00f1os: una batalla entre el bien y el mal\u00bb, dijo Cantilo mientras tomaba la guitarra para dar los primeros acordes, quiz\u00e1s en referencia a la pandemia.<\/p>\n<p>Despu\u00e9s, se confirm\u00f3 el rumor que corr\u00eda entre el p\u00fablico sobre un invitado especial no confirmado: entr\u00f3 Fito P\u00e1ez al Sal\u00f3n Dorado.<\/p>\n<p><img alt=\"\" loading=\"lazy\" decoding=\"async\" class=\"alignnone size-medium wp-image-94224\" src=\"https:\/\/www.cordobatimes.com\/showup\/wp-content\/uploads\/2022\/05\/Pantallazo-11-05-2022-09.14.08-750x335.jpg\" alt=\"\" width=\"750\" height=\"335\" srcset=\"https:\/\/www.cordobatimes.com\/showup\/wp-content\/uploads\/2022\/05\/Pantallazo-11-05-2022-09.14.08-750x335.jpg 750w, https:\/\/www.cordobatimes.com\/showup\/wp-content\/uploads\/2022\/05\/Pantallazo-11-05-2022-09.14.08-1024x457.jpg 1024w, https:\/\/www.cordobatimes.com\/showup\/wp-content\/uploads\/2022\/05\/Pantallazo-11-05-2022-09.14.08-760x339.jpg 760w, https:\/\/www.cordobatimes.com\/showup\/wp-content\/uploads\/2022\/05\/Pantallazo-11-05-2022-09.14.08-768x343.jpg 768w, https:\/\/www.cordobatimes.com\/showup\/wp-content\/uploads\/2022\/05\/Pantallazo-11-05-2022-09.14.08-696x311.jpg 696w, https:\/\/www.cordobatimes.com\/showup\/wp-content\/uploads\/2022\/05\/Pantallazo-11-05-2022-09.14.08-1068x477.jpg 1068w, https:\/\/www.cordobatimes.com\/showup\/wp-content\/uploads\/2022\/05\/Pantallazo-11-05-2022-09.14.08-941x420.jpg 941w, https:\/\/www.cordobatimes.com\/showup\/wp-content\/uploads\/2022\/05\/Pantallazo-11-05-2022-09.14.08.jpg 1353w\" sizes=\"auto, (max-width: 750px) 100vw, 750px\" \/><\/p>\n<p>En primer lugar, P\u00e1ez ley\u00f3 un texto que escribi\u00f3 especialmente para la ocasi\u00f3n y en el que\u00a0defini\u00f3 a su amiga como una \u00abmujer libre\u00bb que \u00abirradia alegr\u00eda y comuni\u00f3n\u00bb pero que tambi\u00e9n \u00absupo ser la chica brava del lugar\u00bb.<\/p>\n<p>El m\u00fasico, adem\u00e1s, asegur\u00f3 que la \u00abvoz de terciopelo\u00bb de Cantilo \u00abembriag\u00f3 a varias generaciones\u00bb.<\/p>\n<p>\u00abHermana de todos mis d\u00edas, chica sexy, Cleopatra porte\u00f1a, la que desand\u00f3 adicciones con la frente en alto\u00bb, dijo en otro tramo de su discurso, y agreg\u00f3 que Fabiana fue\u00a0\u00abla \u00fanica persona con quien Charly (Garc\u00eda) se dign\u00f3 a improvisar\u00bb.<\/p>\n<p>Cantilo, P\u00e1ez y el resto de los m\u00fasicos cerraron luego el concierto con\u00a0\u00abRevolution\u00bb, de la legendaria banda brit\u00e1nica Los Beatles.<\/p>\n<p>La iniciativa de declarar a Fabiana como personalidad destacada fue aprobada por unanimidad, es decir con el voto de todos los espacios pol\u00edticos, en noviembre del a\u00f1o pasado.<\/p>\n","protected":false},"excerpt":{"rendered":"<p>Cantilo comenz\u00f3 su concierto con el tango \u00abBalada para un loco\u00bb, una pieza especial para ella, ya que la enton\u00f3 a los nueve a\u00f1os en un acto escolar, en presencia de su autor, Astor Piazzolla y su principal int\u00e9rprete, Amelita Baltar. Fabiana Cantilo fue declarada este martes personalidad destacada de la cultura de la Ciudad [&hellip;]<\/p>\n","protected":false},"author":1,"featured_media":94222,"comment_status":"closed","ping_status":"closed","sticky":false,"template":"","format":"standard","meta":{"_seopress_robots_primary_cat":"","_seopress_titles_title":"","_seopress_titles_desc":"","_seopress_robots_index":"","footnotes":""},"categories":[5],"tags":[35089],"class_list":{"0":"post-94221","1":"post","2":"type-post","3":"status-publish","4":"format-standard","5":"has-post-thumbnail","7":"category-musica","8":"tag-fabiana-cantilo-personalidad-destacada-de-la-cultura-de-la-ciudad-de-buenos-aires"},"_links":{"self":[{"href":"https:\/\/www.cordobatimes.com\/showup\/wp-json\/wp\/v2\/posts\/94221","targetHints":{"allow":["GET"]}}],"collection":[{"href":"https:\/\/www.cordobatimes.com\/showup\/wp-json\/wp\/v2\/posts"}],"about":[{"href":"https:\/\/www.cordobatimes.com\/showup\/wp-json\/wp\/v2\/types\/post"}],"author":[{"embeddable":true,"href":"https:\/\/www.cordobatimes.com\/showup\/wp-json\/wp\/v2\/users\/1"}],"replies":[{"embeddable":true,"href":"https:\/\/www.cordobatimes.com\/showup\/wp-json\/wp\/v2\/comments?post=94221"}],"version-history":[{"count":0,"href":"https:\/\/www.cordobatimes.com\/showup\/wp-json\/wp\/v2\/posts\/94221\/revisions"}],"wp:featuredmedia":[{"embeddable":true,"href":"https:\/\/www.cordobatimes.com\/showup\/wp-json\/wp\/v2\/media\/94222"}],"wp:attachment":[{"href":"https:\/\/www.cordobatimes.com\/showup\/wp-json\/wp\/v2\/media?parent=94221"}],"wp:term":[{"taxonomy":"category","embeddable":true,"href":"https:\/\/www.cordobatimes.com\/showup\/wp-json\/wp\/v2\/categories?post=94221"},{"taxonomy":"post_tag","embeddable":true,"href":"https:\/\/www.cordobatimes.com\/showup\/wp-json\/wp\/v2\/tags?post=94221"}],"curies":[{"name":"wp","href":"https:\/\/api.w.org\/{rel}","templated":true}]}}