{"id":94208,"date":"2022-05-10T10:26:27","date_gmt":"2022-05-10T13:26:27","guid":{"rendered":"https:\/\/www.cordobatimes.com\/showup\/?p=94208"},"modified":"2022-05-10T12:00:50","modified_gmt":"2022-05-10T15:00:50","slug":"pity-alvarez-volvio-a-cantar","status":"publish","type":"post","link":"https:\/\/www.cordobatimes.com\/showup\/musica\/2022\/05\/10\/pity-alvarez-volvio-a-cantar\/","title":{"rendered":"Pity \u00c1lvarez volvi\u00f3 a cantar"},"content":{"rendered":"<h3><strong>Se viraliz\u00f3 un video reciente en el que est\u00e1 con una banda de rock<\/strong><\/h3>\n<p>\u201cLa banda que les gusta se presenta hoooyyy&#8230; \u00a1Chicos y chicas, quieren rock! \u00a1Quieren, quieren, quieren roooock\u201d, exclamaba\u00a0Cristian Pity \u00c1lvarez\u00a0all\u00e1 por el 2001, cuando con la canci\u00f3n \u201cQuieren rock\u201d daba a conocer\u00a0Intoxicados, la banda que arm\u00f3 tras disolver\u00a0Viejas Locas. Y es lo mismo que vocea ahora, en\u00a0un video reciente que se viraliz\u00f3 en las \u00faltimas horas y en el que se lo puede ver cantando por primera vez desde julio de 2018, cuando qued\u00f3 detenido por el asesinato de\u00a0Cristian Maximiliano D\u00edaz.<\/p>\n<p>Una gorra, un jogging gris, una campera de gimnasia y una guitarra. La voz cascada y una sonrisa ancha para ponerse al frente de Los Notables del Oeste, una banda oriunda del conurbano bonaerense y formada en 2017, quien le hizo la segunda al carism\u00e1tico cantante en este show \u00edntimo del que, por ahora, no se tienen mayores precisiones<\/p>\n<p><iframe loading=\"lazy\" title=\"YouTube video player\" src=\"https:\/\/www.youtube.com\/embed\/uie0S3jDHJM\" width=\"560\" height=\"315\" frameborder=\"0\" allowfullscreen=\"allowfullscreen\"><\/iframe><\/p>\n<p>En marzo pasado se hab\u00eda viralizado una imagen de Pity rodeado de instrumentos musicales, algo que llam\u00f3 la atenci\u00f3n de su fan\u00e1ticos y despert\u00f3 la ilusi\u00f3n de la vuelta. En esa foto, estaba acompa\u00f1ado por Pablo, uno de los camar\u00f3grafos de Seres Libres, el ciclo que conduce Gast\u00f3n Pauls y que se emite por Cr\u00f3nica.<\/p>\n<p>En ese momento, Pauls fue a grabar notas para el programa a la comunidad terap\u00e9utica en Castelar donde se encuentra internado Pity y aunque no hicieron una entrevista con \u00e9l, est\u00e1n trabajando para desarrollar una idea juntos. Aunque a\u00fan falta ultimar detalles, el conductor y el artista quieren demostrar que es posible salir y recuperarse del flagelo de las drogas, como en m\u00e1s de una ocasi\u00f3n demostr\u00f3 Gast\u00f3n con su testimonio y el de sus entrevistados.<\/p>\n<p>En un parate en las entrevistas, el m\u00fasico se mostr\u00f3 predispuesto y se fotografi\u00f3 con los algunos de los realizadores del ciclo. En la imagen, lleva puesta una gorra azul, remera oscura con el logo de los Rolling Stones, campera roja abierta y jogging gris. Adem\u00e1s, sostiene un cigarrillo sin prender y un encendedor.<\/p>\n","protected":false},"excerpt":{"rendered":"<p>Se viraliz\u00f3 un video reciente en el que est\u00e1 con una banda de rock \u201cLa banda que les gusta se presenta hoooyyy&#8230; \u00a1Chicos y chicas, quieren rock! \u00a1Quieren, quieren, quieren roooock\u201d, exclamaba\u00a0Cristian Pity \u00c1lvarez\u00a0all\u00e1 por el 2001, cuando con la canci\u00f3n \u201cQuieren rock\u201d daba a conocer\u00a0Intoxicados, la banda que arm\u00f3 tras disolver\u00a0Viejas Locas. Y es [&hellip;]<\/p>\n","protected":false},"author":1,"featured_media":94209,"comment_status":"closed","ping_status":"closed","sticky":false,"template":"","format":"standard","meta":{"_seopress_robots_primary_cat":"","_seopress_titles_title":"","_seopress_titles_desc":"","_seopress_robots_index":"","footnotes":""},"categories":[5],"tags":[35084,35085],"class_list":{"0":"post-94208","1":"post","2":"type-post","3":"status-publish","4":"format-standard","5":"has-post-thumbnail","7":"category-musica","8":"tag-pity-alvarez-cantando","9":"tag-pity-alvarez-los-notables-del-oeste"},"_links":{"self":[{"href":"https:\/\/www.cordobatimes.com\/showup\/wp-json\/wp\/v2\/posts\/94208","targetHints":{"allow":["GET"]}}],"collection":[{"href":"https:\/\/www.cordobatimes.com\/showup\/wp-json\/wp\/v2\/posts"}],"about":[{"href":"https:\/\/www.cordobatimes.com\/showup\/wp-json\/wp\/v2\/types\/post"}],"author":[{"embeddable":true,"href":"https:\/\/www.cordobatimes.com\/showup\/wp-json\/wp\/v2\/users\/1"}],"replies":[{"embeddable":true,"href":"https:\/\/www.cordobatimes.com\/showup\/wp-json\/wp\/v2\/comments?post=94208"}],"version-history":[{"count":0,"href":"https:\/\/www.cordobatimes.com\/showup\/wp-json\/wp\/v2\/posts\/94208\/revisions"}],"wp:featuredmedia":[{"embeddable":true,"href":"https:\/\/www.cordobatimes.com\/showup\/wp-json\/wp\/v2\/media\/94209"}],"wp:attachment":[{"href":"https:\/\/www.cordobatimes.com\/showup\/wp-json\/wp\/v2\/media?parent=94208"}],"wp:term":[{"taxonomy":"category","embeddable":true,"href":"https:\/\/www.cordobatimes.com\/showup\/wp-json\/wp\/v2\/categories?post=94208"},{"taxonomy":"post_tag","embeddable":true,"href":"https:\/\/www.cordobatimes.com\/showup\/wp-json\/wp\/v2\/tags?post=94208"}],"curies":[{"name":"wp","href":"https:\/\/api.w.org\/{rel}","templated":true}]}}