{"id":94194,"date":"2022-05-09T12:47:00","date_gmt":"2022-05-09T15:47:00","guid":{"rendered":"https:\/\/www.cordobatimes.com\/showup\/?p=94194"},"modified":"2022-05-09T12:47:00","modified_gmt":"2022-05-09T15:47:00","slug":"bono-brindo-concierto-por-la-paz-en-una-estacion-del-metro-de-kiev","status":"publish","type":"post","link":"https:\/\/www.cordobatimes.com\/showup\/musica\/2022\/05\/09\/bono-brindo-concierto-por-la-paz-en-una-estacion-del-metro-de-kiev\/","title":{"rendered":"Bono brind\u00f3 \u00abconcierto por la paz\u00bb en una estaci\u00f3n del metro de Kiev"},"content":{"rendered":"<h3><strong>El cantante y activista irland\u00e9s tom\u00f3 el micr\u00f3fono e interpret\u00f3 para los grupos de ciudadanos congregados en la estaci\u00f3n algunas piezas m\u00edticas de su repertorio, como \u00abDesire\u00bb y\u2002\u00bbWith\u2002or\u2002without\u2002you\u00bb, aunque el momento crucial se dio cuando cant\u00f3 \u00abStand by me\u00bb.<\/strong><\/h3>\n<p>El cantante irland\u00e9s Bono, l\u00edder de la banda U2, brind\u00f3 un concierto espont\u00e1neo desde una estaci\u00f3n del metro de Kiev, como aportaci\u00f3n personal a la paz y coincidiendo con el llamado D\u00eda de la Victoria sobre la Alemania nazi y el fin de la II Guerra Mundial en Europa.<\/p>\n<p>\u00abTodos rezamos con vosotros para que pod\u00e1is alcanzar pronto la paz\u00bb, dijo Bono, seg\u00fan un v\u00eddeo colgado en la plataforma \u00abYoutube\u00bb por varios portales ucranianos, en alusi\u00f3n al sangriento conflicto irland\u00e9s y a la guerra que ahora sufren los ucranianos.<\/p>\n<p>El cantante y activista irland\u00e9s tom\u00f3 el micr\u00f3fono e interpret\u00f3 para los grupos de ciudadanos congregados en la estaci\u00f3n algunas piezas m\u00edticas de su repertorio, como \u00abDesire\u00bb y\u2002\u00bbWith\u2002or\u2002without\u2002you\u00bb, aunque el momento crucial se dio cuando cant\u00f3 \u00abStand by me\u00bb.<\/p>\n<p>La actuaci\u00f3n de Bono se dio por sorpresa, sin previo aviso, y dentro de las actividades del cantante en causas humanitarias de diversas partes del mundo, sea en situaciones de guerra, contra el hambre o contra estragos globales.<\/p>\n<p><iframe loading=\"lazy\" title=\"YouTube video player\" src=\"https:\/\/www.youtube.com\/embed\/pVr0_uJSyXA\" width=\"560\" height=\"315\" frameborder=\"0\" allowfullscreen=\"allowfullscreen\"><\/iframe><\/p>\n<p><iframe loading=\"lazy\" title=\"YouTube video player\" src=\"https:\/\/www.youtube.com\/embed\/b_gTSp9kFZ0\" width=\"560\" height=\"315\" frameborder=\"0\" allowfullscreen=\"allowfullscreen\"><\/iframe><\/p>\n<p><iframe loading=\"lazy\" title=\"YouTube video player\" src=\"https:\/\/www.youtube.com\/embed\/7PX7o1pWmmw\" width=\"560\" height=\"315\" frameborder=\"0\" allowfullscreen=\"allowfullscreen\"><\/iframe><\/p>\n","protected":false},"excerpt":{"rendered":"<p>El cantante y activista irland\u00e9s tom\u00f3 el micr\u00f3fono e interpret\u00f3 para los grupos de ciudadanos congregados en la estaci\u00f3n algunas piezas m\u00edticas de su repertorio, como \u00abDesire\u00bb y\u2002\u00bbWith\u2002or\u2002without\u2002you\u00bb, aunque el momento crucial se dio cuando cant\u00f3 \u00abStand by me\u00bb. El cantante irland\u00e9s Bono, l\u00edder de la banda U2, brind\u00f3 un concierto espont\u00e1neo desde una estaci\u00f3n [&hellip;]<\/p>\n","protected":false},"author":1,"featured_media":94195,"comment_status":"closed","ping_status":"closed","sticky":false,"template":"","format":"standard","meta":{"_seopress_robots_primary_cat":"","_seopress_titles_title":"","_seopress_titles_desc":"","_seopress_robots_index":"","footnotes":""},"categories":[5],"tags":[35078,35079,35080],"class_list":{"0":"post-94194","1":"post","2":"type-post","3":"status-publish","4":"format-standard","5":"has-post-thumbnail","7":"category-musica","8":"tag-bono-concierto-por-la-paz","9":"tag-bono-estacion-del-metro-de-kiev","10":"tag-bono-metro-de-kiev"},"_links":{"self":[{"href":"https:\/\/www.cordobatimes.com\/showup\/wp-json\/wp\/v2\/posts\/94194","targetHints":{"allow":["GET"]}}],"collection":[{"href":"https:\/\/www.cordobatimes.com\/showup\/wp-json\/wp\/v2\/posts"}],"about":[{"href":"https:\/\/www.cordobatimes.com\/showup\/wp-json\/wp\/v2\/types\/post"}],"author":[{"embeddable":true,"href":"https:\/\/www.cordobatimes.com\/showup\/wp-json\/wp\/v2\/users\/1"}],"replies":[{"embeddable":true,"href":"https:\/\/www.cordobatimes.com\/showup\/wp-json\/wp\/v2\/comments?post=94194"}],"version-history":[{"count":0,"href":"https:\/\/www.cordobatimes.com\/showup\/wp-json\/wp\/v2\/posts\/94194\/revisions"}],"wp:featuredmedia":[{"embeddable":true,"href":"https:\/\/www.cordobatimes.com\/showup\/wp-json\/wp\/v2\/media\/94195"}],"wp:attachment":[{"href":"https:\/\/www.cordobatimes.com\/showup\/wp-json\/wp\/v2\/media?parent=94194"}],"wp:term":[{"taxonomy":"category","embeddable":true,"href":"https:\/\/www.cordobatimes.com\/showup\/wp-json\/wp\/v2\/categories?post=94194"},{"taxonomy":"post_tag","embeddable":true,"href":"https:\/\/www.cordobatimes.com\/showup\/wp-json\/wp\/v2\/tags?post=94194"}],"curies":[{"name":"wp","href":"https:\/\/api.w.org\/{rel}","templated":true}]}}