{"id":94166,"date":"2022-05-02T09:21:17","date_gmt":"2022-05-02T12:21:17","guid":{"rendered":"https:\/\/www.cordobatimes.com\/showup\/?p=94166"},"modified":"2022-05-02T09:21:17","modified_gmt":"2022-05-02T12:21:17","slug":"todos-los-ganadores-de-los-premios-platino-2022","status":"publish","type":"post","link":"https:\/\/www.cordobatimes.com\/showup\/cine-y-series\/2022\/05\/02\/todos-los-ganadores-de-los-premios-platino-2022\/","title":{"rendered":"Todos los ganadores de los Premios Platino 2022"},"content":{"rendered":"<h3><strong>El Reino gan\u00f3 el Premio Platino a la mejor miniserie<\/strong><\/h3>\n<p>Por segundo a\u00f1o consecutivo, la ceremonia se celebr\u00f3 en el exuberante\u00a0Palacio Municipal IFEMA, pero a diferencia de la edici\u00f3n anterior se vivi\u00f3 en un clima m\u00e1s relajado, con un Madrid libre de mascarillas en los eventos p\u00fablicos. El edificio es un centro de exposiciones de usos m\u00faltiples que en los \u00faltimos tiempos ha potenciado su apertura cultural. Se trata de una construcci\u00f3n vidriada lindante con el Jard\u00edn de las Tres Culturas, que celebra la uni\u00f3n de los jud\u00edos, musulmanes y cristianos. En los pasillos de la planta baja predomina el tono gris\u00e1ceo del m\u00e1rmol que hace a\u00fan m\u00e1s interminable el hall de entrada. En el tercer nivel, el que manda es el rojo, donde desfilaron las estrellas ante las c\u00e1maras del continente y los ojos del mundo. Y en el auditorio,\u00a0Lali Esp\u00f3sito y Miguel \u00c1ngel Mu\u00f1oz\u00a0son quienes\u00a0comandan una gala que no tuvo mayores sorpresas en los premios m\u00e1s importantes, pero guard\u00f3 algunas perlitas para seguir construyendo puentes e historias entre la producci\u00f3n audiovisual iberoamericana.<\/p>\n<p class=\"paragraph\"><b>Todos los ganadores de los Premios Platino 2022:<\/b><\/p>\n<p class=\"paragraph\"><b>Mejor pel\u00edcula de ficci\u00f3n<\/b><\/p>\n<p class=\"paragraph\"><i><b>El buen patr\u00f3n &#8211; GANADORA<\/b><\/i><\/p>\n<p class=\"paragraph\">Madres paralelas<\/p>\n<p class=\"paragraph\">Maixabel<\/p>\n<p class=\"paragraph\">Noche de fuego<\/p>\n<p class=\"paragraph\"><b>Mejor direcci\u00f3n<\/b><\/p>\n<p class=\"paragraph\"><i><b>Fernando Le\u00f3n de Aranoa &#8211; El buen patr\u00f3n (Ganador)<\/b><\/i><\/p>\n<p class=\"paragraph\">Iciar Bolla\u00edn<\/p>\n<p class=\"paragraph\">Pedro Almod\u00f3var<\/p>\n<p class=\"paragraph\">Tatiana Huezo<\/p>\n<p class=\"paragraph\"><b>Mejor interpretaci\u00f3n masculina<\/b><\/p>\n<p class=\"paragraph\">Eduard Fern\u00e1ndez<\/p>\n<p class=\"paragraph\"><i><b>Javier Bardem &#8211; El buen patr\u00f3n (GANADOR)<\/b><\/i><\/p>\n<p class=\"paragraph\">Luis Tosar<\/p>\n<p class=\"paragraph\">Rodrigo Santoro<\/p>\n<p class=\"paragraph\"><b>Mejor interpretaci\u00f3n femenina<\/b><\/p>\n<p class=\"paragraph\">\u00c1ngela Molina<\/p>\n<p class=\"paragraph\"><b>Blanca Portillo &#8211; Maixabel (GANADORA)<\/b><\/p>\n<p class=\"paragraph\">Ilse Salas<\/p>\n<p class=\"paragraph\">Pen\u00e9lope Cruz<\/p>\n<p class=\"paragraph\"><b>Mejor interpretaci\u00f3n masculina de reparto<\/b><\/p>\n<p class=\"paragraph\"><i><b>Alfredo Castro (Karnawal) &#8211; GANADOR<\/b><\/i><\/p>\n<p class=\"paragraph\">Christian Malheiros<\/p>\n<p class=\"paragraph\">Manolo Solo<\/p>\n<p class=\"paragraph\">Urko Olaz\u00e1bal<\/p>\n<p class=\"paragraph\"><b>Mejor interpretaci\u00f3n femenina de reparto<\/b><\/p>\n<p class=\"paragraph\"><i><b>Aitana S\u00e1nchez-Gij\u00f3n (Madres paralelas) &#8211; GANADORA<\/b><\/i><\/p>\n<p class=\"paragraph\">Almudena Amor<\/p>\n<p class=\"paragraph\">Ana Cristina Ord\u00f3\u00f1ez Gonz\u00e1lez<\/p>\n<p class=\"paragraph\">Milena Smit<\/p>\n<p class=\"paragraph\"><b>Mejor pel\u00edcula de animaci\u00f3n<\/b><\/p>\n<p class=\"paragraph\"><i><b>Ainbo, la guerrera del amazonas (GANADOR)<\/b><\/i><\/p>\n<p class=\"paragraph\">Bob cuspe: n\u00f3s n\u00e3o gostamos de gente<\/p>\n<p class=\"paragraph\">Salvar el \u00e1rbol (Zutik!)<\/p>\n<p class=\"paragraph\">Valentina<\/p>\n<p class=\"paragraph\"><b>Mejor pel\u00edcula documental<\/b><\/p>\n<p class=\"paragraph\">100 d\u00edas con la tata<\/p>\n<p class=\"paragraph\"><i><b>A \u00faltima floresta &#8211; GANADOR<\/b><\/i><\/p>\n<p class=\"paragraph\">Qui\u00e9n lo impide<\/p>\n<p class=\"paragraph\">Rita Moreno: just a girl who decided to go for it<\/p>\n<p class=\"paragraph\"><b>Mejor \u00f3pera prima de ficci\u00f3n<\/b><\/p>\n<p class=\"paragraph\">Clara sola<\/p>\n<p class=\"paragraph\"><i><b>Karnawal &#8211; GANADOR<\/b><\/i><\/p>\n<p class=\"paragraph\">Libertad<\/p>\n<p class=\"paragraph\">Sin se\u00f1as particulares<\/p>\n<p class=\"paragraph\"><b>Premio al cine y a la educaci\u00f3n en valores<\/b><\/p>\n<p class=\"paragraph\"><i><b>Los lobos &#8211; GANADOR<\/b><\/i><\/p>\n<p class=\"paragraph\">Maixabel<\/p>\n<p class=\"paragraph\">Mediterr\u00e1neo<\/p>\n<p class=\"paragraph\">Yo nena, yo princesa<\/p>\n<p class=\"paragraph\"><b>Mejor m\u00fasica original<\/b><\/p>\n<p class=\"paragraph\"><i><b>Alberto Iglesias &#8211; Madres Paralelas (GANADOR)<\/b><\/i><\/p>\n<p class=\"paragraph\">C\u00e9sar L\u00f3pez<\/p>\n<p class=\"paragraph\">Kenji Kishi Leopo<\/p>\n<p class=\"paragraph\">Zeltia Montes<\/p>\n<p class=\"paragraph\"><b>Mejor Guion<\/b><\/p>\n<p class=\"paragraph\">Abner Benaim<\/p>\n<p class=\"paragraph\"><b>Fernando Le\u00f3n de Aranoa &#8211; El buen patr\u00f3n (GANADOR)<\/b><\/p>\n<p class=\"paragraph\">Henrique Dos Santos, Aly Muritiba<\/p>\n<p class=\"paragraph\">Iciar Bolla\u00edn, Isa Campo<\/p>\n<p class=\"paragraph\"><b>Mejor direcci\u00f3n de montaje<\/b><\/p>\n<p class=\"paragraph\"><i><b>Germano de Oliveira &#8211; 7 Prisoneiros GANADOR<\/b><\/i><\/p>\n<p class=\"paragraph\">Nacho Ruiz Capillas<\/p>\n<p class=\"paragraph\">Vanessa Marimbert<\/p>\n<p class=\"paragraph\">Yordi Cap\u00f3, Carlos Espinoza, Samuel Kishi<\/p>\n<p class=\"paragraph\"><b>Mejor direcci\u00f3n de arte<\/b><\/p>\n<p class=\"paragraph\">Ang\u00e9lica Perea<\/p>\n<p class=\"paragraph\"><i><b>Antx\u00f3n G\u00f3mez &#8211; Madres paralelas (GANADOR)<\/b><\/i><\/p>\n<p class=\"paragraph\">C\u00e9sar Macarr\u00f3n<\/p>\n<p class=\"paragraph\">Sandra Flores, Alejandra Garc\u00eda<\/p>\n<p class=\"paragraph\"><b>Mejor direcci\u00f3n de fotograf\u00eda<\/b><\/p>\n<p class=\"paragraph\"><i><b>Kiko de la Rica &#8211; Mediterr\u00e1neo (GANADOR)<\/b><\/i><\/p>\n<p class=\"paragraph\">Pau Esteve Birba<\/p>\n<p class=\"paragraph\">Sayombhu Mukdeepro<\/p>\n<p class=\"paragraph\">Sophie Winqvist<\/p>\n<p class=\"paragraph\"><b>Mejor direcci\u00f3n de sonido<\/b><\/p>\n<p class=\"paragraph\"><i><b>Akritchalerm Kalayanamitr &#8211; Memoria (GANADOR)<\/b><\/i><\/p>\n<p class=\"paragraph\">Carlos Garc\u00eda<\/p>\n<p class=\"paragraph\">Iv\u00e1n Mar\u00edn, Pelayo Guti\u00e9rrez, Valeria Arcieri<\/p>\n<p class=\"paragraph\">L\u00eda Camargo<\/p>\n<p class=\"paragraph\"><b>Mejor miniserie o teleserie cinematogr\u00e1fica<\/b><\/p>\n<p class=\"paragraph\"><i><b>El reino &#8211; GANADORA<\/b><\/i><\/p>\n<p class=\"paragraph\">Isabel<\/p>\n<p class=\"paragraph\">Luis Miguel: la serie<\/p>\n<p class=\"paragraph\">Narcos: M\u00e9xico<\/p>\n<p class=\"paragraph\"><b>Mejor interpretaci\u00f3n masculina en miniserie o teleserie<\/b><\/p>\n<p class=\"paragraph\">Chino Dar\u00edn (El reino)<\/p>\n<p class=\"paragraph\">Dar\u00edo Grandinetti (Hierro)<\/p>\n<p class=\"paragraph\">Diego Boneta (Luis Miguel: La serie)<\/p>\n<p class=\"paragraph\"><b>Javier C\u00e1mara (Venga Juan)<\/b><\/p>\n<p class=\"paragraph\"><b>Mejor interpretaci\u00f3n femenina en miniserie o teleserie<\/b><\/p>\n<p class=\"paragraph\">Candela Pe\u00f1a (Hierro)<\/p>\n<p class=\"paragraph\"><b>Daniela Ram\u00edrez (Isabel)<\/b><\/p>\n<p class=\"paragraph\">Maribel Verd\u00fa (Ana Tramel. El juego)<\/p>\n<p class=\"paragraph\">Mercedes Mor\u00e1n (El reino)<\/p>\n<p class=\"paragraph\"><b>Mejor interpretaci\u00f3n masculina de reparto en miniserie o teleserie<\/b><\/p>\n<p class=\"paragraph\">Alberto San Juan (Reyes de la noche)<\/p>\n<p class=\"paragraph\">Enriq Auquer (Vida perfecta)<\/p>\n<p class=\"paragraph\"><i><b>Joaqu\u00edn Furriel (El reino) &#8211; GANADOR<\/b><\/i><\/p>\n<p class=\"paragraph\">Karra Elejalde (La fortuna)<\/p>\n<p class=\"paragraph\"><b>Mejor interpretaci\u00f3n femenina de reparto en miniserie o teleserie<\/b><\/p>\n<p class=\"paragraph\">Mar\u00eda Pujalte (Venga Juan)<\/p>\n<p class=\"paragraph\"><i><b>Najwa Nimri (La casa de papel) &#8211; GANADORA<\/b><\/i><\/p>\n<p class=\"paragraph\">Nancy Dupl\u00e1a (El reino)<\/p>\n<p class=\"paragraph\">Rosa Mar\u00eda Bianchi (Monarca)<\/p>\n<p class=\"paragraph\"><b>Mejor creador de miniserie o teleserie<\/b><\/p>\n<p class=\"paragraph\">Alejandro Amen\u00e1bar (La fortuna)<\/p>\n<p class=\"paragraph\">Juan Jos\u00e9 Campanella (Los enviados)<\/p>\n<p class=\"paragraph\"><b>Marcelo Pi\u00f1eyro, Claudia Pi\u00f1eiro (El reino) &#8211;\u00a0<\/b><i><b>GANADORES<\/b><\/i><\/p>\n<p class=\"paragraph\">Pepe Coira (Hierro)<\/p>\n","protected":false},"excerpt":{"rendered":"<p>El Reino gan\u00f3 el Premio Platino a la mejor miniserie Por segundo a\u00f1o consecutivo, la ceremonia se celebr\u00f3 en el exuberante\u00a0Palacio Municipal IFEMA, pero a diferencia de la edici\u00f3n anterior se vivi\u00f3 en un clima m\u00e1s relajado, con un Madrid libre de mascarillas en los eventos p\u00fablicos. El edificio es un centro de exposiciones de [&hellip;]<\/p>\n","protected":false},"author":1,"featured_media":94167,"comment_status":"closed","ping_status":"closed","sticky":false,"template":"","format":"standard","meta":{"_seopress_robots_primary_cat":"","_seopress_titles_title":"","_seopress_titles_desc":"","_seopress_robots_index":"","footnotes":""},"categories":[3],"tags":[35072,34924],"class_list":{"0":"post-94166","1":"post","2":"type-post","3":"status-publish","4":"format-standard","5":"has-post-thumbnail","7":"category-cine-y-series","8":"tag-ganadores-de-los-premios-platino-2022","9":"tag-premios-platino-2022"},"_links":{"self":[{"href":"https:\/\/www.cordobatimes.com\/showup\/wp-json\/wp\/v2\/posts\/94166","targetHints":{"allow":["GET"]}}],"collection":[{"href":"https:\/\/www.cordobatimes.com\/showup\/wp-json\/wp\/v2\/posts"}],"about":[{"href":"https:\/\/www.cordobatimes.com\/showup\/wp-json\/wp\/v2\/types\/post"}],"author":[{"embeddable":true,"href":"https:\/\/www.cordobatimes.com\/showup\/wp-json\/wp\/v2\/users\/1"}],"replies":[{"embeddable":true,"href":"https:\/\/www.cordobatimes.com\/showup\/wp-json\/wp\/v2\/comments?post=94166"}],"version-history":[{"count":0,"href":"https:\/\/www.cordobatimes.com\/showup\/wp-json\/wp\/v2\/posts\/94166\/revisions"}],"wp:featuredmedia":[{"embeddable":true,"href":"https:\/\/www.cordobatimes.com\/showup\/wp-json\/wp\/v2\/media\/94167"}],"wp:attachment":[{"href":"https:\/\/www.cordobatimes.com\/showup\/wp-json\/wp\/v2\/media?parent=94166"}],"wp:term":[{"taxonomy":"category","embeddable":true,"href":"https:\/\/www.cordobatimes.com\/showup\/wp-json\/wp\/v2\/categories?post=94166"},{"taxonomy":"post_tag","embeddable":true,"href":"https:\/\/www.cordobatimes.com\/showup\/wp-json\/wp\/v2\/tags?post=94166"}],"curies":[{"name":"wp","href":"https:\/\/api.w.org\/{rel}","templated":true}]}}