{"id":94159,"date":"2022-05-02T08:00:15","date_gmt":"2022-05-02T11:00:15","guid":{"rendered":"https:\/\/www.cordobatimes.com\/showup\/?p=94159"},"modified":"2022-05-01T20:34:00","modified_gmt":"2022-05-01T23:34:00","slug":"las-emotivas-palabras-de-jey-mammon-en-el-inicio-de-la-pena-de-morfi-quiero-honrarte-gerardo","status":"publish","type":"post","link":"https:\/\/www.cordobatimes.com\/showup\/tv\/2022\/05\/02\/las-emotivas-palabras-de-jey-mammon-en-el-inicio-de-la-pena-de-morfi-quiero-honrarte-gerardo\/","title":{"rendered":"Las emotivas palabras de Jey Mammon en el inicio de La Pe\u00f1a de Morfi: \u201cQuiero honrarte, Gerardo\u201d"},"content":{"rendered":"<h3><strong>El ciclo creado por Gerardo Roz\u00edn volvi\u00f3 este domingo a las 11 a la pantalla de Telef\u00e9 con nuevo conductor<\/strong><\/h3>\n<p>La Pe\u00f1a de Morfi, el exitoso programa creado por Gerardo Roz\u00edn, retorn\u00f3 este domingo a la pantalla de Telefe\u00a0con su cl\u00e1sico env\u00edo semanal de cinco horas que tendr\u00e1 este a\u00f1o al humorista, presentador y m\u00fasico Jey Mammon en la conducci\u00f3n en dupla con Jesica Cirio.<\/p>\n<p>\u201cBienvenidas y bienvenidos a La Pe\u00f1a de Morfi. Me gustar\u00eda arrancar diciendo unas peque\u00f1as palabras\u2026 La verdad que yo pienso en algo que es importante para m\u00ed. Quiero ser ego\u00edsta por un segundo y pensar que hace 10 a\u00f1os exactos que yo estaba empezando en\u00a0La Pelu\u00a0de Telefe\u00a0y diez a\u00f1os despu\u00e9s me vuelven a encontrar en el mismo lugar\u201d,\u00a0dijo Jey Mamm\u00f3n en la apertura del programa.<\/p>\n<p>\u201cYo vuelvo a Telefe con\u00a0El Show de Jey Mammon\u00a0que lo vamos a preparar, pero circunstancialmente se da venir ac\u00e1 y abrir la casa de La Pe\u00f1a, este proyecto de Gerardo Roz\u00edn que es hermoso\u00a0y es la casa de la m\u00fasica\u201d,\u00a0sostuvo sobre su llegada a la conducci\u00f3n del ciclo.<\/p>\n<p>\u201cYo no creo en las casualidades soy m\u00e1s de las causalidades.\u00a0El a\u00f1o pasado abr\u00ed el piano despu\u00e9s de mucho tiempo porque desde muy chico ten\u00eda el piano cerrado. Siempre aburr\u00f3 con una an\u00e9cdota, pero para m\u00ed es una identidad, el piano es parte de mi vida. Mi pap\u00e1 lo tuvo cerrado toda la vida porque mi abuelo se lo cerr\u00f3 con llave y le dijo \u2018andate a la facultad, estudia\u2019. \u00c9l amaba tocar el piano y se lo cerr\u00f3 con la llave, y lo mand\u00f3 a la facultad porque en esa \u00e9poca era estudiar, no era hacer m\u00fasica\u201d, continu\u00f3.<\/p>\n<p>Mi pap\u00e1 parti\u00f3 el a\u00f1o pasado y por cosas de la vida, celebr\u00f3 mi vida abriendo el piano con\u00a0Los Mammones, un programa hermoso que hice el a\u00f1o pasado y ahora me vine a Telefe. De repente yo iba a abrir ese piano con un programa y lo voy a abrir con un programa que llegar\u00e1 muy pronto\u201d, adelant\u00f3 Jey.<\/p>\n<p>\u201cLas circunstancias de la vida me llevan a que Gerardo me abra las puertas de su pe\u00f1a\u00a0y me abri\u00f3 las puertas del piano para hacer la s\u00e9ptima temporada de La Pe\u00f1a de Morfi. Estoy muy agradecido a Telefe y quiero honrarte, Gerardo haciendo tu pe\u00f1a. Estoy muy feliz de estar ac\u00e1 con este equipo que va solo. Y antes de empezar se los quiero agradecer, ya arranca la s\u00e9ptima temporada de La Pe\u00f1a de Morfi\u201d, concluy\u00f3 para dar paso al ciclo que llega con muchas novedades.<\/p>\n<p>Para el primer programa del ciclo renovado estar\u00e1n invitados Abel Pintos, Lito Vitale, Sandra Mihanovich, Los Palmeras y Los 4 de C\u00f3rdoba. En esta nueva temporada de\u00a0La Pe\u00f1a de Morfi,\u00a0el chef Santiago Giorgini contin\u00faa homenajeando las ra\u00edces nacionales con las mejores recetas cl\u00e1sicas y propuestas gastron\u00f3micas junto a Rodrigo Casc\u00f3n y la incorporaci\u00f3n a la cocina de Mirta Carabajal y Silvia Barredo. Adem\u00e1s, est\u00e1n Ariel Rodr\u00edguez cubriendo deporte, Luis Rubio y Pato Muzzio hacen humor y el tr\u00edo musical Dos M\u00e1s Uno.<\/p>\n<p>Cabe recordar que durante 2021, Jey Mammon fue una de las revelaciones de la pantalla chica. Al frente de Los\u00a0Mammones\u00a0-primero en la medianoche, luego en el\u00a0prime time- sum\u00f3 a su habitual sentido del humor sus dotes como pianista e int\u00e9rprete y una sensibilidad y empat\u00eda para abordar a los entrevistados. Logr\u00f3 que fueran a su programa las grandes figuras de diferentes g\u00e9neros tanto como los artistas emergentes de las nuevas tendencias.\u00a0Ahora comenzar\u00e1 una nueva etapa por la pantalla de Telefe.<\/p>\n<p><iframe loading=\"lazy\" title=\"YouTube video player\" src=\"https:\/\/www.youtube.com\/embed\/g7NkGvstNJ8\" width=\"560\" height=\"315\" frameborder=\"0\" allowfullscreen=\"allowfullscreen\"><\/iframe><\/p>\n","protected":false},"excerpt":{"rendered":"<p>El ciclo creado por Gerardo Roz\u00edn volvi\u00f3 este domingo a las 11 a la pantalla de Telef\u00e9 con nuevo conductor La Pe\u00f1a de Morfi, el exitoso programa creado por Gerardo Roz\u00edn, retorn\u00f3 este domingo a la pantalla de Telefe\u00a0con su cl\u00e1sico env\u00edo semanal de cinco horas que tendr\u00e1 este a\u00f1o al humorista, presentador y m\u00fasico [&hellip;]<\/p>\n","protected":false},"author":1,"featured_media":94160,"comment_status":"closed","ping_status":"closed","sticky":false,"template":"","format":"standard","meta":{"_seopress_robots_primary_cat":"","_seopress_titles_title":"","_seopress_titles_desc":"","_seopress_robots_index":"","footnotes":""},"categories":[2],"tags":[35067,35068,34921],"class_list":{"0":"post-94159","1":"post","2":"type-post","3":"status-publish","4":"format-standard","5":"has-post-thumbnail","7":"category-tv","8":"tag-emotivas-palabras-de-jey-mammon","9":"tag-jey-mammon-gerardo-rozin","10":"tag-jey-mammon-la-pena-de-morfi"},"_links":{"self":[{"href":"https:\/\/www.cordobatimes.com\/showup\/wp-json\/wp\/v2\/posts\/94159","targetHints":{"allow":["GET"]}}],"collection":[{"href":"https:\/\/www.cordobatimes.com\/showup\/wp-json\/wp\/v2\/posts"}],"about":[{"href":"https:\/\/www.cordobatimes.com\/showup\/wp-json\/wp\/v2\/types\/post"}],"author":[{"embeddable":true,"href":"https:\/\/www.cordobatimes.com\/showup\/wp-json\/wp\/v2\/users\/1"}],"replies":[{"embeddable":true,"href":"https:\/\/www.cordobatimes.com\/showup\/wp-json\/wp\/v2\/comments?post=94159"}],"version-history":[{"count":0,"href":"https:\/\/www.cordobatimes.com\/showup\/wp-json\/wp\/v2\/posts\/94159\/revisions"}],"wp:featuredmedia":[{"embeddable":true,"href":"https:\/\/www.cordobatimes.com\/showup\/wp-json\/wp\/v2\/media\/94160"}],"wp:attachment":[{"href":"https:\/\/www.cordobatimes.com\/showup\/wp-json\/wp\/v2\/media?parent=94159"}],"wp:term":[{"taxonomy":"category","embeddable":true,"href":"https:\/\/www.cordobatimes.com\/showup\/wp-json\/wp\/v2\/categories?post=94159"},{"taxonomy":"post_tag","embeddable":true,"href":"https:\/\/www.cordobatimes.com\/showup\/wp-json\/wp\/v2\/tags?post=94159"}],"curies":[{"name":"wp","href":"https:\/\/api.w.org\/{rel}","templated":true}]}}