{"id":94122,"date":"2022-04-29T11:17:18","date_gmt":"2022-04-29T14:17:18","guid":{"rendered":"https:\/\/www.cordobatimes.com\/showup\/?p=94122"},"modified":"2022-04-29T11:17:18","modified_gmt":"2022-04-29T14:17:18","slug":"airbag-lanzo-el-videoclip-de-volver-a-casa-junto-a-los-enanitos-verdes","status":"publish","type":"post","link":"https:\/\/www.cordobatimes.com\/showup\/musica\/2022\/04\/29\/airbag-lanzo-el-videoclip-de-volver-a-casa-junto-a-los-enanitos-verdes\/","title":{"rendered":"Airbag lanz\u00f3 el videoclip de \u00abVolver a Casa\u00bb junto a Los Enanitos Verdes"},"content":{"rendered":"<h3><strong>Hace tan solo una semana, Airbag lanz\u00f3 su nuevo corte de difusi\u00f3n \u00abVolver a Casa\u00bb, canci\u00f3n que forma parte de su \u00faltimo \u00e1lbum &#8216;Al Parecer Todo Ha Sido Una Trampa&#8217;.<\/strong><\/h3>\n<p>Hace tan solo una semana, Airbag lanz\u00f3 su nuevo corte de difusi\u00f3n \u201cVolver a Casa\u201d, canci\u00f3n que forma parte de su \u00faltimo \u00e1lbum \u2018Al Parecer Todo Ha Sido Una Trampa\u2019, grabada junto a Los Enanitos Verdes una de las bandas m\u00e1s reconocidas de Latinoam\u00e9rica, y este jueves estrenaron\u00a0 el videoclip oficial, el cual ya se encuentra disponible en Youtube.<\/p>\n<p>El video complementa de manera perfecta este gran tema y nos invade desde uno de los sentimientos m\u00e1s puro, la amistad. Con momentos de nostalgia, con mucho de complicidad, sabiendo que la fuerza de las im\u00e1genes junto a la m\u00fasica trascienden el tiempo y las historias, y llegan para quedarse. Dos ni\u00f1os unidos por ese tiempo perfecto de la infancia, un amor inmenso que puede adoptar muchas formas para perdurar.<\/p>\n<p>El mismo fue grabado en Capilla del Se\u00f1or y cuenta con la participaci\u00f3n de los actores Valentino Casado, Camilo Syriani, Guido D&#8217;Albo, Santiago Montes de Oca y Matias Desiderio.<\/p>\n<p>Luego de haber agotado en tiempo r\u00e9cord dos shows para el 25 y 26 de junio en el Estadio Luna Park, anunci\u00f3 para alegr\u00eda de todos sus fan\u00e1ticos una tercera presentaci\u00f3n para el 10 del mismo mes. Las \u00faltimas localidades para dicha funci\u00f3n se encuentran a la venta a trav\u00e9s de Ticket Portal<\/p>\n<p>Adem\u00e1s, transitando lo que ser\u00e1 su nueva gira \u201cJinetes Cromados Tour\u201d, Airbag confirm\u00f3 sus shows en La Plaza de la M\u00fasica de C\u00f3rdoba el pr\u00f3ximo 11 de Junio y el Metropolitano de Rosario el 2 de Julio. Las entradas para ambas presentaciones ya se encuentran a la venta en sus respectivas ticketeras.<\/p>\n<p><iframe loading=\"lazy\" width=\"560\" height=\"315\" src=\"https:\/\/www.youtube.com\/embed\/o5ee6UbPebE\" title=\"YouTube video player\" frameborder=\"0\" allow=\"accelerometer; autoplay; clipboard-write; encrypted-media; gyroscope; picture-in-picture\" allowfullscreen><\/iframe><br \/>\n&nbsp;<\/p>\n","protected":false},"excerpt":{"rendered":"<p>Hace tan solo una semana, Airbag lanz\u00f3 su nuevo corte de difusi\u00f3n \u00abVolver a Casa\u00bb, canci\u00f3n que forma parte de su \u00faltimo \u00e1lbum &#8216;Al Parecer Todo Ha Sido Una Trampa&#8217;. Hace tan solo una semana, Airbag lanz\u00f3 su nuevo corte de difusi\u00f3n \u201cVolver a Casa\u201d, canci\u00f3n que forma parte de su \u00faltimo \u00e1lbum \u2018Al Parecer [&hellip;]<\/p>\n","protected":false},"author":1,"featured_media":94123,"comment_status":"closed","ping_status":"closed","sticky":false,"template":"","format":"standard","meta":{"_seopress_robots_primary_cat":"","_seopress_titles_title":"","_seopress_titles_desc":"","_seopress_robots_index":"","footnotes":""},"categories":[5],"tags":[35052,35053,35054],"class_list":{"0":"post-94122","1":"post","2":"type-post","3":"status-publish","4":"format-standard","5":"has-post-thumbnail","7":"category-musica","8":"tag-airbag-videoclip-de-volver-a-casa","9":"tag-airbag-y-los-enanitos-verdes","10":"tag-airbag-y-los-enanitos-verdes-volver-a-casa"},"_links":{"self":[{"href":"https:\/\/www.cordobatimes.com\/showup\/wp-json\/wp\/v2\/posts\/94122","targetHints":{"allow":["GET"]}}],"collection":[{"href":"https:\/\/www.cordobatimes.com\/showup\/wp-json\/wp\/v2\/posts"}],"about":[{"href":"https:\/\/www.cordobatimes.com\/showup\/wp-json\/wp\/v2\/types\/post"}],"author":[{"embeddable":true,"href":"https:\/\/www.cordobatimes.com\/showup\/wp-json\/wp\/v2\/users\/1"}],"replies":[{"embeddable":true,"href":"https:\/\/www.cordobatimes.com\/showup\/wp-json\/wp\/v2\/comments?post=94122"}],"version-history":[{"count":0,"href":"https:\/\/www.cordobatimes.com\/showup\/wp-json\/wp\/v2\/posts\/94122\/revisions"}],"wp:featuredmedia":[{"embeddable":true,"href":"https:\/\/www.cordobatimes.com\/showup\/wp-json\/wp\/v2\/media\/94123"}],"wp:attachment":[{"href":"https:\/\/www.cordobatimes.com\/showup\/wp-json\/wp\/v2\/media?parent=94122"}],"wp:term":[{"taxonomy":"category","embeddable":true,"href":"https:\/\/www.cordobatimes.com\/showup\/wp-json\/wp\/v2\/categories?post=94122"},{"taxonomy":"post_tag","embeddable":true,"href":"https:\/\/www.cordobatimes.com\/showup\/wp-json\/wp\/v2\/tags?post=94122"}],"curies":[{"name":"wp","href":"https:\/\/api.w.org\/{rel}","templated":true}]}}