{"id":94099,"date":"2022-04-27T20:07:11","date_gmt":"2022-04-27T23:07:11","guid":{"rendered":"https:\/\/www.cordobatimes.com\/showup\/?p=94099"},"modified":"2022-04-27T20:21:14","modified_gmt":"2022-04-27T23:21:14","slug":"la-sustentabilidad-en-la-moda-segun-algunas-de-las-marcas-mas-importantes","status":"publish","type":"post","link":"https:\/\/www.cordobatimes.com\/showup\/moda-y-estilos\/2022\/04\/27\/la-sustentabilidad-en-la-moda-segun-algunas-de-las-marcas-mas-importantes\/","title":{"rendered":"La sustentabilidad en la moda, seg\u00fan algunas de las marcas m\u00e1s importantes"},"content":{"rendered":"<h3 class=\"ContentHeaderDek-uqvGp fDjpBA\"><strong>La industria de la moda comienza a evolucionar hacia un futuro en donde la sustentabilidad se toma como base para crear mejores productos.\u00a0<\/strong><\/h3>\n<div class=\"ContentHeaderByline-braXHC dFRchh\">\n<div class=\"ContentHeaderBylineContent-chKtjf jZzNVX\">\n<div class=\"BylinesWrapper-hkFqmg gLCIoC bylines ContentHeaderBylines-kaSIkR lapcHJ\" data-testid=\"BylinesWrapper\">Es cierto que la moda es una de las principales industrias responsables del alto nivel de contaminaci\u00f3n en el planeta, gracias a la sobredemanda y exceso de producci\u00f3n dentro del mundo del\u00a0<em>retail<\/em>\u00a0y el acelerado ritmo del\u00a0<em>fast fashion.<\/em>\u00a0<strong>Debido a esto, m\u00faltiples empresas y marcas han tomado medidas<\/strong>\u00a0para incluir nueva tecnolog\u00eda para que sus prendas tengan un nuevo futuro basando sus dise\u00f1os en la sustentabilidad.<\/div>\n<div data-testid=\"BylinesWrapper\">\n<h2>\u201cMenos es m\u00e1s. M\u00e1s vale calidad de cantidad\u201d.<\/h2>\n<p><strong>Ha llegado el momento para que la industria de la moda se reinvente<\/strong>\u00a0y deje atr\u00e1s un sistema insostenible que afecta directamente a los trabajadores de las maquilas, y por supuesto, tambi\u00e9n tiene un impacto brutal ante el medio ambiente. Pero claro, esto no lo puede lograr sin nosotros como usuarios. Como hemos dicho antes, la tendencia del \u201cconsumidor inteligente\u201d va en ascenso, pero a\u00fan seguimos teniendo la mala costumbre de comprar innecesariamente. Existe una media de consumo de 34 prendas al a\u00f1o por persona, y mientras se compra, se tiran entre 12 y 14 kilos de ropa\u00a0<em>(esto tambi\u00e9n por persona)<\/em>. Compramos m\u00e1s y nos dura menos, este comportamiento debe de reinventarse junto con la industria, pues son simples matem\u00e1ticas: no m\u00e1s sobredemanda = no m\u00e1s sobreoferta y sobreproducci\u00f3n = mejores condiciones ambientales y de trabajo.<\/p>\n<p><strong>Estas son algunas de las iniciativas que se han puesto en marcha para cambiar la trayectoria de la moda.<\/strong><\/p>\n<p><img alt=\"\" loading=\"lazy\" decoding=\"async\" class=\"alignnone size-full wp-image-94101\" src=\"https:\/\/www.cordobatimes.com\/showup\/wp-content\/uploads\/2022\/04\/Screenshot_12.jpg\" alt=\"\" width=\"825\" height=\"542\" srcset=\"https:\/\/www.cordobatimes.com\/showup\/wp-content\/uploads\/2022\/04\/Screenshot_12.jpg 825w, https:\/\/www.cordobatimes.com\/showup\/wp-content\/uploads\/2022\/04\/Screenshot_12-639x420.jpg 639w, https:\/\/www.cordobatimes.com\/showup\/wp-content\/uploads\/2022\/04\/Screenshot_12-768x505.jpg 768w, https:\/\/www.cordobatimes.com\/showup\/wp-content\/uploads\/2022\/04\/Screenshot_12-696x457.jpg 696w, https:\/\/www.cordobatimes.com\/showup\/wp-content\/uploads\/2022\/04\/Screenshot_12-741x486.jpg 741w\" sizes=\"auto, (max-width: 825px) 100vw, 825px\" \/><\/p>\n<p>En abril de 2022,\u00a0<strong>Cartier<\/strong>\u00a0\u2014una de las casas de lujo l\u00edderes en el mundo\u2014 se uni\u00f3 al\u00a0<em>CEO<\/em><br \/>\n<em>Carbon Neutral Challenge<\/em>, un llamado a la acci\u00f3n emitido por el Presidente y Director Ejecutivo<br \/>\nde\u00a0<strong>Gucci<\/strong>, Marco Bizzarri, comprometi\u00e9ndose a apoyar a las empresas globales en la transici\u00f3n hacia una econom\u00eda baja en carbono y positiva para la naturaleza.<\/p>\n<p>Este compromiso, lanzado en 2019, subraya la necesidad de que las empresas tomen medidas urgentes e implementen una estrategia clim\u00e1tica de 360\u00b0 para generar resultados positivos. El objetivo es asumir plena responsabilidad de las emisiones totales de gases de efecto invernadero (GEI) que generan de inmediato y, despu\u00e9s de priorizar la reducci\u00f3n de emisiones, ofrecer soluciones clim\u00e1ticas basadas en la naturaleza para todas las emisiones anuales restantes, ayudando a mitigar el cambio clim\u00e1tico y la p\u00e9rdida de biodiversidad.<\/p>\n<figure style=\"width: 845px\" class=\"wp-caption alignnone\"><img loading=\"lazy\" decoding=\"async\" class=\"ResponsiveImageContainer-dlOMGF dnUTOP responsive-image__image\" src=\"https:\/\/media.gq.com.mx\/photos\/6269554c1e7e8a4eaa1edaed\/master\/w_1600%2Cc_limit\/ceo-carbon-neutral-challenge-cartier.png\" alt=\"Moda y sustentabilidad\" width=\"845\" height=\"475\" \/><figcaption class=\"wp-caption-text\">La protecci\u00f3n de la biodiversidad y los compromisos medioambientales se han convertido en prioridades estrat\u00e9gicas clave para la moda.<\/figcaption><\/figure>\n<p>Cartier se ha comprometido con los criterios establecidos por el\u00a0<em>CEO Carbon Neutral Challenge<\/em>; adem\u00e1s, los esfuerzos de sostenibilidad de la\u00a0<em>maison<\/em>\u00a0en los \u00faltimos a\u00f1os ya se han alineado con el esp\u00edritu del desaf\u00edo, asegurando que sus actividades finalmente tengan un impacto limitado en el medio ambiente.<\/p>\n<h2>Adolfo Dominguez<\/h2>\n<p><img decoding=\"async\" class=\"ResponsiveImageContainer-dlOMGF dnUTOP responsive-image__image\" style=\"margin-bottom: 0px;\" src=\"https:\/\/media.gq.com.mx\/photos\/5ebeb415fc5059515dd87cac\/master\/w_1600%2Cc_limit\/adolfo%2520dominguez%2520.jpg\" sizes=\"100vw\" srcset=\"https:\/\/media.gq.com.mx\/photos\/5ebeb415fc5059515dd87cac\/master\/w_120,c_limit\/adolfo%20dominguez%20.jpg 120w, https:\/\/media.gq.com.mx\/photos\/5ebeb415fc5059515dd87cac\/master\/w_240,c_limit\/adolfo%20dominguez%20.jpg 240w, https:\/\/media.gq.com.mx\/photos\/5ebeb415fc5059515dd87cac\/master\/w_320,c_limit\/adolfo%20dominguez%20.jpg 320w, https:\/\/media.gq.com.mx\/photos\/5ebeb415fc5059515dd87cac\/master\/w_640,c_limit\/adolfo%20dominguez%20.jpg 640w, https:\/\/media.gq.com.mx\/photos\/5ebeb415fc5059515dd87cac\/master\/w_960,c_limit\/adolfo%20dominguez%20.jpg 960w, https:\/\/media.gq.com.mx\/photos\/5ebeb415fc5059515dd87cac\/master\/w_1280,c_limit\/adolfo%20dominguez%20.jpg 1280w, https:\/\/media.gq.com.mx\/photos\/5ebeb415fc5059515dd87cac\/master\/w_1600,c_limit\/adolfo%20dominguez%20.jpg 1600w\" alt=\"Adolfo Dominguez\" \/><\/p>\n<\/div>\n<\/div>\n<div data-testid=\"BylinesWrapper\">\n<p>\u201cLa industria textil es la segunda m\u00e1s contaminante del mundo. Las marcas y los consumidores debemos ser conscientes de la necesidad de sensibilizarnos y concienciarnos sobre nuestra actividad y nuestros h\u00e1bitos de consumo si queremos vivir en un planeta sostenible. Lo normal es que una falda dure diez a\u00f1os, no comprar una camiseta para usar y tirar \u201d, ha explicado Mario \u00c1vila, director de Concept Art de la firma.<\/p>\n<p><strong>Adolfo Dominguez<\/strong>\u00a0presenta la iniciativa &#8216;Pienso, luego compro&#8217;. Una invitaci\u00f3n a sus usuarios y a todos los compradores de moda a pensar antes de hacer cualquier compra precipitada. \u201c\u00bfRealmente lo necesito?\u201d es el nuevo mantra que nos presenta la firma, en el que debemos basar nuestro consumo de ropa.<\/p>\n<h2>Gucci<\/h2>\n<p><img decoding=\"async\" class=\"ResponsiveImageContainer-dlOMGF dnUTOP responsive-image__image\" style=\"margin-bottom: 0px;\" src=\"https:\/\/media.gq.com.mx\/photos\/5ebb1e67fc5059515dd87a9f\/master\/w_1600%2Cc_limit\/GettyImages-1039496720.jpg\" sizes=\"100vw\" srcset=\"https:\/\/media.gq.com.mx\/photos\/5ebb1e67fc5059515dd87a9f\/master\/w_120,c_limit\/GettyImages-1039496720.jpg 120w, https:\/\/media.gq.com.mx\/photos\/5ebb1e67fc5059515dd87a9f\/master\/w_240,c_limit\/GettyImages-1039496720.jpg 240w, https:\/\/media.gq.com.mx\/photos\/5ebb1e67fc5059515dd87a9f\/master\/w_320,c_limit\/GettyImages-1039496720.jpg 320w, https:\/\/media.gq.com.mx\/photos\/5ebb1e67fc5059515dd87a9f\/master\/w_640,c_limit\/GettyImages-1039496720.jpg 640w, https:\/\/media.gq.com.mx\/photos\/5ebb1e67fc5059515dd87a9f\/master\/w_960,c_limit\/GettyImages-1039496720.jpg 960w, https:\/\/media.gq.com.mx\/photos\/5ebb1e67fc5059515dd87a9f\/master\/w_1280,c_limit\/GettyImages-1039496720.jpg 1280w, https:\/\/media.gq.com.mx\/photos\/5ebb1e67fc5059515dd87a9f\/master\/w_1600,c_limit\/GettyImages-1039496720.jpg 1600w\" alt=\"Gucci\" \/><br \/>\nLa\u00a0<strong>firma italiana<\/strong>\u00a0es una de las pocas marcas dentro del sector de lujo que practica la transparencia dentro de su cadena de producci\u00f3n y suministro con sus usuarios. D\u00e1ndose a conocer por tener un gran compromiso social, la marca busca implementar nuevas medidas para poder dar a sus consumidores una lista de proveedores mucho m\u00e1s concreta.<\/p>\n<h2>Zegna<\/h2>\n<p><img decoding=\"async\" class=\"ResponsiveImageContainer-dlOMGF dnUTOP responsive-image__image\" src=\"https:\/\/media.gq.com.mx\/photos\/5ebb251f8f9c683ef7a483f8\/master\/w_1600%2Cc_limit\/GettyImages-1198720654.jpg\" sizes=\"100vw\" srcset=\"https:\/\/media.gq.com.mx\/photos\/5ebb251f8f9c683ef7a483f8\/master\/w_120,c_limit\/GettyImages-1198720654.jpg 120w, https:\/\/media.gq.com.mx\/photos\/5ebb251f8f9c683ef7a483f8\/master\/w_240,c_limit\/GettyImages-1198720654.jpg 240w, https:\/\/media.gq.com.mx\/photos\/5ebb251f8f9c683ef7a483f8\/master\/w_320,c_limit\/GettyImages-1198720654.jpg 320w, https:\/\/media.gq.com.mx\/photos\/5ebb251f8f9c683ef7a483f8\/master\/w_640,c_limit\/GettyImages-1198720654.jpg 640w, https:\/\/media.gq.com.mx\/photos\/5ebb251f8f9c683ef7a483f8\/master\/w_960,c_limit\/GettyImages-1198720654.jpg 960w, https:\/\/media.gq.com.mx\/photos\/5ebb251f8f9c683ef7a483f8\/master\/w_1280,c_limit\/GettyImages-1198720654.jpg 1280w, https:\/\/media.gq.com.mx\/photos\/5ebb251f8f9c683ef7a483f8\/master\/w_1600,c_limit\/GettyImages-1198720654.jpg 1600w\" alt=\"Ermenegildo Zegna\" \/><strong>Zegna<\/strong>\u00a0se ha convertido en la primera marca de lujo en publicar una lista detallada de sus proveedores y maquilas, comprobando a sus usuarios el control que llevan con sus productos y c\u00f3mo es que estos son elaborados, al mismo tiempo que representan un importante compromiso hacia el trabajo justo y una preocupaci\u00f3n por tener bien establecidos tanto a sus trabajadores como a sus productos.<\/p>\n<p>Aunado a esto, la marca ha comenzado su campa\u00f1a #UseTheExisting que tiene como objetivo el crear fibras completamente nuevas a partir de telas ya existentes.<\/p>\n<h3>Adidas<\/h3>\n<p><img decoding=\"async\" class=\"ResponsiveImageContainer-dlOMGF dnUTOP responsive-image__image\" style=\"margin-bottom: 0px;\" src=\"https:\/\/media.gq.com.mx\/photos\/5ebb24d38f9c683ef7a483f6\/master\/w_1600%2Cc_limit\/adidas%2520Futurecraft.Loop.jpg\" sizes=\"100vw\" srcset=\"https:\/\/media.gq.com.mx\/photos\/5ebb24d38f9c683ef7a483f6\/master\/w_120,c_limit\/adidas%20Futurecraft.Loop.jpg 120w, https:\/\/media.gq.com.mx\/photos\/5ebb24d38f9c683ef7a483f6\/master\/w_240,c_limit\/adidas%20Futurecraft.Loop.jpg 240w, https:\/\/media.gq.com.mx\/photos\/5ebb24d38f9c683ef7a483f6\/master\/w_320,c_limit\/adidas%20Futurecraft.Loop.jpg 320w, https:\/\/media.gq.com.mx\/photos\/5ebb24d38f9c683ef7a483f6\/master\/w_640,c_limit\/adidas%20Futurecraft.Loop.jpg 640w, https:\/\/media.gq.com.mx\/photos\/5ebb24d38f9c683ef7a483f6\/master\/w_960,c_limit\/adidas%20Futurecraft.Loop.jpg 960w, https:\/\/media.gq.com.mx\/photos\/5ebb24d38f9c683ef7a483f6\/master\/w_1280,c_limit\/adidas%20Futurecraft.Loop.jpg 1280w, https:\/\/media.gq.com.mx\/photos\/5ebb24d38f9c683ef7a483f6\/master\/w_1600,c_limit\/adidas%20Futurecraft.Loop.jpg 1600w\" alt=\"Futurecraft.Loop\" \/>Fusionando est\u00e9tica, dise\u00f1o y funcionalidad, Adidas di\u00f3 a conocer\u00a0su modelo Futurecraft Loop. Un zapato deportivo elaborado con la tecnolog\u00eda para convertirse en el primer calzado 100% biodegradable elaborado con materiales 100% reciclados.<\/p>\n<p>Los\u00a0<em>sneakers<\/em>\u00a0hechos con el reconocido dise\u00f1o\u00a0<em>Boost<\/em>\u00a0a\u00fan no tienen una fecha establecida para su lanzamiento; sin embargo, la iniciativa por parte de la marca demuestra su compromiso por transformar el ciclo del calzado deportivo dentro del mercado, optando por un ciclo de repetici\u00f3n en donde la sustentabilidad se tiene como bandera.<\/p>\n<h2>H&amp;M<\/h2>\n<p><img decoding=\"async\" class=\"ResponsiveImageContainer-dlOMGF dnUTOP responsive-image__image\" src=\"https:\/\/media.gq.com.mx\/photos\/5ebb299b51cd5e1b340e8e1c\/master\/w_1600%2Cc_limit\/GettyImages-165657303.jpg\" sizes=\"100vw\" srcset=\"https:\/\/media.gq.com.mx\/photos\/5ebb299b51cd5e1b340e8e1c\/master\/w_120,c_limit\/GettyImages-165657303.jpg 120w, https:\/\/media.gq.com.mx\/photos\/5ebb299b51cd5e1b340e8e1c\/master\/w_240,c_limit\/GettyImages-165657303.jpg 240w, https:\/\/media.gq.com.mx\/photos\/5ebb299b51cd5e1b340e8e1c\/master\/w_320,c_limit\/GettyImages-165657303.jpg 320w, https:\/\/media.gq.com.mx\/photos\/5ebb299b51cd5e1b340e8e1c\/master\/w_640,c_limit\/GettyImages-165657303.jpg 640w, https:\/\/media.gq.com.mx\/photos\/5ebb299b51cd5e1b340e8e1c\/master\/w_960,c_limit\/GettyImages-165657303.jpg 960w, https:\/\/media.gq.com.mx\/photos\/5ebb299b51cd5e1b340e8e1c\/master\/w_1280,c_limit\/GettyImages-165657303.jpg 1280w, https:\/\/media.gq.com.mx\/photos\/5ebb299b51cd5e1b340e8e1c\/master\/w_1600,c_limit\/GettyImages-165657303.jpg 1600w\" alt=\"HM Conscious\" \/><\/p>\n<\/div>\n<div data-testid=\"BylinesWrapper\">\n<p>\u201cEn H&amp;M nos hemos planteado el reto de finalmente darle sustentabilidad a la moda. Queremos ayudar a las personas a expresar su personalidad y sentirse orgullosas de lo que llevan puesto. Me emociona ver cu\u00e1nto hemos avanzado hasta ahora y c\u00f3mo esto nos ayudar\u00e1 a hacer una oferta incluso mejor, a la vez que creamos un futuro m\u00e1s sustentable para la moda\u201d, explicaba en un comunicado\u00a0<strong>Karl\u00ad Johan Persson<\/strong>, antiguo director general, cuando se dio este paso.<\/p>\n<p>La marca de Fast Fashion se ha convertido en una de las primeras en su nicho en comprometerse tanto en el trabajo justo como en el medio ambiente, creando sus colecciones H&amp;M Conscious, en donde se presentan prendas elaboradas con materia prima reciclada.<\/p>\n<p>Igualmente practica la transparencia en la moda junto a sus usuarios, exponiendo informes detallados que presentan su cadena de suministro.<\/p>\n<h2>Fashion Revolution<\/h2>\n<p><img decoding=\"async\" class=\"ResponsiveImageContainer-dlOMGF dnUTOP responsive-image__image\" src=\"https:\/\/media.gq.com.mx\/photos\/5ebb2c3e8f9c683ef7a483fd\/master\/w_1600%2Cc_limit\/Fashion%2520Revolution%2520.jpg\" sizes=\"100vw\" srcset=\"https:\/\/media.gq.com.mx\/photos\/5ebb2c3e8f9c683ef7a483fd\/master\/w_120,c_limit\/Fashion%20Revolution%20.jpg 120w, https:\/\/media.gq.com.mx\/photos\/5ebb2c3e8f9c683ef7a483fd\/master\/w_240,c_limit\/Fashion%20Revolution%20.jpg 240w, https:\/\/media.gq.com.mx\/photos\/5ebb2c3e8f9c683ef7a483fd\/master\/w_320,c_limit\/Fashion%20Revolution%20.jpg 320w, https:\/\/media.gq.com.mx\/photos\/5ebb2c3e8f9c683ef7a483fd\/master\/w_640,c_limit\/Fashion%20Revolution%20.jpg 640w, https:\/\/media.gq.com.mx\/photos\/5ebb2c3e8f9c683ef7a483fd\/master\/w_960,c_limit\/Fashion%20Revolution%20.jpg 960w, https:\/\/media.gq.com.mx\/photos\/5ebb2c3e8f9c683ef7a483fd\/master\/w_1280,c_limit\/Fashion%20Revolution%20.jpg 1280w, https:\/\/media.gq.com.mx\/photos\/5ebb2c3e8f9c683ef7a483fd\/master\/w_1600,c_limit\/Fashion%20Revolution%20.jpg 1600w\" alt=\"Fashion Revolution\" \/><strong>Fashion Revolution<\/strong>\u00a0es un movimiento social dentro de redes sociales para crear conciencia del proceso de producci\u00f3n de nuestra ropa. La iniciativa ya lleva deambulando un par de a\u00f1os dentro del mundo digital, invit\u00e1ndonos a todos a hacernos responsables de los productos que compramos al informarnos de su origen.\u00a0<em>Who Made My Clothes?<\/em>\u00a0(\u00bfQui\u00e9n hizo mi ropa?) es la frase principal del movimiento y la primera pregunta que debemos hacernos todos.<\/p>\n<p>Sin duda estamos viviendo una revoluci\u00f3n en la moda en donde el consumidor debe de ser inteligente e informado para que, de la mano de las marcas, cambiemos el futuro de la producci\u00f3n de moda y este se convierta en\u00a0un proceso menos da\u00f1ino para el medio ambiente.<\/p>\n<\/div>\n<\/div>\n","protected":false},"excerpt":{"rendered":"<p>La industria de la moda comienza a evolucionar hacia un futuro en donde la sustentabilidad se toma como base para crear mejores productos.\u00a0 Es cierto que la moda es una de las principales industrias responsables del alto nivel de contaminaci\u00f3n en el planeta, gracias a la sobredemanda y exceso de producci\u00f3n dentro del mundo del\u00a0retail\u00a0y [&hellip;]<\/p>\n","protected":false},"author":1,"featured_media":94100,"comment_status":"closed","ping_status":"closed","sticky":false,"template":"","format":"standard","meta":{"_seopress_robots_primary_cat":"","_seopress_titles_title":"","_seopress_titles_desc":"","_seopress_robots_index":"","footnotes":""},"categories":[228],"tags":[35038,32914,35039],"class_list":{"0":"post-94099","1":"post","2":"type-post","3":"status-publish","4":"format-standard","5":"has-post-thumbnail","7":"category-moda-y-estilos","8":"tag-disenos-moda-sustentable","9":"tag-moda-sustentable","10":"tag-sustentabilidad-en-la-moda"},"_links":{"self":[{"href":"https:\/\/www.cordobatimes.com\/showup\/wp-json\/wp\/v2\/posts\/94099","targetHints":{"allow":["GET"]}}],"collection":[{"href":"https:\/\/www.cordobatimes.com\/showup\/wp-json\/wp\/v2\/posts"}],"about":[{"href":"https:\/\/www.cordobatimes.com\/showup\/wp-json\/wp\/v2\/types\/post"}],"author":[{"embeddable":true,"href":"https:\/\/www.cordobatimes.com\/showup\/wp-json\/wp\/v2\/users\/1"}],"replies":[{"embeddable":true,"href":"https:\/\/www.cordobatimes.com\/showup\/wp-json\/wp\/v2\/comments?post=94099"}],"version-history":[{"count":0,"href":"https:\/\/www.cordobatimes.com\/showup\/wp-json\/wp\/v2\/posts\/94099\/revisions"}],"wp:featuredmedia":[{"embeddable":true,"href":"https:\/\/www.cordobatimes.com\/showup\/wp-json\/wp\/v2\/media\/94100"}],"wp:attachment":[{"href":"https:\/\/www.cordobatimes.com\/showup\/wp-json\/wp\/v2\/media?parent=94099"}],"wp:term":[{"taxonomy":"category","embeddable":true,"href":"https:\/\/www.cordobatimes.com\/showup\/wp-json\/wp\/v2\/categories?post=94099"},{"taxonomy":"post_tag","embeddable":true,"href":"https:\/\/www.cordobatimes.com\/showup\/wp-json\/wp\/v2\/tags?post=94099"}],"curies":[{"name":"wp","href":"https:\/\/api.w.org\/{rel}","templated":true}]}}