{"id":94089,"date":"2022-04-27T18:55:40","date_gmt":"2022-04-27T21:55:40","guid":{"rendered":"https:\/\/www.cordobatimes.com\/showup\/?p=94089"},"modified":"2022-04-27T18:55:40","modified_gmt":"2022-04-27T21:55:40","slug":"se-vende-el-impresionante-departamento-de-guillermo-francella-en-la-pelicula-granizo","status":"publish","type":"post","link":"https:\/\/www.cordobatimes.com\/showup\/sociedad\/2022\/04\/27\/se-vende-el-impresionante-departamento-de-guillermo-francella-en-la-pelicula-granizo\/","title":{"rendered":"Se vende el impresionante departamento de Guillermo Francella en la pel\u00edcula Granizo"},"content":{"rendered":"<h3><strong>De estilo franc\u00e9s y renovado por completo antes de filmarse el \u00e9xito mundial de Netflix, est\u00e1 ubicado en el barrio de Recoleta<\/strong><\/h3>\n<p>La pel\u00edcula\u00a0Granizo\u00a0protagonizada por\u00a0Guillermo Francella\u00a0sigue siendo un suceso en Netflix, y est\u00e1 entre las m\u00e1s vistas de habla no inglesa en el mundo de esta plataforma.<\/p>\n<p>El departamento en donde se rodaron varias escenas de este film, como casa del meteor\u00f3logo Miguel Flores, el protagonista, est\u00e1 en venta luego de transformarse en la propiedad m\u00e1s famosa gracias a la popularidad que gan\u00f3 desde su estreno en la pantalla.<\/p>\n<p>Se trata de un inmueble ubicado en la calle Guido al 1700, en Recoleta, que est\u00e1 dentro de un edificio de estilo franc\u00e9s con una antig\u00fcedad de 70 a\u00f1os con\u00a03 dormitorios, 5 ba\u00f1os y una cochera. Distribuido en\u00a0392 metros cuadrados de los cuales 32 m2 son descubiertos\u00a0(entre patio y terraza).<\/p>\n<p><img alt=\"\" loading=\"lazy\" decoding=\"async\" class=\"alignnone size-medium wp-image-94092\" src=\"https:\/\/www.cordobatimes.com\/showup\/wp-content\/uploads\/2022\/04\/Pantallazo-27-04-2022-18.36.56-629x420.jpg\" alt=\"\" width=\"629\" height=\"420\" srcset=\"https:\/\/www.cordobatimes.com\/showup\/wp-content\/uploads\/2022\/04\/Pantallazo-27-04-2022-18.36.56-629x420.jpg 629w, https:\/\/www.cordobatimes.com\/showup\/wp-content\/uploads\/2022\/04\/Pantallazo-27-04-2022-18.36.56-696x465.jpg 696w, https:\/\/www.cordobatimes.com\/showup\/wp-content\/uploads\/2022\/04\/Pantallazo-27-04-2022-18.36.56.jpg 756w\" sizes=\"auto, (max-width: 629px) 100vw, 629px\" \/><\/p>\n<p>Antes de filmarse este departamento fue totalmente reciclado y pas\u00f3 un buen examen por directores de arte, sonidos e im\u00e1genes. Hasta que\u00a0Marcos Carnevale, director de la pel\u00edcula, decidi\u00f3 elegirlo.<\/p>\n<p>\u201cAll\u00ed se film\u00f3 durante una semana, y las partes que m\u00e1s se observan son la master suite, la cocina y ba\u00f1o principal. En una de las partes, Franchella (que interpreta a\u00a0Flores, un meteor\u00f3logo aclamado por su fans que falla al no anunciar una tormenta con una granizada grande) trabaja en el escritorio. Tambi\u00e9n hay varias partes del \u00e1rea de ingreso en la vereda\u201d, dijo a\u00a0Infobae Valeria Cuevas Villarroel, dise\u00f1adora de interiores que trabaj\u00f3 en la remodelaci\u00f3n del departamento junto con el arquitecto\u00a0Mateo Abuchdid.<\/p>\n<p><img alt=\"\" loading=\"lazy\" decoding=\"async\" class=\"alignnone size-medium wp-image-94093\" src=\"https:\/\/www.cordobatimes.com\/showup\/wp-content\/uploads\/2022\/04\/Pantallazo-27-04-2022-18.38.35-633x420.jpg\" alt=\"\" width=\"633\" height=\"420\" srcset=\"https:\/\/www.cordobatimes.com\/showup\/wp-content\/uploads\/2022\/04\/Pantallazo-27-04-2022-18.38.35-633x420.jpg 633w, https:\/\/www.cordobatimes.com\/showup\/wp-content\/uploads\/2022\/04\/Pantallazo-27-04-2022-18.38.35-696x462.jpg 696w, https:\/\/www.cordobatimes.com\/showup\/wp-content\/uploads\/2022\/04\/Pantallazo-27-04-2022-18.38.35.jpg 758w\" sizes=\"auto, (max-width: 633px) 100vw, 633px\" \/><\/p>\n<p>En la renovaci\u00f3n se logr\u00f3 mantener el piso de roble de Eslavonia, y se cambiaron algunas partes que no luc\u00edan muy bien y se debi\u00f3 recurrir a la compra por medio de coleccionistas. Tambi\u00e9n fueron laqueados para que luzcan relucientes.<\/p>\n<p><img alt=\"\" loading=\"lazy\" decoding=\"async\" class=\"alignnone size-medium wp-image-94094\" src=\"https:\/\/www.cordobatimes.com\/showup\/wp-content\/uploads\/2022\/04\/Pantallazo-27-04-2022-18.41.31-630x420.jpg\" alt=\"\" width=\"630\" height=\"420\" srcset=\"https:\/\/www.cordobatimes.com\/showup\/wp-content\/uploads\/2022\/04\/Pantallazo-27-04-2022-18.41.31-630x420.jpg 630w, https:\/\/www.cordobatimes.com\/showup\/wp-content\/uploads\/2022\/04\/Pantallazo-27-04-2022-18.41.31-696x464.jpg 696w, https:\/\/www.cordobatimes.com\/showup\/wp-content\/uploads\/2022\/04\/Pantallazo-27-04-2022-18.41.31.jpg 754w\" sizes=\"auto, (max-width: 630px) 100vw, 630px\" \/><\/p>\n<p>Cuevas Villarroel puntualiz\u00f3 que \u201cla obra se hizo con mucho cuidado y la master suite posee un vestidor amplio en madera y vidrio. La cocina fue una gran refacci\u00f3n porque se derrumbaron varias salas, y se hicieron una isla de cocci\u00f3n y una de aguas. Tambi\u00e9n se restauraron los techos por completo\u201d.<\/p>\n<h3><strong>Por dentro<\/strong><\/h3>\n<p>Para su venta se piden\u00a0USD 1.350.000\u00a0y cuenta con un living al ingresar a la propiedad, escritorio, sala de TV, segundo living con hogar y comedor separado al frente con salida a balc\u00f3n corrido sobre la calle Guido. Para disfrutar del aire libre en el patio est\u00e1n la parrilla el\u00e9ctrica y calefactor.<\/p>\n<p><img alt=\"\" loading=\"lazy\" decoding=\"async\" class=\"alignnone size-medium wp-image-94095\" src=\"https:\/\/www.cordobatimes.com\/showup\/wp-content\/uploads\/2022\/04\/Pantallazo-27-04-2022-18.43.41-633x420.jpg\" alt=\"\" width=\"633\" height=\"420\" srcset=\"https:\/\/www.cordobatimes.com\/showup\/wp-content\/uploads\/2022\/04\/Pantallazo-27-04-2022-18.43.41-633x420.jpg 633w, https:\/\/www.cordobatimes.com\/showup\/wp-content\/uploads\/2022\/04\/Pantallazo-27-04-2022-18.43.41-696x462.jpg 696w, https:\/\/www.cordobatimes.com\/showup\/wp-content\/uploads\/2022\/04\/Pantallazo-27-04-2022-18.43.41.jpg 756w\" sizes=\"auto, (max-width: 633px) 100vw, 633px\" \/><\/p>\n<p>En el frente sobre Guido se dispuso una recepci\u00f3n imponente compuesta por el foyer, living, comedor, escritorio y sala de TV rematando con un hogar suspendido en cuarcita Roma imperial.<\/p>\n<p>Sus ventanales presentan persianas el\u00e9ctricas y doble vidriado herm\u00e9tico con perfiler\u00eda alemana en PVC. Tambi\u00e9n se conservaron aberturas originales. La unidad posee sistema por Volumen de Refrigeraci\u00f3n Variable (VRV) inverter en todo el piso.<\/p>\n<p><img alt=\"\" loading=\"lazy\" decoding=\"async\" class=\"alignnone size-medium wp-image-94096\" src=\"https:\/\/www.cordobatimes.com\/showup\/wp-content\/uploads\/2022\/04\/Pantallazo-27-04-2022-18.47.27-636x420.jpg\" alt=\"\" width=\"636\" height=\"420\" srcset=\"https:\/\/www.cordobatimes.com\/showup\/wp-content\/uploads\/2022\/04\/Pantallazo-27-04-2022-18.47.27-636x420.jpg 636w, https:\/\/www.cordobatimes.com\/showup\/wp-content\/uploads\/2022\/04\/Pantallazo-27-04-2022-18.47.27-696x460.jpg 696w, https:\/\/www.cordobatimes.com\/showup\/wp-content\/uploads\/2022\/04\/Pantallazo-27-04-2022-18.47.27.jpg 745w\" sizes=\"auto, (max-width: 636px) 100vw, 636px\" \/> <img alt=\"\" loading=\"lazy\" decoding=\"async\" class=\"alignnone size-medium wp-image-94097\" src=\"https:\/\/www.cordobatimes.com\/showup\/wp-content\/uploads\/2022\/04\/Pantallazo-27-04-2022-18.48.02-635x420.jpg\" alt=\"\" width=\"635\" height=\"420\" srcset=\"https:\/\/www.cordobatimes.com\/showup\/wp-content\/uploads\/2022\/04\/Pantallazo-27-04-2022-18.48.02-635x420.jpg 635w, https:\/\/www.cordobatimes.com\/showup\/wp-content\/uploads\/2022\/04\/Pantallazo-27-04-2022-18.48.02-696x461.jpg 696w, https:\/\/www.cordobatimes.com\/showup\/wp-content\/uploads\/2022\/04\/Pantallazo-27-04-2022-18.48.02.jpg 754w\" sizes=\"auto, (max-width: 635px) 100vw, 635px\" \/><\/p>\n","protected":false},"excerpt":{"rendered":"<p>De estilo franc\u00e9s y renovado por completo antes de filmarse el \u00e9xito mundial de Netflix, est\u00e1 ubicado en el barrio de Recoleta La pel\u00edcula\u00a0Granizo\u00a0protagonizada por\u00a0Guillermo Francella\u00a0sigue siendo un suceso en Netflix, y est\u00e1 entre las m\u00e1s vistas de habla no inglesa en el mundo de esta plataforma. El departamento en donde se rodaron varias escenas [&hellip;]<\/p>\n","protected":false},"author":1,"featured_media":94091,"comment_status":"closed","ping_status":"closed","sticky":false,"template":"","format":"standard","meta":{"_seopress_robots_primary_cat":"","_seopress_titles_title":"","_seopress_titles_desc":"","_seopress_robots_index":"","footnotes":""},"categories":[23399],"tags":[35035,35036,35037],"class_list":{"0":"post-94089","1":"post","2":"type-post","3":"status-publish","4":"format-standard","5":"has-post-thumbnail","7":"category-sociedad","8":"tag-departamento-de-guillermo-francella-en-la-pelicula-granizo","9":"tag-guillermo-francella-en-la-pelicula-granizo","10":"tag-guillermo-francella-granizo"},"_links":{"self":[{"href":"https:\/\/www.cordobatimes.com\/showup\/wp-json\/wp\/v2\/posts\/94089","targetHints":{"allow":["GET"]}}],"collection":[{"href":"https:\/\/www.cordobatimes.com\/showup\/wp-json\/wp\/v2\/posts"}],"about":[{"href":"https:\/\/www.cordobatimes.com\/showup\/wp-json\/wp\/v2\/types\/post"}],"author":[{"embeddable":true,"href":"https:\/\/www.cordobatimes.com\/showup\/wp-json\/wp\/v2\/users\/1"}],"replies":[{"embeddable":true,"href":"https:\/\/www.cordobatimes.com\/showup\/wp-json\/wp\/v2\/comments?post=94089"}],"version-history":[{"count":0,"href":"https:\/\/www.cordobatimes.com\/showup\/wp-json\/wp\/v2\/posts\/94089\/revisions"}],"wp:featuredmedia":[{"embeddable":true,"href":"https:\/\/www.cordobatimes.com\/showup\/wp-json\/wp\/v2\/media\/94091"}],"wp:attachment":[{"href":"https:\/\/www.cordobatimes.com\/showup\/wp-json\/wp\/v2\/media?parent=94089"}],"wp:term":[{"taxonomy":"category","embeddable":true,"href":"https:\/\/www.cordobatimes.com\/showup\/wp-json\/wp\/v2\/categories?post=94089"},{"taxonomy":"post_tag","embeddable":true,"href":"https:\/\/www.cordobatimes.com\/showup\/wp-json\/wp\/v2\/tags?post=94089"}],"curies":[{"name":"wp","href":"https:\/\/api.w.org\/{rel}","templated":true}]}}