{"id":94021,"date":"2022-04-21T09:41:35","date_gmt":"2022-04-21T12:41:35","guid":{"rendered":"https:\/\/www.cordobatimes.com\/showup\/?p=94021"},"modified":"2022-04-21T09:41:35","modified_gmt":"2022-04-21T12:41:35","slug":"los-nominados-a-los-premios-martin-fierro-de-la-television-abierta","status":"publish","type":"post","link":"https:\/\/www.cordobatimes.com\/showup\/tv\/2022\/04\/21\/los-nominados-a-los-premios-martin-fierro-de-la-television-abierta\/","title":{"rendered":"Los nominados a los premios Mart\u00edn Fierro de la televisi\u00f3n abierta"},"content":{"rendered":"<h3><strong>Luis Ventura dio todos los detalles en Cort\u00e1 por Lozano<\/strong><\/h3>\n<p>Despu\u00e9s de tres a\u00f1os, finalmente los\u00a0Mart\u00edn Fierro\u00a0tendr\u00e1n su tan esperada gala para premiar a lo mejor de la televisi\u00f3n abierta. La ceremonia -que fue postergada varias veces por la pandemia y su \u00faltima edici\u00f3n hab\u00eda sido en junio de 2019 &#8211; se llevar\u00e1 a cabo\u00a0el pr\u00f3ximo 15 de mayo\u00a0en el Hotel Hilton de Puerto Madero y ser\u00e1 televisada a trav\u00e9s de Telefe, adem\u00e1s, el encargado de conducir la entrega ser\u00e1 Marley.<\/p>\n<p>En este contexto, este mi\u00e9rcoles el presidente de Aptra fue invitado a\u00a0Cort\u00e1 por Lozano\u00a0para confirmar en exclusiva los nominados.<\/p>\n<p class=\"paragraph\"><b>qu\u00ed, las 35 ternas de los Mart\u00edn Fierro de la televisi\u00f3n abierta:<\/b><\/p>\n<p class=\"paragraph\"><b>Mejor reality<\/b><\/p>\n<p class=\"paragraph\"><i>Bake off,\u00a0<\/i>Telefe<\/p>\n<p class=\"paragraph\"><i>Corte y Confecci\u00f3n,<\/i>\u00a0El Trece<\/p>\n<p class=\"paragraph\"><i>Masterchef Celebrity,<\/i>\u00a0Telefe<\/p>\n<p class=\"paragraph\"><b>Big show<\/b><\/p>\n<p class=\"paragraph\"><i>La Voz Argentina,\u00a0<\/i>Telefe<\/p>\n<p class=\"paragraph\"><i>Showmatch,\u00a0<\/i>El Trece<\/p>\n<p class=\"paragraph\"><i>Trato Hecho<\/i>, Telefe<\/p>\n<p class=\"paragraph\"><b>Mejor jurado de TV<\/b><\/p>\n<p class=\"paragraph\">Ricardo Montaner, Lali Esp\u00f3sito, Soledad Pastoruti, Mau y Ricky ,\u00a0<i>La Voz Argentina<\/i><\/p>\n<p class=\"paragraph\">Donato De Santis, Dami\u00e1n Betular, Germ\u00e1n Martitegui,\u00a0<i>Masterchef Celebrity<\/i><\/p>\n<p class=\"paragraph\">\u00c1ngel de Brito, Carolina\u00a0<i>Pampita\u00a0<\/i>Ardohain, Guillermina Vald\u00e9s, Jimena Bar\u00f3n y Hern\u00e1n Piqu\u00edn,\u00a0<i>Showmatch<\/i><\/p>\n<p class=\"paragraph\">Nacha Guevara, Oscar Mediavilla, Karina La Princesita y Moria Cas\u00e1n,\u00a0<i>Cantando 2020<\/i><\/p>\n<p class=\"paragraph\"><b>Mejor Ficci\u00f3n<\/b><\/p>\n<p class=\"paragraph\"><i>El Tigre Ver\u00f3n<\/i>, El Trece<\/p>\n<p class=\"paragraph\"><i>La 1-5\/18,<\/i>\u00a0El Trece<\/p>\n<p class=\"paragraph\"><i>Monz\u00f3n<\/i>, Telefe<\/p>\n<p class=\"paragraph\"><i>Peque\u00f1a Victoria<\/i>, Telefe<\/p>\n<p class=\"paragraph\"><b>Mejor period\u00edstico<\/b><\/p>\n<p class=\"paragraph\"><i>Intratables<\/i>, Am\u00e9rica<\/p>\n<p class=\"paragraph\"><i>Fuego Amigo<\/i>, El Nueve<\/p>\n<p class=\"paragraph\"><i>Periodismo para todos<\/i>, El Trece<\/p>\n<p class=\"paragraph\"><i>Sigo XXI ATR<\/i>, Telefe<\/p>\n<p class=\"paragraph\"><b>Magazine<\/b><\/p>\n<p class=\"paragraph\"><i>Flor de equipo<\/i>, Telefe<\/p>\n<p class=\"paragraph\"><i>Nara que ver<\/i>, El Nueve<\/p>\n<p class=\"paragraph\"><i>Nosotros a la ma\u00f1ana,<\/i>\u00a0El Trece<\/p>\n<p class=\"paragraph\"><i>Pampita Online<\/i>, NET<\/p>\n<p class=\"paragraph\"><i>Todas las tardes<\/i>, El Nueve<\/p>\n<p class=\"paragraph\"><i>Cort\u00e1 por Lozano,<\/i>\u00a0Telefe<\/p>\n<p class=\"paragraph\"><b>Mejor programa Juegos de entretenimiento<\/b><\/p>\n<p class=\"paragraph\"><i>Bienvenidos a bordo<\/i>, El Trece<\/p>\n<p class=\"paragraph\"><i>La ruleta de tus sue\u00f1o<\/i>s, Am\u00e9rica<\/p>\n<p class=\"paragraph\"><i>Minuto para ganar,<\/i>\u00a0Telefe<\/p>\n<p class=\"paragraph\"><b>Mejor programa Juegos de preguntas<\/b><\/p>\n<p class=\"paragraph\"><i>100 argentinos dicen<\/i>, El Trece<\/p>\n<p class=\"paragraph\"><i>Los 8 escalones<\/i>, El Trece<\/p>\n<p class=\"paragraph\"><i>Pasapalabra<\/i>, Telefe<\/p>\n<p class=\"paragraph\"><i>Quien sabe mas de la Argentina<\/i>, TV P\u00fablica<\/p>\n<p class=\"paragraph\"><b>Humor\u00edstico:<\/b><\/p>\n<p class=\"paragraph\"><i>Bendita<\/i>, El Nueve<\/p>\n<p class=\"paragraph\"><i>No es tan tarde<\/i>, Telefe<\/p>\n<p class=\"paragraph\"><i>Pol\u00e9mica en el bar<\/i>, Am\u00e9rica<\/p>\n<p class=\"paragraph\"><b>Conducci\u00f3n<\/b><\/p>\n<p class=\"paragraph\">Beto Casella, El Nueve<\/p>\n<p class=\"paragraph\">Diego Korol, Am\u00e9rica<\/p>\n<p class=\"paragraph\">Guillermo L\u00f3pez, Am\u00e9rica<\/p>\n<p class=\"paragraph\"><b>Labor en conducci\u00f3n masculina<\/b><\/p>\n<p class=\"paragraph\">Dar\u00edo Barassi ,\u00a0<i>100 argentinos dicen<\/i><\/p>\n<p class=\"paragraph\">Santiago del Moro,\u00a0<i>Masterchef Celebrity<\/i><\/p>\n<p class=\"paragraph\">Mariano I\u00fadica,\u00a0<i>Pol\u00e9mica en el bar<\/i><\/p>\n<p class=\"paragraph\">Guido Kaczka,\u00a0<i>Bienvenidos a bordo<\/i><\/p>\n<p class=\"paragraph\">Marcelo Tinelli,\u00a0<i>Showmatch<\/i><\/p>\n<p class=\"paragraph\">Marley,\u00a0<i>Por el mundo, La Voz Argentina y Minuto para ganar<\/i><\/p>\n<p class=\"paragraph\"><b>Labor en conducci\u00f3n femenina<\/b><\/p>\n<p class=\"paragraph\">Karina Mazzoco ,\u00a0<i>A la tarde<\/i><\/p>\n<p class=\"paragraph\">Florencia Pe\u00f1a,\u00a0<i>Flor de equipo<\/i><\/p>\n<p class=\"paragraph\">Juana Viale,\u00a0<i>Almorzando con Mirtha Legrand<\/i><\/p>\n<p class=\"paragraph\">Ver\u00f3nica Lozano,\u00a0<i>Cort\u00e1 por Lozano<\/i><\/p>\n<p class=\"paragraph\"><b>Inter\u00e9s general<\/b><\/p>\n<p class=\"paragraph\"><i>Almorzando con Mirtha Legrand<\/i>, El Trece<\/p>\n<p class=\"paragraph\"><i>PH, Podemos Hablar<\/i>, Telefe<\/p>\n<p class=\"paragraph\"><i>Vivo para vos<\/i>, El Nueve<\/p>\n<p class=\"paragraph\"><b>Noticiero diurno<\/b><\/p>\n<p class=\"paragraph\"><i>Arriba argentinos<\/i>, El Trece<\/p>\n<p class=\"paragraph\"><i>El noticiero de la gente<\/i>, El Trece<\/p>\n<p class=\"paragraph\"><i>Telenueve al mediod\u00eda<\/i>, El Nueve<\/p>\n<p class=\"paragraph\"><b>Noticiero central<\/b><\/p>\n<p class=\"paragraph\"><i>Am\u00e9rica Noticias<\/i>, Am\u00e9rica<\/p>\n<p class=\"paragraph\"><i>Telefe Noticias<\/i>, Telefe<\/p>\n<p class=\"paragraph\"><i>Telenoche<\/i>, El Trece<\/p>\n<p class=\"paragraph\"><b>Actor protagonista de ficci\u00f3n<\/b><\/p>\n<p class=\"paragraph\">Facundo Arana,\u00a0<i>Peque\u00f1a victoria<\/i><\/p>\n<p class=\"paragraph\">Luciano C\u00e1ceres,\u00a0<i>La 1-5\/18<\/i><\/p>\n<p class=\"paragraph\">Marco Antonio Caponi,\u00a0<i>El Tigre Ver\u00f3n<\/i><\/p>\n<p class=\"paragraph\">Julio Chaves,\u00a0<i>El Tigre Ver\u00f3n<\/i><\/p>\n<p class=\"paragraph\"><b>Actriz protagonista de ficci\u00f3n<\/b><\/p>\n<p class=\"paragraph\">Agustina Cherri,\u00a0<i>La 1-5\/18<\/i><\/p>\n<p class=\"paragraph\">Julieta D\u00edaz,\u00a0<i>Peque\u00f1a victoria<\/i><\/p>\n<p class=\"paragraph\">Lali Gonz\u00e1lez,\u00a0<i>La 1-5\/18<\/i><\/p>\n<p class=\"paragraph\">Natalie P\u00e9rez,\u00a0<i>Peque\u00f1a victoria<\/i><\/p>\n<p class=\"paragraph\"><b>Actor de reparto<\/b><\/p>\n<p class=\"paragraph\">Ajaka, Alberto,\u00a0<i>Apache<\/i><\/p>\n<p class=\"paragraph\">Cremonesi, Diego,\u00a0<i>El Trigre Ver\u00f3n<\/i>, El Trece \/<i>\u00a0Monz\u00f3n<\/i>, Telefe<\/p>\n<p class=\"paragraph\">Serrano, Roly,\u00a0<i>La 1-5\/18<\/i><\/p>\n<p class=\"paragraph\"><b>Actriz de reparto<\/b><\/p>\n<p class=\"paragraph\">Bredice, Leticia,\u00a0<i>La 1-5\/18<\/i><\/p>\n<p class=\"paragraph\">Castiglione, Sof\u00eda Gala, El Trece y Telefe<\/p>\n<p class=\"paragraph\">Raggi, Florencia,\u00a0<i>Peque\u00f1a victoria<\/i><\/p>\n<p class=\"paragraph\"><b>Autor \/guionista<\/b><\/p>\n<p class=\"paragraph\"><i>El Tigre Ver\u00f3n<\/i>, Germ\u00e1n Maggiori \u2013 Marcos Osorio Vidal<\/p>\n<p class=\"paragraph\"><i>La 1-5\/18,L\u00a0<\/i>lily Ann Martin \u2013 Jessica Valls \u2013 Marcelo Nacci<\/p>\n<p class=\"paragraph\"><i>Peque\u00f1a victoria<\/i>,: \u00c9rica Halvorsen \u2013 Daniel Burman<\/p>\n<p class=\"paragraph\"><b>Revelaci\u00f3n<\/b><\/p>\n<p class=\"paragraph\">Dar\u00edo Barassi, El Trece<\/p>\n<p class=\"paragraph\">Jey Mamm\u00f3n, Am\u00e9rica<\/p>\n<p class=\"paragraph\">Mau y Ricky, Telefe<\/p>\n<p class=\"paragraph\"><b>Director<\/b><\/p>\n<p class=\"paragraph\">Caetano, Adrian,\u00a0<i>Apache<\/i><\/p>\n<p class=\"paragraph\">Ib\u00e1\u00f1ez, Alejandro y Nisco, Jorge,\u00a0<i>La 1-5\/18<\/i><\/p>\n<p class=\"paragraph\">Taratuto, Juan,\u00a0<i>Peque\u00f1as victorias<\/i><\/p>\n<p class=\"paragraph\"><b>Labor period\u00edstica masculina<\/b><\/p>\n<p class=\"paragraph\">Rodolfo Barili, Telefe<\/p>\n<p class=\"paragraph\">Nelson Castro, El Trece<\/p>\n<p class=\"paragraph\">Jorge Lanata, El Trece<\/p>\n<p class=\"paragraph\"><b>Labor period\u00edstica femenina<\/b><\/p>\n<p class=\"paragraph\">Marisa Andino, El Nueve<\/p>\n<p class=\"paragraph\">Soledad Larghi, Am\u00e9rica<\/p>\n<p class=\"paragraph\">Silvia Mart\u00ednez Casina, El Trece<\/p>\n<p class=\"paragraph\">Cristina P\u00e9rez, Telefe<\/p>\n<p class=\"paragraph\"><b>Labor humor\u00edstica<\/b><\/p>\n<p class=\"paragraph\">Mart\u00edn Campi, Flor de equipo<\/p>\n<p class=\"paragraph\">Roberto Moldavsky, Trato Hecho<\/p>\n<p class=\"paragraph\">Patricio Muzzio, La Pe\u00f1a de Morfi<\/p>\n<p class=\"paragraph\"><b>Producci\u00f3n integral<\/b><\/p>\n<p class=\"paragraph\"><i>La 1-5\/18<\/i>, El Trece<\/p>\n<p class=\"paragraph\"><i>La Voz Argentina<\/i>, Telefe<\/p>\n<p class=\"paragraph\"><i>Masterchef Celebrity<\/i>, Telefe<\/p>\n<p class=\"paragraph\"><b>Panelista<\/b><\/p>\n<p class=\"paragraph\">Mart\u00edn Candalaft, Am\u00e9rica<\/p>\n<p class=\"paragraph\">Paulo Kablan, Telefe<\/p>\n<p class=\"paragraph\">Yanina Latorre, El Trece<\/p>\n<p class=\"paragraph\"><b>Cronista &#8211; movilero<\/b><\/p>\n<p class=\"paragraph\">Guillermo Panizza, Telefe<\/p>\n<p class=\"paragraph\">Fabi\u00e1n Rubino, Am\u00e9rica<\/p>\n<p class=\"paragraph\">Santiago Zeyen, El Trece<\/p>\n<p class=\"paragraph\"><b>Viajes \/ turismo<\/b><\/p>\n<p class=\"paragraph\"><i>Selfie<\/i>, Am\u00e9rica<\/p>\n<p class=\"paragraph\"><i>Por el mundo<\/i>, Telefe<\/p>\n<p class=\"paragraph\"><i>Resto del mundo<\/i>, El Trece<\/p>\n<p class=\"paragraph\"><b>Musical<\/b><\/p>\n<p class=\"paragraph\"><i>Festival pa\u00eds<\/i>, TV P\u00fablica<\/p>\n<p class=\"paragraph\"><i>La Pe\u00f1a de Morfi<\/i>, Telefe<\/p>\n<p class=\"paragraph\"><i>Los Mammone<\/i>s, Am\u00e9rica<\/p>\n<p class=\"paragraph\"><i>Pasi\u00f3n de s\u00e1bado<\/i>, Am\u00e9rica<\/p>\n<p class=\"paragraph\"><b>Deportivo<\/b><\/p>\n<p class=\"paragraph\"><i>El show del f\u00fatbol,<\/i>\u00a0Am\u00e9rica<\/p>\n<p class=\"paragraph\"><i>Pasi\u00f3n por el f\u00fatbol<\/i>, El Trece<\/p>\n<p class=\"paragraph\"><i>Que vuelvan los potreros<\/i>, TV P\u00fablica<\/p>\n<p class=\"paragraph\"><b>Cultural \/ Educativo<\/b><\/p>\n<p class=\"paragraph\"><i>Ambiente y medio<\/i>, El Nueve<\/p>\n<p class=\"paragraph\"><i>Archivo de la emoci\u00f3n argentina<\/i>, TV P\u00fablica<\/p>\n<p class=\"paragraph\"><i>Filmoteca<\/i>, TV P\u00fablica<\/p>\n<p class=\"paragraph\"><b>Gastronom\u00eda<\/b><\/p>\n<p class=\"paragraph\"><i>Cocineros argentinos<\/i>, TV P\u00fablica<\/p>\n<p class=\"paragraph\"><i>Cucinare<\/i>, El Trece<\/p>\n<p class=\"paragraph\"><i>Qu\u00e9 ma\u00f1ana<\/i>, El Nueve<\/p>\n<p class=\"paragraph\"><b>Aviso publicitario (producto)<\/b><\/p>\n<p class=\"paragraph\"><i>Cuarentennials<\/i>\u00a0(easy) \u2013 don<\/p>\n<p class=\"paragraph\"><i>Todo es mejor en blanco y noire<\/i>\u00a0(stella artois) \u2013 gut<\/p>\n<p class=\"paragraph\"><i>Veo, veo\u00a0<\/i>(flow) \u2013 don<\/p>\n<p class=\"paragraph\"><b>Spot Institucional<\/b><\/p>\n<p class=\"paragraph\"><i>Infinia<\/i>, nueva formula (YPF) \u2013 Liebre Amotinada<\/p>\n<p class=\"paragraph\"><i>Esenciales<\/i>\u00a0(Mercado Libre) \u2013 GUT<\/p>\n<p class=\"paragraph\"><i>Payada<\/i>\u00a0(Proyecto Colectivo Liberal) \u2013 Together with<\/p>\n","protected":false},"excerpt":{"rendered":"<p>Luis Ventura dio todos los detalles en Cort\u00e1 por Lozano Despu\u00e9s de tres a\u00f1os, finalmente los\u00a0Mart\u00edn Fierro\u00a0tendr\u00e1n su tan esperada gala para premiar a lo mejor de la televisi\u00f3n abierta. La ceremonia -que fue postergada varias veces por la pandemia y su \u00faltima edici\u00f3n hab\u00eda sido en junio de 2019 &#8211; se llevar\u00e1 a cabo\u00a0el [&hellip;]<\/p>\n","protected":false},"author":1,"featured_media":94022,"comment_status":"closed","ping_status":"closed","sticky":false,"template":"","format":"standard","meta":{"_seopress_robots_primary_cat":"","_seopress_titles_title":"","_seopress_titles_desc":"","_seopress_robots_index":"","footnotes":""},"categories":[2],"tags":[35015,35014,35016],"class_list":{"0":"post-94021","1":"post","2":"type-post","3":"status-publish","4":"format-standard","5":"has-post-thumbnail","7":"category-tv","8":"tag-martin-fierro-de-la-television-abierta","9":"tag-nominados-a-los-premios-martin-fierro","10":"tag-premios-martin-fierro-2022"},"_links":{"self":[{"href":"https:\/\/www.cordobatimes.com\/showup\/wp-json\/wp\/v2\/posts\/94021","targetHints":{"allow":["GET"]}}],"collection":[{"href":"https:\/\/www.cordobatimes.com\/showup\/wp-json\/wp\/v2\/posts"}],"about":[{"href":"https:\/\/www.cordobatimes.com\/showup\/wp-json\/wp\/v2\/types\/post"}],"author":[{"embeddable":true,"href":"https:\/\/www.cordobatimes.com\/showup\/wp-json\/wp\/v2\/users\/1"}],"replies":[{"embeddable":true,"href":"https:\/\/www.cordobatimes.com\/showup\/wp-json\/wp\/v2\/comments?post=94021"}],"version-history":[{"count":0,"href":"https:\/\/www.cordobatimes.com\/showup\/wp-json\/wp\/v2\/posts\/94021\/revisions"}],"wp:featuredmedia":[{"embeddable":true,"href":"https:\/\/www.cordobatimes.com\/showup\/wp-json\/wp\/v2\/media\/94022"}],"wp:attachment":[{"href":"https:\/\/www.cordobatimes.com\/showup\/wp-json\/wp\/v2\/media?parent=94021"}],"wp:term":[{"taxonomy":"category","embeddable":true,"href":"https:\/\/www.cordobatimes.com\/showup\/wp-json\/wp\/v2\/categories?post=94021"},{"taxonomy":"post_tag","embeddable":true,"href":"https:\/\/www.cordobatimes.com\/showup\/wp-json\/wp\/v2\/tags?post=94021"}],"curies":[{"name":"wp","href":"https:\/\/api.w.org\/{rel}","templated":true}]}}