{"id":94004,"date":"2022-04-20T12:34:44","date_gmt":"2022-04-20T15:34:44","guid":{"rendered":"https:\/\/www.cordobatimes.com\/showup\/?p=94004"},"modified":"2022-04-20T12:34:44","modified_gmt":"2022-04-20T15:34:44","slug":"la-biopic-de-marylin-monroe-blonde-con-ana-de-armas-promete-una-brillante-pero-tragica-pesadilla","status":"publish","type":"post","link":"https:\/\/www.cordobatimes.com\/showup\/cine-y-series\/2022\/04\/20\/la-biopic-de-marylin-monroe-blonde-con-ana-de-armas-promete-una-brillante-pero-tragica-pesadilla\/","title":{"rendered":"La biopic de Marylin Monroe \u00abBlonde\u00bb con Ana de Armas promete \u00abuna brillante pero tr\u00e1gica pesadilla\u00bb"},"content":{"rendered":"<h3><strong>El director de la pel\u00edcula, Andrew Dominik, anticip\u00f3 qu\u00e9 esperar de la cinta biogr\u00e1fica en una reciente entrevista.<\/strong><\/h3>\n<p>Seg\u00fan dicen, parece que veremos mucho m\u00e1s que a\u00a0Ana de Armas\u00a0como\u00a0Marilyn Monroe\u00a0en la pr\u00f3xima pel\u00edcula biogr\u00e1fica que protagonizar\u00e1 la artista para Netflix.\u00a0Andrew Dominik, el director del filme, habl\u00f3 con el sitio\u00a0Collider sobre su pel\u00edcula\u00a0Blonde\u00a0(la cual recibi\u00f3 una clasificaci\u00f3n NC-17), y explic\u00f3 c\u00f3mo busc\u00f3 relacionar el funcionamiento interno de la psique humana en relaci\u00f3n con el trauma infantil, as\u00ed como cu\u00e1les son sus intenciones para el estreno de la pel\u00edcula en Netflix y su recorrido por los festivales.<\/p>\n<p>\u00abBlonde es una pel\u00edcula para todos los ni\u00f1os no amados del mundo. Es como si\u00a0Citizen Kane\u00a0y\u00a0Raging Bull\u00a0tuvieran una hija\u00bb, dijo recientemente el cineasta responsable sobre la pel\u00edcula de Netflix, que actualmente est\u00e1 considerando estrenar en el Festival de Venecia en agosto y estrenarla a finales de a\u00f1o en la plataforma de streaming. \u00abLa idea de Blonde era detallar un drama infantil y luego mostrar la forma en que ese drama divide a los adultos en p\u00fablicos y privados. Y c\u00f3mo el adulto ve el mundo a trav\u00e9s de la lente de ese drama infantil, y es algo as\u00ed como una historia de una persona cuya imagen racional del mundo es abrumada por su inconsciente, y utiliza la iconograf\u00eda de Marilyn Monroe\u00bb.<\/p>\n<p><img alt=\"\" loading=\"lazy\" decoding=\"async\" class=\"alignnone size-medium wp-image-94009\" src=\"https:\/\/www.cordobatimes.com\/showup\/wp-content\/uploads\/2022\/04\/f768x1-17105_17232_4929-648x420.jpg\" alt=\"\" width=\"648\" height=\"420\" srcset=\"https:\/\/www.cordobatimes.com\/showup\/wp-content\/uploads\/2022\/04\/f768x1-17105_17232_4929-648x420.jpg 648w, https:\/\/www.cordobatimes.com\/showup\/wp-content\/uploads\/2022\/04\/f768x1-17105_17232_4929-696x451.jpg 696w, https:\/\/www.cordobatimes.com\/showup\/wp-content\/uploads\/2022\/04\/f768x1-17105_17232_4929.jpg 768w\" sizes=\"auto, (max-width: 648px) 100vw, 648px\" \/><\/p>\n<p>Dominik, quien previamente dirigi\u00f3 filmes como\u00a0<em>The Assassination of Jesse James by the Coward Robert Ford<\/em>\u00a0y\u00a0<em>Killing Them Softly<\/em>, le dijo a la publicaci\u00f3n que lo entrevist\u00f3 que el impacto dram\u00e1tico de la pel\u00edcula depender\u00e1 de la familiaridad de la audiencia con la vida de la leyenda de Hollywood, bas\u00e1ndose en fotograf\u00edas memorables, pel\u00edculas en las que apareci\u00f3 y mucho m\u00e1s. De todas formas, el cineasta australiano advierte que ver la pel\u00edcula \u00abcambia el significado de todas esas im\u00e1genes, debido al drama interno y su contexto\u00bb<\/p>\n<p>\u00abEs una especie de pel\u00edcula sobre el inconsciente, en cierto modo. Y es una tragedia\u00bb, continu\u00f3. \u00abEs algo as\u00ed como un ni\u00f1o no deseado que se convierte en la mujer m\u00e1s buscada del mundo y tiene que lidiar con todo el deseo que se dirige hacia ella, y lo confuso que es.\u00a0Es una especie de pesadilla. Se trata de estar en un autom\u00f3vil, pero sin frenos. Simplemente va m\u00e1s y m\u00e1s r\u00e1pido y m\u00e1s r\u00e1pido\u00bb.<\/p>\n<p>La pel\u00edcula, basada en un libro escrito por\u00a0Joyce Carol Oates, recibi\u00f3 una calificaci\u00f3n NC-17, la cual rara vez se otorga a grandes producciones (A Clockwork Orange\u00a0es una de ellas) y, a menudo, denota que el filme tendr\u00e1 desnudez gr\u00e1fica y\/o contenido sexual, adem\u00e1s de uso severo de drogas y violencia expl\u00edcita.<\/p>\n<blockquote class=\"twitter-tweet\">\n<p lang=\"en\" dir=\"ltr\">(just a parenthetical aside&#8211;I have seen the rough cut of Andrew Dominick&#39;s adaptation &amp; it is startling, brilliant, very disturbing &amp; [perhaps most surprisingly] an utterly &quot;feminist&quot; interpretation&#8230; not sure that any male director has ever achieved anything this.) <a href=\"https:\/\/t.co\/zUubjH5yqV\">https:\/\/t.co\/zUubjH5yqV<\/a><\/p>\n<p>&mdash; Joyce Carol Oates (@JoyceCarolOates) <a href=\"https:\/\/twitter.com\/JoyceCarolOates\/status\/1292829813070323712?ref_src=twsrc%5Etfw\">August 10, 2020<\/a><\/p><\/blockquote>\n<p> <script async src=\"https:\/\/platform.twitter.com\/widgets.js\" charset=\"utf-8\"><\/script><\/p>\n<p>La autora del libro dijo que vio una versi\u00f3n preliminar del proyecto y qued\u00f3 impresionada. \u00abEs sorprendente, brillante, muy inquietante y (quiz\u00e1s lo m\u00e1s sorprendente) una interpretaci\u00f3n completamente &#8216;feminista'\u00bb, tuite\u00f3 en agosto de 2020. \u00abNo estoy segura de que ning\u00fan director masculino haya logrado algo como esto\u00bb.<\/p>\n<p>Adem\u00e1s de Armas, quien recientemente protagoniz\u00f3 el thriller er\u00f3tico de Hulu, Deep Water (disponible en Amazon Prime fuera de los Estados Unidos), junto con su ex-pareja Ben Affleck. Blonde, de Netflix, est\u00e1 protagonizada tambi\u00e9n por el actor ganador del Oscar, Adrien Brody (a quien puede verse actualmente en la aclamada serie de los Lakers de HBO), como el tercer marido de Monroe y notable dramaturgo Arthur Miller. El segundo marido de Monroe, el famoso jugador de baseball Joe DiMaggio, ser\u00e1 interpretado por Bobby Cannavale.<\/p>\n","protected":false},"excerpt":{"rendered":"<p>El director de la pel\u00edcula, Andrew Dominik, anticip\u00f3 qu\u00e9 esperar de la cinta biogr\u00e1fica en una reciente entrevista. Seg\u00fan dicen, parece que veremos mucho m\u00e1s que a\u00a0Ana de Armas\u00a0como\u00a0Marilyn Monroe\u00a0en la pr\u00f3xima pel\u00edcula biogr\u00e1fica que protagonizar\u00e1 la artista para Netflix.\u00a0Andrew Dominik, el director del filme, habl\u00f3 con el sitio\u00a0Collider sobre su pel\u00edcula\u00a0Blonde\u00a0(la cual recibi\u00f3 una [&hellip;]<\/p>\n","protected":false},"author":1,"featured_media":94005,"comment_status":"closed","ping_status":"closed","sticky":false,"template":"","format":"standard","meta":{"_seopress_robots_primary_cat":"","_seopress_titles_title":"","_seopress_titles_desc":"","_seopress_robots_index":"","footnotes":""},"categories":[3],"tags":[35008,35007,35009],"class_list":{"0":"post-94004","1":"post","2":"type-post","3":"status-publish","4":"format-standard","5":"has-post-thumbnail","7":"category-cine-y-series","8":"tag-biopic-de-marylin-monroe","9":"tag-la-biopic-de-marylin-monroe-blonde","10":"tag-marylin-monroe"},"_links":{"self":[{"href":"https:\/\/www.cordobatimes.com\/showup\/wp-json\/wp\/v2\/posts\/94004","targetHints":{"allow":["GET"]}}],"collection":[{"href":"https:\/\/www.cordobatimes.com\/showup\/wp-json\/wp\/v2\/posts"}],"about":[{"href":"https:\/\/www.cordobatimes.com\/showup\/wp-json\/wp\/v2\/types\/post"}],"author":[{"embeddable":true,"href":"https:\/\/www.cordobatimes.com\/showup\/wp-json\/wp\/v2\/users\/1"}],"replies":[{"embeddable":true,"href":"https:\/\/www.cordobatimes.com\/showup\/wp-json\/wp\/v2\/comments?post=94004"}],"version-history":[{"count":0,"href":"https:\/\/www.cordobatimes.com\/showup\/wp-json\/wp\/v2\/posts\/94004\/revisions"}],"wp:featuredmedia":[{"embeddable":true,"href":"https:\/\/www.cordobatimes.com\/showup\/wp-json\/wp\/v2\/media\/94005"}],"wp:attachment":[{"href":"https:\/\/www.cordobatimes.com\/showup\/wp-json\/wp\/v2\/media?parent=94004"}],"wp:term":[{"taxonomy":"category","embeddable":true,"href":"https:\/\/www.cordobatimes.com\/showup\/wp-json\/wp\/v2\/categories?post=94004"},{"taxonomy":"post_tag","embeddable":true,"href":"https:\/\/www.cordobatimes.com\/showup\/wp-json\/wp\/v2\/tags?post=94004"}],"curies":[{"name":"wp","href":"https:\/\/api.w.org\/{rel}","templated":true}]}}