{"id":93927,"date":"2022-04-13T19:12:34","date_gmt":"2022-04-13T22:12:34","guid":{"rendered":"https:\/\/www.cordobatimes.com\/showup\/?p=93927"},"modified":"2022-04-13T19:12:34","modified_gmt":"2022-04-13T22:12:34","slug":"latin-amas-2022-nominados-donde-y-cuando-ver-la-esperada-premiacion","status":"publish","type":"post","link":"https:\/\/www.cordobatimes.com\/showup\/musica\/2022\/04\/13\/latin-amas-2022-nominados-donde-y-cuando-ver-la-esperada-premiacion\/","title":{"rendered":"Latin AMAs 2022: nominados, d\u00f3nde y cu\u00e1ndo ver la esperada premiaci\u00f3n"},"content":{"rendered":"<h3><strong>Te contamos todo lo que debes saber sobre la esperada gala<\/strong><\/h3>\n<p>Los premios\u00a0Latin America Music Awards\u00a0(Latin AMAs) han destacado por premiar a los representantes m\u00e1s importantes de la industria musical y este a\u00f1o se rendir\u00e1 homenaje a los artistas latinos m\u00e1s influyentes que fueron elegidos por los\u00a0votos de los fans.<\/p>\n<p>El evento de esta 7\u00ba edici\u00f3n ser\u00e1 conducido por Jaqueline Bracamontes, Rafael Amaya y el actor chileno Cristian de la Fuente. Adem\u00e1s, se realizar\u00e1 desde la Michelob Ultra Arena del Madalay By Resort Casino en las Vegas, Nevada.<\/p>\n<p>Asimismo, entre algunas celebridades que presentar\u00e1n los premios se encuentran:\u00a0Adamari L\u00f3pez, Alicia Machado, Giselle Blondet, Grupo Firme, \u201cEl Puma\u201d Jos\u00e9 Luis Rodr\u00edguez,\u00a0Mariah Angeliq, Myrka Dellanos, Omar Velasco, Don Ren\u00e9 Camacho y Sofia Castro.<\/p>\n<p>Contar\u00e1 con p\u00fablico en vivo y se estipul\u00f3 que estar\u00e1n vigentes los protocolos de salud y seguridad ante la pandemia por COVID-19.<\/p>\n<p>Otro momento importante de la gala ser\u00e1 que la c\u00e9lebre cantante mexicana\u00a0Lupita D\u2019Alessio\u00a0ser\u00e1 acreedora del\u00a0Premio Leyenda\u00a0durante la s\u00e9ptima edici\u00f3n de los premios.<\/p>\n<p>\u201cLupita D\u2019Alessio sostiene m\u00e1s de 50 a\u00f1os de una exitosa trayectoria art\u00edstica que ha consagrado con gran tenacidad y fuerza,\u00a0creando un estilo \u00fanico que la ha elevado como una de las mejores int\u00e9rpretes de M\u00e9xico y una superestrella de la m\u00fasica en Hispanoam\u00e9rica\u201d, recalc\u00f3\u00a0Telemundo\u00a0por medio de un comunicado.<\/p>\n<p>El Premio Leyenda\u00a0se le otorga a los artistas que con la sola menci\u00f3n de su nombre evocan una imagen vibrante y exitosa dentro de la industria de la m\u00fasica.\u00a0Fue a mediados del 2021 que\u00a0Lupita D\u2019Alessio cumpli\u00f3 m\u00e1s de 50 a\u00f1os de trayectoria art\u00edstica\u00a0y, con la cual, se ha posicionado como una de las artistas hispanohablantes\u00a0m\u00e1s importantes de las \u00faltimas d\u00e9cadas.<\/p>\n<p>En la premiaci\u00f3n de 2021 algunos de los ganadores m\u00e1s recordados incluyeron a Bad Bunny, Karol G,\u00a0Prince Royce, Christian Nodal y Shakira.\u00a0Incluso, de acuerdo con las cifras oficiales, el programa estableci\u00f3 un r\u00e9cord con 42.4 millones de interacciones a trav\u00e9s de las plataformas digitales, sociales y de televisi\u00f3n y fue el programa m\u00e1s social en toda la televisi\u00f3n ese d\u00eda.<\/p>\n<p>Es por eso que a continuaci\u00f3n te contamos todo lo que debes saber respecto a este importante evento que se llevar\u00e1 a cabo el pr\u00f3ximo jueves 21 de abril.<\/p>\n<h3><strong>\u00bfD\u00f3nde y cu\u00e1ndo verlo?<\/strong><\/h3>\n<p>La exclusiva de esta ceremonia\u00a0la tendr\u00e1\u00a0Telemundo Internacional\u00a0y el evento podr\u00e1 sintonizarse a partir de las 18:00 horas, pues el evento iniciar\u00e1 con la renombrada Alfombra Roja -la cual ser\u00e1 transmitida simult\u00e1neamente en\u00a0E! Online Latino.<\/p>\n<p>Otras formas de sintonizarlo podr\u00e1 ser en el servicio de\u00a0streaming\u00a0Peacock y el canal de cable Universo.<\/p>\n<h3><strong>\u00bfQui\u00e9nes son los nominados?<\/strong><\/h3>\n<p>Dentro de la categor\u00eda a \u201cArtista del a\u00f1o\u201d, se encuentra Bad Bunny, Camilo, Eslab\u00f3n Armado, Farruko, J Balvin, Jhay Cortez, Karol G, Myke Towers, Ozuna, Rauw Alejandro.<\/p>\n<p>Asimismo, como algunos de los posibles ganadores para nuevo artista del a\u00f1o se perfilan: Gera MX, Ivan Cornejo, Jay Wheeler, Kali Uchis, Los Legendarios, Mar\u00eda Becerra, Mariah Angeliq.<\/p>\n<p>Kali Uchis, Karol G, Natti Natasha, Rosal\u00eda, Selena G\u00f3mez, Banda MS de Sergio Liz\u00e1rraga, Grupo Firme, La Arrolladora Banda El Lim\u00f3n de\u00a0Ren\u00e9 Camacho, Sebasti\u00e1n Yatra, Anitta o Anuel AA\u00a0son otro de los int\u00e9rpretes que tambi\u00e9n se encuentran nominados para diversas categor\u00edas.<\/p>\n<p>No obstante Bad Bunny es quien encabeza la lista de nominados con diez menciones, seguido por las ocho de Jhay Cortez, mientras que\u00a0J Balvin, Karol G y Rauw Alejandro tienen siete.<\/p>\n","protected":false},"excerpt":{"rendered":"<p>Te contamos todo lo que debes saber sobre la esperada gala Los premios\u00a0Latin America Music Awards\u00a0(Latin AMAs) han destacado por premiar a los representantes m\u00e1s importantes de la industria musical y este a\u00f1o se rendir\u00e1 homenaje a los artistas latinos m\u00e1s influyentes que fueron elegidos por los\u00a0votos de los fans. El evento de esta 7\u00ba [&hellip;]<\/p>\n","protected":false},"author":1,"featured_media":93928,"comment_status":"closed","ping_status":"closed","sticky":false,"template":"","format":"standard","meta":{"_seopress_robots_primary_cat":"","_seopress_titles_title":"","_seopress_titles_desc":"","_seopress_robots_index":"","footnotes":""},"categories":[5],"tags":[34974,34975],"class_list":{"0":"post-93927","1":"post","2":"type-post","3":"status-publish","4":"format-standard","5":"has-post-thumbnail","7":"category-musica","8":"tag-latin-amas-2022","9":"tag-nominados-de-los-latin-amas-2022"},"_links":{"self":[{"href":"https:\/\/www.cordobatimes.com\/showup\/wp-json\/wp\/v2\/posts\/93927","targetHints":{"allow":["GET"]}}],"collection":[{"href":"https:\/\/www.cordobatimes.com\/showup\/wp-json\/wp\/v2\/posts"}],"about":[{"href":"https:\/\/www.cordobatimes.com\/showup\/wp-json\/wp\/v2\/types\/post"}],"author":[{"embeddable":true,"href":"https:\/\/www.cordobatimes.com\/showup\/wp-json\/wp\/v2\/users\/1"}],"replies":[{"embeddable":true,"href":"https:\/\/www.cordobatimes.com\/showup\/wp-json\/wp\/v2\/comments?post=93927"}],"version-history":[{"count":0,"href":"https:\/\/www.cordobatimes.com\/showup\/wp-json\/wp\/v2\/posts\/93927\/revisions"}],"wp:featuredmedia":[{"embeddable":true,"href":"https:\/\/www.cordobatimes.com\/showup\/wp-json\/wp\/v2\/media\/93928"}],"wp:attachment":[{"href":"https:\/\/www.cordobatimes.com\/showup\/wp-json\/wp\/v2\/media?parent=93927"}],"wp:term":[{"taxonomy":"category","embeddable":true,"href":"https:\/\/www.cordobatimes.com\/showup\/wp-json\/wp\/v2\/categories?post=93927"},{"taxonomy":"post_tag","embeddable":true,"href":"https:\/\/www.cordobatimes.com\/showup\/wp-json\/wp\/v2\/tags?post=93927"}],"curies":[{"name":"wp","href":"https:\/\/api.w.org\/{rel}","templated":true}]}}