{"id":93863,"date":"2022-04-11T09:14:50","date_gmt":"2022-04-11T12:14:50","guid":{"rendered":"https:\/\/www.cordobatimes.com\/showup\/?p=93863"},"modified":"2022-04-11T09:14:50","modified_gmt":"2022-04-11T12:14:50","slug":"netflix-producira-un-documental-sobre-la-vida-de-pamela-anderson","status":"publish","type":"post","link":"https:\/\/www.cordobatimes.com\/showup\/cine-y-series\/2022\/04\/11\/netflix-producira-un-documental-sobre-la-vida-de-pamela-anderson\/","title":{"rendered":"Netflix producir\u00e1 un documental sobre la vida de Pamela Anderson"},"content":{"rendered":"<h3><strong>La plataforma audiovisual producir\u00e1 un documental basado en la vida de Pamela Anderson, seg\u00fan revel\u00f3 la propia modelo a trav\u00e9s de sus redes sociales.<\/strong><\/h3>\n<p>A pocos d\u00edas del lanzamiento de la miniserie biogr\u00e1fica\u00a0\u00abPam &amp; Tommy\u00bb, acerca de la historia sobre el video sexual casero robado en los 90 a la estrella de la TV\u00a0Pamela Anderson y al baterista de M\u00f6tley Cr\u00fce Tommy Lee; la modelo anunci\u00f3 un\u00a0documental sobre su vida que producir\u00e1 Netflix.<\/p>\n<p>Anderson anunci\u00f3 la noticia en las redes sociales con una nota escrita a mano en el membrete de Netflix, que dice: \u201cMi vida\/ Mil imperfecciones\/ Un mill\u00f3n de percepciones err\u00f3neas\/ Malvado, salvaje y perdido\/ Nada que cumplir\/ Solo puedo sorprenderte\/ Ni un v\u00edctima, pero sobreviviente \/ Y viva para contar la verdadera historia\u201d.<\/p>\n<p>El hijo de Anderson, Brandon Thomas Lee, quien se desempe\u00f1a como productor del proyecto,\u00a0volvi\u00f3 a publicar la nota en su historia de Instagram enfatizando la frase \u00abLa verdadera historia\u00bb, al igual que su hijo menor, Dylan Jagger Lee.<\/p>\n<p>Apodado\u00a0el \u00abdocumental definitivo sobre el \u00edcono de la cultura pop\u00bb,\u00a0la pel\u00edcula, que estuvo en proceso durante varios a\u00f1os, ser\u00e1 dirigida por Ryan White, detall\u00f3 el portal especializado Variety.<\/p>\n","protected":false},"excerpt":{"rendered":"<p>La plataforma audiovisual producir\u00e1 un documental basado en la vida de Pamela Anderson, seg\u00fan revel\u00f3 la propia modelo a trav\u00e9s de sus redes sociales. A pocos d\u00edas del lanzamiento de la miniserie biogr\u00e1fica\u00a0\u00abPam &amp; Tommy\u00bb, acerca de la historia sobre el video sexual casero robado en los 90 a la estrella de la TV\u00a0Pamela Anderson [&hellip;]<\/p>\n","protected":false},"author":1,"featured_media":93864,"comment_status":"closed","ping_status":"closed","sticky":false,"template":"","format":"standard","meta":{"_seopress_robots_primary_cat":"","_seopress_titles_title":"","_seopress_titles_desc":"","_seopress_robots_index":"","footnotes":""},"categories":[3],"tags":[34938,34940,34939,34407],"class_list":{"0":"post-93863","1":"post","2":"type-post","3":"status-publish","4":"format-standard","5":"has-post-thumbnail","7":"category-cine-y-series","8":"tag-documental-sobre-la-vida-de-pamela-anderson","9":"tag-miniserie-biografica-pam-tommy","10":"tag-vida-de-pamela-anderson","11":"tag-video-sexual-de-pamela-anderson-y-tommy-lee"},"_links":{"self":[{"href":"https:\/\/www.cordobatimes.com\/showup\/wp-json\/wp\/v2\/posts\/93863","targetHints":{"allow":["GET"]}}],"collection":[{"href":"https:\/\/www.cordobatimes.com\/showup\/wp-json\/wp\/v2\/posts"}],"about":[{"href":"https:\/\/www.cordobatimes.com\/showup\/wp-json\/wp\/v2\/types\/post"}],"author":[{"embeddable":true,"href":"https:\/\/www.cordobatimes.com\/showup\/wp-json\/wp\/v2\/users\/1"}],"replies":[{"embeddable":true,"href":"https:\/\/www.cordobatimes.com\/showup\/wp-json\/wp\/v2\/comments?post=93863"}],"version-history":[{"count":0,"href":"https:\/\/www.cordobatimes.com\/showup\/wp-json\/wp\/v2\/posts\/93863\/revisions"}],"wp:featuredmedia":[{"embeddable":true,"href":"https:\/\/www.cordobatimes.com\/showup\/wp-json\/wp\/v2\/media\/93864"}],"wp:attachment":[{"href":"https:\/\/www.cordobatimes.com\/showup\/wp-json\/wp\/v2\/media?parent=93863"}],"wp:term":[{"taxonomy":"category","embeddable":true,"href":"https:\/\/www.cordobatimes.com\/showup\/wp-json\/wp\/v2\/categories?post=93863"},{"taxonomy":"post_tag","embeddable":true,"href":"https:\/\/www.cordobatimes.com\/showup\/wp-json\/wp\/v2\/tags?post=93863"}],"curies":[{"name":"wp","href":"https:\/\/api.w.org\/{rel}","templated":true}]}}