{"id":93837,"date":"2022-04-01T12:45:16","date_gmt":"2022-04-01T15:45:16","guid":{"rendered":"https:\/\/www.cordobatimes.com\/showup\/?p=93837"},"modified":"2022-04-01T12:45:16","modified_gmt":"2022-04-01T15:45:16","slug":"premios-platino-todas-las-nominaciones","status":"publish","type":"post","link":"https:\/\/www.cordobatimes.com\/showup\/cine-y-series\/2022\/04\/01\/premios-platino-todas-las-nominaciones\/","title":{"rendered":"Premios Platino: todas las nominaciones"},"content":{"rendered":"<h3><strong>La entrega ser\u00e1 el 1\u00b0 de mayo en Madrid<\/strong><\/h3>\n<p>La IX entrega de los\u00a0Premios Platino\u00a0del Cine y el Audiovisual Iberoamericano ya entr\u00f3 en su cuenta regresiva. Este jueves, en el mediod\u00eda espa\u00f1ol, se conocieron los candidatos a llevarse los galardones en las 22 categor\u00edas en una ceremonia llevada a cabo en el Ayuntamiento de Madrid. Entre las pel\u00edculas, se destacaron las espa\u00f1olas\u00a0Madres paralelas, El buen patr\u00f3n y Maixabel,\u00a0y la mexicana\u00a0Noche de fuego, mientras que dentro de las series, la argentina\u00a0El reino\u00a0arras\u00f3 con las nominaciones.<\/p>\n<p>En la elecci\u00f3n particip\u00f3 un jurado compuesto por 135 miembros de 22 pa\u00edses y a partir de ahora, junto a los cineastas y creadores de las preseleccionadas de las ediciones anteriores determinar\u00e1n a los ganadores, cuyos nombres se dar\u00e1n a conocer\u00a0en la gran gala del 1\u00b0 de mayo que se realizar\u00e1 en la capital espa\u00f1ola<\/p>\n<p>El thriller que se emiti\u00f3 por Netflix\u00a0aspira a llevarse premios en todas las categor\u00edas, ya que compite en los rubros de actor y actriz protag\u00f3nicos -Chino Dar\u00edn y Mercedes Mor\u00e1n-, interpretaciones masculinas y femeninas de reparto -Joaqu\u00edn Furriel\u00a0y Nancy Dupl\u00e1a-, adem\u00e1s de creador de miniserie -Marcelo Pi\u00f1eyro\u00a0y\u00a0Claudia Pi\u00f1eiro.<\/p>\n<p>En el \u00e1mbito de las series, tambi\u00e9n se destaca la nominaci\u00f3n a\u00a0Dar\u00edo Grandinetti\u00a0como mejor actor por\u00a0Hierro\u00a0y\u00a0Juan Jos\u00e9 Campanella\u00a0como mejor director por\u00a0Los enviados. Los t\u00edtulos candidatos en este rubro son\u00a0Isabel\u00a0(Chile),\u00a0Narcos: M\u00e9xico\u00a0y\u00a0Luis Miguel: la serie, ambas mexicanas. Esta \u00faltima tambi\u00e9n tiene nominado a\u00a0Diego Boneta\u00a0en el rol protag\u00f3nico por la interpretaci\u00f3n de El Sol.<\/p>\n<p>En cuanto a las pel\u00edculas, las producciones espa\u00f1oles se llevaron la mayor cantidad de nominaciones, con tres t\u00edtulos que se reparten las categor\u00edas m\u00e1s importantes. Se trata de El buen patr\u00f3n (dirigida por Fernando Le\u00f3n de Aranoa) con 11 candidaturas, seguida por las 8 de Maixabel (Iciar Bolla\u00edn) y las 7 de Madres paralelas (Pedro Almod\u00f3var). Entre ellas tres m\u00e1s Noche de fuego (M\u00e9xico, dirigida por Tatina Huezo) estar\u00e1 la ganadora a la pel\u00edcula iberoamericana de ficci\u00f3n, as\u00ed como el premio a \u201cMejor direcci\u00f3n\u201d.<br \/>\nAqu\u00ed, la Argentina est\u00e1 representada por Yo nena, yo princesa, el filme que relata la historia de Luana, la primera ni\u00f1a trans del mundo que recibi\u00f3 su documento de identidad de acuerdo a su autopercepci\u00f3n de g\u00e9nero. La pel\u00edcula dirigida por Federico Palazzo est\u00e1 nominada en la categor\u00eda \u201cPremio al cine y educaci\u00f3n en valores\u201d. Por su parte, el director Juan Carlos F\u00e9lix competir\u00e1 en \u201cMejor \u00f3pera prima\u201d por Karnawal, una coproducci\u00f3n de Argentina, Bolivia, Brasil, Chile, M\u00e9xico y Noruega.<\/p>\n<p class=\"paragraph\">Lo dicho, la ceremonia tendr\u00e1 lugar el 1\u00ba de mayo en IFEMA Palacio Municipal de Madrid y\u00a0ser\u00e1 conducida por Lali Esp\u00f3sito\u00a0junto al actor espa\u00f1ol\u00a0Miguel \u00c1ngel Mu\u00f1oz. De esta manera, los premios vuelven a llevarse a cabo en Madrid luego\u00a0de la edici\u00f3n de octubre de 2021, que signific\u00f3 la vuelta a la presencialidad luego de la interrupci\u00f3n determinada por la pandemia.<\/p>\n<p class=\"paragraph\"><b>Todos los nominados a los Premios Platino 2022:<\/b><\/p>\n<p class=\"paragraph\"><b>Mejor pel\u00edcula de ficci\u00f3n<\/b><\/p>\n<p class=\"paragraph\">El buen patr\u00f3n<\/p>\n<p class=\"paragraph\">Madres paralelas<\/p>\n<p class=\"paragraph\">Maixabel<\/p>\n<p class=\"paragraph\">Noche de fuego<\/p>\n<p class=\"paragraph\"><b>Mejor direcci\u00f3n<\/b><\/p>\n<p class=\"paragraph\">Fernando Le\u00f3n de Aranoa<\/p>\n<p class=\"paragraph\">Iciar Bolla\u00edn<\/p>\n<p class=\"paragraph\">Pedro Almod\u00f3var<\/p>\n<p class=\"paragraph\">Tatiana Huezo<\/p>\n<p class=\"paragraph\"><b>Mejor interpretaci\u00f3n masculina<\/b><\/p>\n<p class=\"paragraph\">Eduard Fern\u00e1ndez<\/p>\n<p class=\"paragraph\">Javier Bardem<\/p>\n<p class=\"paragraph\">Luis Tosar<\/p>\n<p class=\"paragraph\">Rodrigo Santoro<\/p>\n<p class=\"paragraph\"><b>Mejor interpretaci\u00f3n femenina<\/b><\/p>\n<p class=\"paragraph\">\u00c1ngela Molina<\/p>\n<p class=\"paragraph\">Blanca Portillo<\/p>\n<p class=\"paragraph\">Ilse Salas<\/p>\n<p class=\"paragraph\">Pen\u00e9lope Cruz<\/p>\n<p class=\"paragraph\"><b>Mejor interpretaci\u00f3n masculina de reparto<\/b><\/p>\n<p class=\"paragraph\">Alfredo Castro<\/p>\n<p class=\"paragraph\">Christian Malheiros<\/p>\n<p class=\"paragraph\">Manolo Solo<\/p>\n<p class=\"paragraph\">Urko Olaz\u00e1bal<\/p>\n<p class=\"paragraph\"><b>Mejor interpretaci\u00f3n femenina de reparto<\/b><\/p>\n<p class=\"paragraph\">Aitana S\u00e1nchez-Gij\u00f3n<\/p>\n<p class=\"paragraph\">Almudena Amor<\/p>\n<p class=\"paragraph\">Ana Cristina Ord\u00f3\u00f1ez Gonz\u00e1lez<\/p>\n<p class=\"paragraph\">Milena Smit<\/p>\n<p class=\"paragraph\"><b>Mejor pel\u00edcula de animaci\u00f3n<\/b><\/p>\n<p class=\"paragraph\">Ainbo, la guerrera del amazonas<\/p>\n<p class=\"paragraph\">Bob cuspe: n\u00f3s n\u00e3o gostamos de gente<\/p>\n<p class=\"paragraph\">Salvar el \u00e1rbol (Zutik!)<\/p>\n<p class=\"paragraph\">Valentina<\/p>\n<p class=\"paragraph\"><b>Mejor pel\u00edcula documental<\/b><\/p>\n<p class=\"paragraph\">100 d\u00edas con la tata<\/p>\n<p class=\"paragraph\">A \u00faltima floresta<\/p>\n<p class=\"paragraph\">Qui\u00e9n lo impide<\/p>\n<p class=\"paragraph\">Rita Moreno: just a girl who decided to go for it<\/p>\n<p class=\"paragraph\"><b>Mejor \u00f3pera prima de ficci\u00f3n<\/b><\/p>\n<p class=\"paragraph\">Clara sola<\/p>\n<p class=\"paragraph\">Karnawal<\/p>\n<p class=\"paragraph\">Libertad<\/p>\n<p class=\"paragraph\">Sin se\u00f1as particulares<\/p>\n<p class=\"paragraph\"><b>Premio al cine y a la educaci\u00f3n en valores<\/b><\/p>\n<p class=\"paragraph\">Los lobos<\/p>\n<p class=\"paragraph\">Maixabel<\/p>\n<p class=\"paragraph\">Mediterr\u00e1neo<\/p>\n<p class=\"paragraph\">Yo nena, yo princesa<\/p>\n<p class=\"paragraph\"><b>Mejor m\u00fasica original<\/b><\/p>\n<p class=\"paragraph\">Alberto Iglesias<\/p>\n<p class=\"paragraph\">C\u00e9sar L\u00f3pez<\/p>\n<p class=\"paragraph\">Kenji Kishi Leopo<\/p>\n<p class=\"paragraph\">Zeltia Montes<\/p>\n<p class=\"paragraph\"><b>Mejor Guion<\/b><\/p>\n<p class=\"paragraph\">Abner Benaim<\/p>\n<p class=\"paragraph\">Fernando Le\u00f3n de Aranoa<\/p>\n<p class=\"paragraph\">Henrique Dos Santos, Aly Muritiba<\/p>\n<p class=\"paragraph\">Iciar Bolla\u00edn, Isa Campo<\/p>\n<p class=\"paragraph\"><b>Mejor direcci\u00f3n de montaje<\/b><\/p>\n<p class=\"paragraph\"><b>Germano de Oliveira<\/b><\/p>\n<p class=\"paragraph\">Nacho Ruiz Capillas<\/p>\n<p class=\"paragraph\">Vanessa Marimbert<\/p>\n<p class=\"paragraph\">Yordi Cap\u00f3, Carlos Espinoza, Samuel Kishi<\/p>\n<p class=\"paragraph\"><b>Mejor direcci\u00f3n de arte<\/b><\/p>\n<p class=\"paragraph\">Ang\u00e9lica Perea<\/p>\n<p class=\"paragraph\">Antx\u00f3n G\u00f3mez<\/p>\n<p class=\"paragraph\">C\u00e9sar Macarr\u00f3n<\/p>\n<p class=\"paragraph\">Sandra Flores, Alejandra Garc\u00eda<\/p>\n<p class=\"paragraph\"><b>Mejor direcci\u00f3n de fotograf\u00eda<\/b><\/p>\n<p class=\"paragraph\">Kiko de la Rica<\/p>\n<p class=\"paragraph\">Pau Esteve Birba<\/p>\n<p class=\"paragraph\">Sayombhu Mukdeepro<\/p>\n<p class=\"paragraph\">Sophie Winqvist<\/p>\n<p class=\"paragraph\"><b>Mejor direcci\u00f3n de sonido<\/b><\/p>\n<p class=\"paragraph\">Carlos Garc\u00eda<\/p>\n<p class=\"paragraph\">Iv\u00e1n Mar\u00edn, Pelayo Guti\u00e9rrez, Valeria Arcieri<\/p>\n<p class=\"paragraph\">L\u00eda Camargo<\/p>\n<p class=\"paragraph\"><b>Mejor miniserie o teleserie cinematogr\u00e1fica<\/b><\/p>\n<p class=\"paragraph\">El reino<\/p>\n<p class=\"paragraph\">Isabel<\/p>\n<p class=\"paragraph\">Luis Miguel: la serie<\/p>\n<p class=\"paragraph\">Narcos: M\u00e9xico<\/p>\n<p class=\"paragraph\"><b>Mejor interpretaci\u00f3n masculina en miniserie o teleserie<\/b><\/p>\n<p class=\"paragraph\">Chino Dar\u00edn<\/p>\n<p class=\"paragraph\">Dar\u00edo Grandinetti<\/p>\n<p class=\"paragraph\">Diego Boneta<\/p>\n<p class=\"paragraph\">Javier C\u00e1mara<\/p>\n<p class=\"paragraph\"><b>Mejor interpretaci\u00f3n femenina en miniserie o teleserie<\/b><\/p>\n<p class=\"paragraph\">Candela Pe\u00f1a<\/p>\n<p class=\"paragraph\">Daniela Ram\u00edrez<\/p>\n<p class=\"paragraph\">Maribel Verd\u00fa<\/p>\n<p class=\"paragraph\">Mercedes Mor\u00e1n<\/p>\n<p class=\"paragraph\"><b>Mejor interpretaci\u00f3n masculina de reparto en miniserie o teleserie<\/b><\/p>\n<p class=\"paragraph\">Alberto San Juan<\/p>\n<p class=\"paragraph\">Enriq Auquer<\/p>\n<p class=\"paragraph\">Joaqu\u00edn Furriel<\/p>\n<p class=\"paragraph\">Karra Elejalde<\/p>\n<p class=\"paragraph\"><b>Mejor interpretaci\u00f3n femenina de reparto en miniserie o teleserie<\/b><\/p>\n<p class=\"paragraph\">Mar\u00eda Pujalte<\/p>\n<p class=\"paragraph\">Najwa Nimri<\/p>\n<p class=\"paragraph\">Nancy Dupl\u00e1a<\/p>\n<p class=\"paragraph\">Rosa Mar\u00eda Bianchi<\/p>\n<p class=\"paragraph\"><b>Mejor creador de miniserie o teleserie<\/b><\/p>\n<p class=\"paragraph\">Alejandro Amen\u00e1bar<\/p>\n<p class=\"paragraph\">Juan Jos\u00e9 Campanella<\/p>\n<p class=\"paragraph\">Marcelo Pi\u00f1eyro, Claudia Pi\u00f1eiro<\/p>\n<p class=\"paragraph\">Pepe Coira<\/p>\n<p>&nbsp;<\/p>\n<p>&nbsp;<\/p>\n","protected":false},"excerpt":{"rendered":"<p>La entrega ser\u00e1 el 1\u00b0 de mayo en Madrid La IX entrega de los\u00a0Premios Platino\u00a0del Cine y el Audiovisual Iberoamericano ya entr\u00f3 en su cuenta regresiva. Este jueves, en el mediod\u00eda espa\u00f1ol, se conocieron los candidatos a llevarse los galardones en las 22 categor\u00edas en una ceremonia llevada a cabo en el Ayuntamiento de Madrid. [&hellip;]<\/p>\n","protected":false},"author":1,"featured_media":93838,"comment_status":"closed","ping_status":"closed","sticky":false,"template":"","format":"standard","meta":{"_seopress_robots_primary_cat":"","_seopress_titles_title":"","_seopress_titles_desc":"","_seopress_robots_index":"","footnotes":""},"categories":[3],"tags":[34925,34924],"class_list":{"0":"post-93837","1":"post","2":"type-post","3":"status-publish","4":"format-standard","5":"has-post-thumbnail","7":"category-cine-y-series","8":"tag-nominados-a-los-premios-platino","9":"tag-premios-platino-2022"},"_links":{"self":[{"href":"https:\/\/www.cordobatimes.com\/showup\/wp-json\/wp\/v2\/posts\/93837","targetHints":{"allow":["GET"]}}],"collection":[{"href":"https:\/\/www.cordobatimes.com\/showup\/wp-json\/wp\/v2\/posts"}],"about":[{"href":"https:\/\/www.cordobatimes.com\/showup\/wp-json\/wp\/v2\/types\/post"}],"author":[{"embeddable":true,"href":"https:\/\/www.cordobatimes.com\/showup\/wp-json\/wp\/v2\/users\/1"}],"replies":[{"embeddable":true,"href":"https:\/\/www.cordobatimes.com\/showup\/wp-json\/wp\/v2\/comments?post=93837"}],"version-history":[{"count":0,"href":"https:\/\/www.cordobatimes.com\/showup\/wp-json\/wp\/v2\/posts\/93837\/revisions"}],"wp:featuredmedia":[{"embeddable":true,"href":"https:\/\/www.cordobatimes.com\/showup\/wp-json\/wp\/v2\/media\/93838"}],"wp:attachment":[{"href":"https:\/\/www.cordobatimes.com\/showup\/wp-json\/wp\/v2\/media?parent=93837"}],"wp:term":[{"taxonomy":"category","embeddable":true,"href":"https:\/\/www.cordobatimes.com\/showup\/wp-json\/wp\/v2\/categories?post=93837"},{"taxonomy":"post_tag","embeddable":true,"href":"https:\/\/www.cordobatimes.com\/showup\/wp-json\/wp\/v2\/tags?post=93837"}],"curies":[{"name":"wp","href":"https:\/\/api.w.org\/{rel}","templated":true}]}}