{"id":93830,"date":"2022-04-01T09:28:31","date_gmt":"2022-04-01T12:28:31","guid":{"rendered":"https:\/\/www.cordobatimes.com\/showup\/?p=93830"},"modified":"2022-04-01T09:28:31","modified_gmt":"2022-04-01T12:28:31","slug":"jey-mammon-sera-el-nuevo-conductor-de-la-pena-de-morfi","status":"publish","type":"post","link":"https:\/\/www.cordobatimes.com\/showup\/tv\/2022\/04\/01\/jey-mammon-sera-el-nuevo-conductor-de-la-pena-de-morfi\/","title":{"rendered":"Jey Mamm\u00f3n ser\u00e1 el nuevo conductor de \u00abLa Pe\u00f1a de Morfi\u00bb"},"content":{"rendered":"<h3><strong>El presentador dio el s\u00ed para este nuevo desaf\u00edo, tras el fallecimiento de\u00a0Gerardo Roz\u00edn.<\/strong><\/h3>\n<p>Luego de varias idas y vueltas,\u00a0como los rumores de conducci\u00f3n de Migue Granados,\u00a0Nicol\u00e1s Repetto\u00a0y\u00a0la baja de Iv\u00e1n de Pineda,\u00a0se devel\u00f3 finalmente que\u00a0Jey Mamm\u00f3n estar\u00e1 a cargo de \u00bb\u00a0La Pe\u00f1a de Morfi\u00bb.<\/p>\n<p>\u00c1ngel de Brito\u00a0anunci\u00f3 que\u00a0quien realizaba el personaje de \u00abEstelita\u00bb ser\u00e1 el nuevo conductor del programa tras el fallecimiento de\u00a0Gerardo Roz\u00edn.<\/p>\n<p>Por otro lado, indic\u00f3 qu\u00e9 pasar\u00e1 con el ciclo: \u00abVa a seguir con el mismo equipo, el programa tal como era, bueno,\u00a0con algunas modificaciones, muy pendientes de esta informaci\u00f3n\u00bb.<\/p>\n<p>\u00abObviamente le va a meter sus ganas, su instrumento pero es ideal porque le encanta la comida, la m\u00fasica&#8230;\u00bb, indic\u00f3 De Brito.<\/p>\n<blockquote class=\"twitter-tweet\">\n<p lang=\"es\" dir=\"ltr\">El nuevo conductor de <a href=\"https:\/\/twitter.com\/MorfiTelefe?ref_src=twsrc%5Etfw\">@MorfiTelefe<\/a> es <a href=\"https:\/\/twitter.com\/JEYMAMMON?ref_src=twsrc%5Etfw\">@JEYMAMMON<\/a> <a href=\"https:\/\/twitter.com\/hashtag\/LAM?src=hash&amp;ref_src=twsrc%5Etfw\">#LAM<\/a> <a href=\"https:\/\/t.co\/geLoRQaaFJ\">pic.twitter.com\/geLoRQaaFJ<\/a><\/p>\n<p>&mdash; ElEjercitoDeLAM (@elejercitodelam) <a href=\"https:\/\/twitter.com\/elejercitodelam\/status\/1509334318774034436?ref_src=twsrc%5Etfw\">March 31, 2022<\/a><\/p><\/blockquote>\n<p> <script async src=\"https:\/\/platform.twitter.com\/widgets.js\" charset=\"utf-8\"><\/script><\/p>\n","protected":false},"excerpt":{"rendered":"<p>El presentador dio el s\u00ed para este nuevo desaf\u00edo, tras el fallecimiento de\u00a0Gerardo Roz\u00edn. Luego de varias idas y vueltas,\u00a0como los rumores de conducci\u00f3n de Migue Granados,\u00a0Nicol\u00e1s Repetto\u00a0y\u00a0la baja de Iv\u00e1n de Pineda,\u00a0se devel\u00f3 finalmente que\u00a0Jey Mamm\u00f3n estar\u00e1 a cargo de \u00bb\u00a0La Pe\u00f1a de Morfi\u00bb. \u00c1ngel de Brito\u00a0anunci\u00f3 que\u00a0quien realizaba el personaje de \u00abEstelita\u00bb ser\u00e1 [&hellip;]<\/p>\n","protected":false},"author":1,"featured_media":93831,"comment_status":"closed","ping_status":"closed","sticky":false,"template":"","format":"standard","meta":{"_seopress_robots_primary_cat":"","_seopress_titles_title":"","_seopress_titles_desc":"","_seopress_robots_index":"","footnotes":""},"categories":[2],"tags":[34920,34921],"class_list":{"0":"post-93830","1":"post","2":"type-post","3":"status-publish","4":"format-standard","5":"has-post-thumbnail","7":"category-tv","8":"tag-jey-mammon-conductor-de-la-pena-de-morfi","9":"tag-jey-mammon-la-pena-de-morfi"},"_links":{"self":[{"href":"https:\/\/www.cordobatimes.com\/showup\/wp-json\/wp\/v2\/posts\/93830","targetHints":{"allow":["GET"]}}],"collection":[{"href":"https:\/\/www.cordobatimes.com\/showup\/wp-json\/wp\/v2\/posts"}],"about":[{"href":"https:\/\/www.cordobatimes.com\/showup\/wp-json\/wp\/v2\/types\/post"}],"author":[{"embeddable":true,"href":"https:\/\/www.cordobatimes.com\/showup\/wp-json\/wp\/v2\/users\/1"}],"replies":[{"embeddable":true,"href":"https:\/\/www.cordobatimes.com\/showup\/wp-json\/wp\/v2\/comments?post=93830"}],"version-history":[{"count":0,"href":"https:\/\/www.cordobatimes.com\/showup\/wp-json\/wp\/v2\/posts\/93830\/revisions"}],"wp:featuredmedia":[{"embeddable":true,"href":"https:\/\/www.cordobatimes.com\/showup\/wp-json\/wp\/v2\/media\/93831"}],"wp:attachment":[{"href":"https:\/\/www.cordobatimes.com\/showup\/wp-json\/wp\/v2\/media?parent=93830"}],"wp:term":[{"taxonomy":"category","embeddable":true,"href":"https:\/\/www.cordobatimes.com\/showup\/wp-json\/wp\/v2\/categories?post=93830"},{"taxonomy":"post_tag","embeddable":true,"href":"https:\/\/www.cordobatimes.com\/showup\/wp-json\/wp\/v2\/tags?post=93830"}],"curies":[{"name":"wp","href":"https:\/\/api.w.org\/{rel}","templated":true}]}}