{"id":93824,"date":"2022-03-31T10:30:51","date_gmt":"2022-03-31T13:30:51","guid":{"rendered":"https:\/\/www.cordobatimes.com\/showup\/?p=93824"},"modified":"2022-03-31T10:33:27","modified_gmt":"2022-03-31T13:33:27","slug":"maria-becerra-llega-a-los-grammys-de-la-mano-de-j-balvin","status":"publish","type":"post","link":"https:\/\/www.cordobatimes.com\/showup\/musica\/2022\/03\/31\/maria-becerra-llega-a-los-grammys-de-la-mano-de-j-balvin\/","title":{"rendered":"Mar\u00eda Becerra llega a los Grammys de la mano de J Balvin"},"content":{"rendered":"<h3><strong>La entrega de premios ser\u00e1 el pr\u00f3ximo 3 de abril en el MGM Grand Garden Arena, de Las Vegas, a partir de las 21 horas<\/strong><\/h3>\n<p>Se acercan los\u00a0Premios Grammy, en donde los mayores representantes de todos los g\u00e9neros musicales est\u00e1n listos para reunirse en un evento que ser\u00e1 una fiesta para la industria y estar\u00e1n puestas todas las miradas. En este contexto, numerosas figuras dir\u00e1n presente en ese codiciado escenario, pero sin dudas entre lo m\u00e1s destacado se podr\u00e1 ver a\u00a0Mar\u00eda Becerra\u00a0junto a\u00a0J Balvin\u00a0cantando\u00a0\u201c\u00bfQu\u00e9 m\u00e1s, pues?\u201d, el hit con el que arrasaron el \u00faltimo tiempo.<\/p>\n<p>\u201cSigo sin poder creerlo\u201d, expres\u00f3 la artista argentina en una story de\u00a0Instagram\u00a0en la que replic\u00f3 el posteo de la Recording Academy que afirmaba: \u201c\u00bfQue va a pasar when Maria Becerra takes the GRAMMYs stage with J Balvin? Don\u2019t miss their performance on Music\u2019s Biggest Night, April 3 on CBS tv\u201d (traducido:\u00a0\u201c\u00bfQu\u00e9 va a pasar cuando Mar\u00eda Becerra tome el escenario de los Grammys con J Balvin? No te pierdas su performance en la noche m\u00e1s grande de m\u00fasica el 3 de abril\u201d).<\/p>\n<p>Adem\u00e1s, tambi\u00e9n la joven de 22 a\u00f1os comparti\u00f3 el posteo en su feed:\u00a0\u201c\u00a1Hace un tiempo quer\u00eda contarles esto y no pod\u00eda! \u00a1Sigo sin poder creerlo! Gracias amigo J Balvin por la posibilidad. El domingo nos vemos en los Grammys. Juro que voy a dar todo\u201d, escribi\u00f3 junto al hashtag #LaNenaDeArgentina, tal como se hace llamar.<\/p>\n<p><img alt=\"\" loading=\"lazy\" decoding=\"async\" class=\"alignnone wp-image-93825 size-full\" src=\"https:\/\/www.cordobatimes.com\/showup\/wp-content\/uploads\/2022\/03\/maria-becerra.jpg\" alt=\"\" width=\"990\" height=\"557\" srcset=\"https:\/\/www.cordobatimes.com\/showup\/wp-content\/uploads\/2022\/03\/maria-becerra.jpg 990w, https:\/\/www.cordobatimes.com\/showup\/wp-content\/uploads\/2022\/03\/maria-becerra-746x420.jpg 746w, https:\/\/www.cordobatimes.com\/showup\/wp-content\/uploads\/2022\/03\/maria-becerra-768x432.jpg 768w, https:\/\/www.cordobatimes.com\/showup\/wp-content\/uploads\/2022\/03\/maria-becerra-696x392.jpg 696w\" sizes=\"auto, (max-width: 990px) 100vw, 990px\" \/><\/p>\n<p>Balvin, por su parte, tambi\u00e9n se expres\u00f3 en las redes sociales:\u00a0\u201cCon la vibra alta y agradecido de poder estar el pr\u00f3ximo 3 de abril en los #GRAMMYS con Maria Becerra. Gracias, Paz en la Tierra\u201d.<\/p>\n<p><img alt=\"\" loading=\"lazy\" decoding=\"async\" class=\"alignnone size-medium wp-image-93826\" src=\"https:\/\/www.cordobatimes.com\/showup\/wp-content\/uploads\/2022\/03\/jbalvin-743x420.jpg\" alt=\"\" width=\"743\" height=\"420\" srcset=\"https:\/\/www.cordobatimes.com\/showup\/wp-content\/uploads\/2022\/03\/jbalvin-743x420.jpg 743w, https:\/\/www.cordobatimes.com\/showup\/wp-content\/uploads\/2022\/03\/jbalvin-768x434.jpg 768w, https:\/\/www.cordobatimes.com\/showup\/wp-content\/uploads\/2022\/03\/jbalvin-696x394.jpg 696w, https:\/\/www.cordobatimes.com\/showup\/wp-content\/uploads\/2022\/03\/jbalvin.jpg 985w\" sizes=\"auto, (max-width: 743px) 100vw, 743px\" \/><\/p>\n<p>Drake, Taylor Swift, Justin Bieber, Doja Cat, Jay-Z, Billie Eilish, Abba, Tony Bennett, Lady Gaga, Lil Nas X, Taylor Swift, Afrojack, David Guetta, Ti\u00ebsto, Cardi B, Kanye West, The Weeknd, Pablo Albor\u00e1n, Camilo, Ricardo Arjona, Selena Gomez, Rauw Alejandro, Bad Bunny, J Balvin, Karol G, Mon Laferte, H.E.R., Christian Nodal, Natalia Lafourcade, Rub\u00e9n Blades, Tony Succar, Olivia Rodrigo\u00a0ser\u00e1n s\u00f3lo algunas de las grandes estrellas que har\u00e1n su entrada triunfal en esa ceremonia.<\/p>\n","protected":false},"excerpt":{"rendered":"<p>La entrega de premios ser\u00e1 el pr\u00f3ximo 3 de abril en el MGM Grand Garden Arena, de Las Vegas, a partir de las 21 horas Se acercan los\u00a0Premios Grammy, en donde los mayores representantes de todos los g\u00e9neros musicales est\u00e1n listos para reunirse en un evento que ser\u00e1 una fiesta para la industria y estar\u00e1n [&hellip;]<\/p>\n","protected":false},"author":1,"featured_media":93827,"comment_status":"closed","ping_status":"closed","sticky":false,"template":"","format":"standard","meta":{"_seopress_robots_primary_cat":"","_seopress_titles_title":"","_seopress_titles_desc":"","_seopress_robots_index":"","footnotes":""},"categories":[5],"tags":[34918,34916,34917,34915,34919],"class_list":{"0":"post-93824","1":"post","2":"type-post","3":"status-publish","4":"format-standard","5":"has-post-thumbnail","7":"category-musica","8":"tag-maria-becerra-j-balvin-que-mas","9":"tag-maria-becerra-grammys","10":"tag-maria-becerra-premios-grammy","11":"tag-maria-becerra-y-j-balvin","12":"tag-pues"},"_links":{"self":[{"href":"https:\/\/www.cordobatimes.com\/showup\/wp-json\/wp\/v2\/posts\/93824","targetHints":{"allow":["GET"]}}],"collection":[{"href":"https:\/\/www.cordobatimes.com\/showup\/wp-json\/wp\/v2\/posts"}],"about":[{"href":"https:\/\/www.cordobatimes.com\/showup\/wp-json\/wp\/v2\/types\/post"}],"author":[{"embeddable":true,"href":"https:\/\/www.cordobatimes.com\/showup\/wp-json\/wp\/v2\/users\/1"}],"replies":[{"embeddable":true,"href":"https:\/\/www.cordobatimes.com\/showup\/wp-json\/wp\/v2\/comments?post=93824"}],"version-history":[{"count":0,"href":"https:\/\/www.cordobatimes.com\/showup\/wp-json\/wp\/v2\/posts\/93824\/revisions"}],"wp:featuredmedia":[{"embeddable":true,"href":"https:\/\/www.cordobatimes.com\/showup\/wp-json\/wp\/v2\/media\/93827"}],"wp:attachment":[{"href":"https:\/\/www.cordobatimes.com\/showup\/wp-json\/wp\/v2\/media?parent=93824"}],"wp:term":[{"taxonomy":"category","embeddable":true,"href":"https:\/\/www.cordobatimes.com\/showup\/wp-json\/wp\/v2\/categories?post=93824"},{"taxonomy":"post_tag","embeddable":true,"href":"https:\/\/www.cordobatimes.com\/showup\/wp-json\/wp\/v2\/tags?post=93824"}],"curies":[{"name":"wp","href":"https:\/\/api.w.org\/{rel}","templated":true}]}}