{"id":93744,"date":"2022-03-24T09:21:20","date_gmt":"2022-03-24T12:21:20","guid":{"rendered":"https:\/\/www.cordobatimes.com\/showup\/?p=93744"},"modified":"2022-03-24T09:21:20","modified_gmt":"2022-03-24T12:21:20","slug":"paulo-londra-esta-de-vuelta-estreno-plan-a","status":"publish","type":"post","link":"https:\/\/www.cordobatimes.com\/showup\/musica\/2022\/03\/24\/paulo-londra-esta-de-vuelta-estreno-plan-a\/","title":{"rendered":"Paulo Londra est\u00e1 de vuelta: estren\u00f3 \u201cPlan A\u201d"},"content":{"rendered":"<h3><strong>El rapero cordob\u00e9s volvi\u00f3 a la m\u00fasica con un tema con aires punk-rock, en cuyo videoclip se lo ve como el salvador de un partido de b\u00e1squet<\/strong><\/h3>\n<p>La espera termin\u00f3 y los fans de\u00a0Paulo Londra\u00a0pudieron escuchar una nueva canci\u00f3n de \u00e9l tras 909 d\u00edas -2 a\u00f1os, 5 meses y 26 d\u00edas- sin novedades. Es que despu\u00e9s de haber editado \u201cParty\u201d, el cordob\u00e9s entr\u00f3 en un largo litigio con\u00a0Big Ligas\u00a0que finalmente se destrab\u00f3\u00a0y\u00a0en la tarde de este mi\u00e9rcoles estren\u00f3 \u201cPlan A\u201d.<\/p>\n<p>Bajo Warner Music Latina, el rapero cordob\u00e9s lanz\u00f3 el single con su respectivo videoclip oficial. En la canci\u00f3n, escrita por Londra y producida por Federico Vindver y Hot Plug,\u00a0el rapero suelta sus rimas y explora un costado punk rock que nunca antes hab\u00eda estado presente en su m\u00fasica.<\/p>\n<p><iframe loading=\"lazy\" width=\"560\" height=\"315\" src=\"https:\/\/www.youtube.com\/embed\/dmW68lzaaqs\" title=\"YouTube video player\" frameborder=\"0\" allow=\"accelerometer; autoplay; clipboard-write; encrypted-media; gyroscope; picture-in-picture\" allowfullscreen><\/iframe><\/p>\n","protected":false},"excerpt":{"rendered":"<p>El rapero cordob\u00e9s volvi\u00f3 a la m\u00fasica con un tema con aires punk-rock, en cuyo videoclip se lo ve como el salvador de un partido de b\u00e1squet La espera termin\u00f3 y los fans de\u00a0Paulo Londra\u00a0pudieron escuchar una nueva canci\u00f3n de \u00e9l tras 909 d\u00edas -2 a\u00f1os, 5 meses y 26 d\u00edas- sin novedades. Es que [&hellip;]<\/p>\n","protected":false},"author":1,"featured_media":93745,"comment_status":"closed","ping_status":"closed","sticky":false,"template":"","format":"standard","meta":{"_seopress_robots_primary_cat":"","_seopress_titles_title":"","_seopress_titles_desc":"","_seopress_robots_index":"","footnotes":""},"categories":[5],"tags":[34867],"class_list":{"0":"post-93744","1":"post","2":"type-post","3":"status-publish","4":"format-standard","5":"has-post-thumbnail","7":"category-musica","8":"tag-paulo-londra-plan-a"},"_links":{"self":[{"href":"https:\/\/www.cordobatimes.com\/showup\/wp-json\/wp\/v2\/posts\/93744","targetHints":{"allow":["GET"]}}],"collection":[{"href":"https:\/\/www.cordobatimes.com\/showup\/wp-json\/wp\/v2\/posts"}],"about":[{"href":"https:\/\/www.cordobatimes.com\/showup\/wp-json\/wp\/v2\/types\/post"}],"author":[{"embeddable":true,"href":"https:\/\/www.cordobatimes.com\/showup\/wp-json\/wp\/v2\/users\/1"}],"replies":[{"embeddable":true,"href":"https:\/\/www.cordobatimes.com\/showup\/wp-json\/wp\/v2\/comments?post=93744"}],"version-history":[{"count":0,"href":"https:\/\/www.cordobatimes.com\/showup\/wp-json\/wp\/v2\/posts\/93744\/revisions"}],"wp:featuredmedia":[{"embeddable":true,"href":"https:\/\/www.cordobatimes.com\/showup\/wp-json\/wp\/v2\/media\/93745"}],"wp:attachment":[{"href":"https:\/\/www.cordobatimes.com\/showup\/wp-json\/wp\/v2\/media?parent=93744"}],"wp:term":[{"taxonomy":"category","embeddable":true,"href":"https:\/\/www.cordobatimes.com\/showup\/wp-json\/wp\/v2\/categories?post=93744"},{"taxonomy":"post_tag","embeddable":true,"href":"https:\/\/www.cordobatimes.com\/showup\/wp-json\/wp\/v2\/tags?post=93744"}],"curies":[{"name":"wp","href":"https:\/\/api.w.org\/{rel}","templated":true}]}}