{"id":93717,"date":"2022-03-23T10:28:23","date_gmt":"2022-03-23T13:28:23","guid":{"rendered":"https:\/\/www.cordobatimes.com\/showup\/?p=93717"},"modified":"2022-03-23T10:28:23","modified_gmt":"2022-03-23T13:28:23","slug":"benjamin-vicuna-y-laurita-fernandez-filman-en-mendoza-la-pelicula-papa-al-rescate","status":"publish","type":"post","link":"https:\/\/www.cordobatimes.com\/showup\/cine-y-series\/2022\/03\/23\/benjamin-vicuna-y-laurita-fernandez-filman-en-mendoza-la-pelicula-papa-al-rescate\/","title":{"rendered":"Benjam\u00edn Vicu\u00f1a y Laurita Fernandez filman en Mendoza la pel\u00edcula \u00abPap\u00e1 al rescate\u00bb"},"content":{"rendered":"<h3><strong>Benjam\u00edn Vicu\u00f1a\u00a0y\u00a0Laurita Fern\u00e1ndez\u00a0filmaron este martes en Mendoza escenas de la pel\u00edcula\u00a0\u00abPap\u00e1 al rescate\u00bb, escrita y dirigida por\u00a0Marcos Carnevale, que los tiene como parte del elenco central junto al actor chileno Jorge Zabaleta.<\/strong><\/h3>\n<p>El filme, una coproducci\u00f3n argentino-chilena, usa el oto\u00f1o mendocino como parte de los escenarios que ambientan la historia en la que Vicu\u00f1a asume a un hombre que, a d\u00edas de casarse con su novio, debe viajar a Argentina en busca de una hija a\u00a0la que solo conoci\u00f3 al nacer, o de lo contrario la ni\u00f1a pasar\u00e1 al sistema de adopci\u00f3n.<\/p>\n<p><img alt=\"\" loading=\"lazy\" decoding=\"async\" class=\"alignnone size-medium wp-image-93719\" src=\"https:\/\/www.cordobatimes.com\/showup\/wp-content\/uploads\/2022\/03\/623a334e00846_900-747x420.jpg\" alt=\"\" width=\"747\" height=\"420\" srcset=\"https:\/\/www.cordobatimes.com\/showup\/wp-content\/uploads\/2022\/03\/623a334e00846_900-747x420.jpg 747w, https:\/\/www.cordobatimes.com\/showup\/wp-content\/uploads\/2022\/03\/623a334e00846_900-768x432.jpg 768w, https:\/\/www.cordobatimes.com\/showup\/wp-content\/uploads\/2022\/03\/623a334e00846_900-696x391.jpg 696w, https:\/\/www.cordobatimes.com\/showup\/wp-content\/uploads\/2022\/03\/623a334e00846_900.jpg 900w\" sizes=\"auto, (max-width: 747px) 100vw, 747px\" \/> <img alt=\"\" loading=\"lazy\" decoding=\"async\" class=\"alignnone size-medium wp-image-93720\" src=\"https:\/\/www.cordobatimes.com\/showup\/wp-content\/uploads\/2022\/03\/623a3344279ce_900-747x420.jpg\" alt=\"\" width=\"747\" height=\"420\" srcset=\"https:\/\/www.cordobatimes.com\/showup\/wp-content\/uploads\/2022\/03\/623a3344279ce_900-747x420.jpg 747w, https:\/\/www.cordobatimes.com\/showup\/wp-content\/uploads\/2022\/03\/623a3344279ce_900-768x432.jpg 768w, https:\/\/www.cordobatimes.com\/showup\/wp-content\/uploads\/2022\/03\/623a3344279ce_900-696x391.jpg 696w, https:\/\/www.cordobatimes.com\/showup\/wp-content\/uploads\/2022\/03\/623a3344279ce_900.jpg 900w\" sizes=\"auto, (max-width: 747px) 100vw, 747px\" \/><\/p>\n<p>Para impedir esa situaci\u00f3n, el personaje a cargo del protagonista de las tiras \u00abArgentina, tierra de amor y venganza\u00bb y \u00abEl primero de nosotros\u00bb, entre otras, emprende un viaje desde Santiago hasta Mendoza junto a sus tres mejores amigos (a cargo de Zabaleta,\u00a0Fernando Larra\u00edn\u00a0y\u00a0Rodrigo Mu\u00f1oz, este \u00faltimo autor del guion junto a\u00a0Sebasti\u00e1n Freund) y en medio de esa carrera conoce a Marina (Fern\u00e1ndez), una asistente social.<\/p>\n<p>Por la ma\u00f1ana, el rodaje se traslad\u00f3 el edificio de los Tribunales provinciales de Justicia donde se toparon con una marcha de mujeres que, en escenas de la ficci\u00f3n, representaba la lucha por los derechos femeninos.<\/p>\n<p><img alt=\"\" loading=\"lazy\" decoding=\"async\" class=\"alignnone size-medium wp-image-93721\" src=\"https:\/\/www.cordobatimes.com\/showup\/wp-content\/uploads\/2022\/03\/623a3344095e7_900-750x420.jpg\" alt=\"\" width=\"750\" height=\"420\" srcset=\"https:\/\/www.cordobatimes.com\/showup\/wp-content\/uploads\/2022\/03\/623a3344095e7_900-750x420.jpg 750w, https:\/\/www.cordobatimes.com\/showup\/wp-content\/uploads\/2022\/03\/623a3344095e7_900-749x420.jpg 749w, https:\/\/www.cordobatimes.com\/showup\/wp-content\/uploads\/2022\/03\/623a3344095e7_900-768x431.jpg 768w, https:\/\/www.cordobatimes.com\/showup\/wp-content\/uploads\/2022\/03\/623a3344095e7_900-696x391.jpg 696w, https:\/\/www.cordobatimes.com\/showup\/wp-content\/uploads\/2022\/03\/623a3344095e7_900.jpg 900w\" sizes=\"auto, (max-width: 750px) 100vw, 750px\" \/><\/p>\n<p>Sin embargo, a pesar del corte de una calle y el amontonamiento de gente por la curiosidad, la actividad en el Palacio de Justicia no se alter\u00f3 y el servicio se prest\u00f3 con total normalidad en la zona, con resguardo policial.<\/p>\n<p>Durante los pr\u00f3ximos d\u00edas, mientras Carnevale estrena a trav\u00e9s de la plataforma Netflix su 13er. largometraje \u00abGranizo\u00bb, el elenco, junto al equipo t\u00e9cnico, se trasladar\u00e1 a los escenarios naturales de Potrerillos y Uspallata, donde se recrear\u00e1 una aduana en el play\u00f3n situado en plena frontera.<\/p>\n","protected":false},"excerpt":{"rendered":"<p>Benjam\u00edn Vicu\u00f1a\u00a0y\u00a0Laurita Fern\u00e1ndez\u00a0filmaron este martes en Mendoza escenas de la pel\u00edcula\u00a0\u00abPap\u00e1 al rescate\u00bb, escrita y dirigida por\u00a0Marcos Carnevale, que los tiene como parte del elenco central junto al actor chileno Jorge Zabaleta. El filme, una coproducci\u00f3n argentino-chilena, usa el oto\u00f1o mendocino como parte de los escenarios que ambientan la historia en la que Vicu\u00f1a asume [&hellip;]<\/p>\n","protected":false},"author":1,"featured_media":93718,"comment_status":"closed","ping_status":"closed","sticky":false,"template":"","format":"standard","meta":{"_seopress_robots_primary_cat":"","_seopress_titles_title":"","_seopress_titles_desc":"","_seopress_robots_index":"","footnotes":""},"categories":[3],"tags":[34871,34872],"class_list":{"0":"post-93717","1":"post","2":"type-post","3":"status-publish","4":"format-standard","5":"has-post-thumbnail","7":"category-cine-y-series","8":"tag-benjamin-vicuna-y-laurita-fernandez","9":"tag-benjamin-vicuna-y-laurita-fernandez-papa-al-rescate"},"_links":{"self":[{"href":"https:\/\/www.cordobatimes.com\/showup\/wp-json\/wp\/v2\/posts\/93717","targetHints":{"allow":["GET"]}}],"collection":[{"href":"https:\/\/www.cordobatimes.com\/showup\/wp-json\/wp\/v2\/posts"}],"about":[{"href":"https:\/\/www.cordobatimes.com\/showup\/wp-json\/wp\/v2\/types\/post"}],"author":[{"embeddable":true,"href":"https:\/\/www.cordobatimes.com\/showup\/wp-json\/wp\/v2\/users\/1"}],"replies":[{"embeddable":true,"href":"https:\/\/www.cordobatimes.com\/showup\/wp-json\/wp\/v2\/comments?post=93717"}],"version-history":[{"count":0,"href":"https:\/\/www.cordobatimes.com\/showup\/wp-json\/wp\/v2\/posts\/93717\/revisions"}],"wp:featuredmedia":[{"embeddable":true,"href":"https:\/\/www.cordobatimes.com\/showup\/wp-json\/wp\/v2\/media\/93718"}],"wp:attachment":[{"href":"https:\/\/www.cordobatimes.com\/showup\/wp-json\/wp\/v2\/media?parent=93717"}],"wp:term":[{"taxonomy":"category","embeddable":true,"href":"https:\/\/www.cordobatimes.com\/showup\/wp-json\/wp\/v2\/categories?post=93717"},{"taxonomy":"post_tag","embeddable":true,"href":"https:\/\/www.cordobatimes.com\/showup\/wp-json\/wp\/v2\/tags?post=93717"}],"curies":[{"name":"wp","href":"https:\/\/api.w.org\/{rel}","templated":true}]}}