{"id":93705,"date":"2022-03-22T09:49:33","date_gmt":"2022-03-22T12:49:33","guid":{"rendered":"https:\/\/www.cordobatimes.com\/showup\/?p=93705"},"modified":"2022-03-22T09:49:33","modified_gmt":"2022-03-22T12:49:33","slug":"vuelve-paulo-londra-el-23-de-marzo-va-a-lanzar-su-nueva-cancion-plan-a","status":"publish","type":"post","link":"https:\/\/www.cordobatimes.com\/showup\/musica\/2022\/03\/22\/vuelve-paulo-londra-el-23-de-marzo-va-a-lanzar-su-nueva-cancion-plan-a\/","title":{"rendered":"Vuelve Paulo Londra: el 23 de marzo va a lanzar su nueva canci\u00f3n \u201cPlan A\u201d"},"content":{"rendered":"<h3><strong>Finalmente el artista va a volver a presentar nueva m\u00fasica, despu\u00e9s de un conflicto legal que se lo imped\u00eda<\/strong><\/h3>\n<p>Lleg\u00f3 el d\u00eda que los y las fans de\u00a0Paulo Londra\u00a0esperaban hace dos a\u00f1os:\u00a0este 23 de marzo el cantante Argentina va a volver a lanzar una canci\u00f3n.\u00a0\u201cPlan A\u201d\u00a0va a ser el primer single del artista despu\u00e9s de la pausa obligada que lo mantuvo lejos de la escena p\u00fablica de la m\u00fasica.<\/p>\n<p>En noviembre del a\u00f1o pasado el conflicto legal que lo limitaba lleg\u00f3 a su fin. La noticia, que se confirm\u00f3 a trav\u00e9s de Billboard, gener\u00f3 un impacto inmediato y otros artistas y streamers se sumaron a los\u00a0festejos de los seguidores de Paulo Londra, que coparon varias tendencias en redes sociales para mostrar su alegr\u00eda con la novedad.<\/p>\n<p>Este Lunes se revel\u00f3 que el 23 de marzo ser\u00e1 la fecha de su retorno oficial, cuando present\u00e9 \u201cPlan A\u201d, que va a estar disponible en Spotify. \u201cYo no busco el \u00e9xito, busco la felicidad\u201d, dice el cantante en el video que publicaron en las redes de la plataforma de streaming.<\/p>\n<p>Este lanzamiento va a marcar su vuelta despu\u00e9s de dos a\u00f1os, que no alcanzaron para alejarlo del cari\u00f1o de sus fans. En Spotify, por ejemplo, Paulo Londra todav\u00eda tiene m\u00e1s de 10 millones de oyentes mensuales y acumula m\u00e1s de 15 millones de seguidores. Adem\u00e1s, suma m\u00e1s de 4 mil millones de streams desde que empez\u00f3 a lanzar m\u00fasica en la plataforma en el 2015.<\/p>\n<p>Fue tal la vigencia que mantuvo estos dos \u00faltimos a\u00f1os que -tambi\u00e9n en noviembre- rompi\u00f3 un nuevo r\u00e9cord para la m\u00fasica argentina cuando dos de sus videos (Nena Maldici\u00f3n\u00a0y\u00a0Adan y Eva)\u00a0superaron las mil millones de visualizaciones en Youtube, algo que ning\u00fan artista del pa\u00eds hab\u00eda logrado antes. Adem\u00e1s, en el\u00a02018 se ubic\u00f3 como el artista argentino m\u00e1s escuchado en el mundo en Spotify, ocupando el puesto n\u00famero 149 del ranking global. Un lugar que hoy -con el crecimiento que tuvo la escena de Argentina- sigue siendo destacado.<\/p>\n","protected":false},"excerpt":{"rendered":"<p>Finalmente el artista va a volver a presentar nueva m\u00fasica, despu\u00e9s de un conflicto legal que se lo imped\u00eda Lleg\u00f3 el d\u00eda que los y las fans de\u00a0Paulo Londra\u00a0esperaban hace dos a\u00f1os:\u00a0este 23 de marzo el cantante Argentina va a volver a lanzar una canci\u00f3n.\u00a0\u201cPlan A\u201d\u00a0va a ser el primer single del artista despu\u00e9s de [&hellip;]<\/p>\n","protected":false},"author":1,"featured_media":93706,"comment_status":"closed","ping_status":"closed","sticky":false,"template":"","format":"standard","meta":{"_seopress_robots_primary_cat":"","_seopress_titles_title":"","_seopress_titles_desc":"","_seopress_robots_index":"","footnotes":""},"categories":[5],"tags":[34867,34866],"class_list":{"0":"post-93705","1":"post","2":"type-post","3":"status-publish","4":"format-standard","5":"has-post-thumbnail","7":"category-musica","8":"tag-paulo-londra-plan-a","9":"tag-vuelve-paulo-londra"},"_links":{"self":[{"href":"https:\/\/www.cordobatimes.com\/showup\/wp-json\/wp\/v2\/posts\/93705","targetHints":{"allow":["GET"]}}],"collection":[{"href":"https:\/\/www.cordobatimes.com\/showup\/wp-json\/wp\/v2\/posts"}],"about":[{"href":"https:\/\/www.cordobatimes.com\/showup\/wp-json\/wp\/v2\/types\/post"}],"author":[{"embeddable":true,"href":"https:\/\/www.cordobatimes.com\/showup\/wp-json\/wp\/v2\/users\/1"}],"replies":[{"embeddable":true,"href":"https:\/\/www.cordobatimes.com\/showup\/wp-json\/wp\/v2\/comments?post=93705"}],"version-history":[{"count":0,"href":"https:\/\/www.cordobatimes.com\/showup\/wp-json\/wp\/v2\/posts\/93705\/revisions"}],"wp:featuredmedia":[{"embeddable":true,"href":"https:\/\/www.cordobatimes.com\/showup\/wp-json\/wp\/v2\/media\/93706"}],"wp:attachment":[{"href":"https:\/\/www.cordobatimes.com\/showup\/wp-json\/wp\/v2\/media?parent=93705"}],"wp:term":[{"taxonomy":"category","embeddable":true,"href":"https:\/\/www.cordobatimes.com\/showup\/wp-json\/wp\/v2\/categories?post=93705"},{"taxonomy":"post_tag","embeddable":true,"href":"https:\/\/www.cordobatimes.com\/showup\/wp-json\/wp\/v2\/tags?post=93705"}],"curies":[{"name":"wp","href":"https:\/\/api.w.org\/{rel}","templated":true}]}}