{"id":93700,"date":"2022-03-22T09:21:18","date_gmt":"2022-03-22T12:21:18","guid":{"rendered":"https:\/\/www.cordobatimes.com\/showup\/?p=93700"},"modified":"2022-03-22T09:21:18","modified_gmt":"2022-03-22T12:21:18","slug":"preocupacion-por-la-salud-de-chano-sin-poder-mantenerse-de-pie-se-olvido-la-letra-de-una-cancion","status":"publish","type":"post","link":"https:\/\/www.cordobatimes.com\/showup\/famosos\/2022\/03\/22\/preocupacion-por-la-salud-de-chano-sin-poder-mantenerse-de-pie-se-olvido-la-letra-de-una-cancion\/","title":{"rendered":"Preocupaci\u00f3n por la salud de Chano: sin poder mantenerse de pie, se olvid\u00f3 la letra de una canci\u00f3n"},"content":{"rendered":"<h3><strong>Sus fans aseguran que se lo vio perdido en sus \u00faltimos shows.<\/strong><\/h3>\n<p>Este fin de semana\u00a0Chano Moreno Charpentier\u00a0preocup\u00f3 a todos tras brindar un show en Ituzaing\u00f3. Despu\u00e9s de su\u00a0brote psic\u00f3tico y del balazo que recibi\u00f3 en consecuencia, el cantante volvi\u00f3 a dedicarse de lleno a su carrera art\u00edstica.<\/p>\n<p>A principios de noviembre, volvi\u00f3 a los escenarios a lo grande. Lo cierto es que se lo vio muy bien y brind\u00f3 varios recitales en muy buenas condiciones. Pero no fue el caso de los \u00faltimos meses. Con este video ya viralizado, se empez\u00f3 a hablar de c\u00f3mo llegaba Chano a los shows y se reportaron varias situaciones en diferentes lugares.<\/p>\n<h3><strong>C\u00f3mo se lo vio a Chano en su show<\/strong><\/h3>\n<p>A\u00a0Chano Moreno Charpentier\u00a0se lo vio perdido, teniendo que sostenerse del micr\u00f3fono para poder mantenerse en pie.\u00a0Se olvid\u00f3 las letras de las canciones que compuso\u00a0y se re\u00eda sin motivos.<\/p>\n<p>Nadie, ni de la banda ni de la organizaci\u00f3n, se acerc\u00f3 a asistirlo. Apenas le alcanzaron una banqueta para que pueda continuar el show que deb\u00eda durar dos horas pero\u00a0dur\u00f3 la mitad.<\/p>\n<p><iframe loading=\"lazy\" title=\"YouTube video player\" src=\"https:\/\/www.youtube.com\/embed\/uty9_Pwdjm4\" width=\"560\" height=\"315\" frameborder=\"0\" allowfullscreen=\"allowfullscreen\"><\/iframe><\/p>\n<h3><strong>El mensaje de la mam\u00e1 de Chano: \u201cAhora solo a lidiar con esta tristeza\u201d<\/strong><\/h3>\n<p>Despu\u00e9s de que se viralizaran los videos Marina Charpentier, la mam\u00e1 de Chano, public\u00f3 ayer una imagen de una virgen y un texto inquietante que solo alimenta la preocupaci\u00f3n por la salud del cantante.<\/p>\n<p>\u201cFuimos a comprar la muerte, para vivir m\u00e1s ausentes. No aprendimos a respirar, pero un d\u00eda aprendiste y ah\u00ed nom\u00e1s te despediste, ahora solo a lidiar con esta tristeza\u201d, escribi\u00f3 junto a un emoji de una carita llorando.<\/p>\n<p><img alt=\"\" loading=\"lazy\" decoding=\"async\" class=\"alignnone size-medium wp-image-93702\" src=\"https:\/\/www.cordobatimes.com\/showup\/wp-content\/uploads\/2022\/03\/posteo-de-la-mama-de-chano-671x420.jpg\" alt=\"\" width=\"671\" height=\"420\" srcset=\"https:\/\/www.cordobatimes.com\/showup\/wp-content\/uploads\/2022\/03\/posteo-de-la-mama-de-chano-671x420.jpg 671w, https:\/\/www.cordobatimes.com\/showup\/wp-content\/uploads\/2022\/03\/posteo-de-la-mama-de-chano-1024x641.jpg 1024w, https:\/\/www.cordobatimes.com\/showup\/wp-content\/uploads\/2022\/03\/posteo-de-la-mama-de-chano-768x481.jpg 768w, https:\/\/www.cordobatimes.com\/showup\/wp-content\/uploads\/2022\/03\/posteo-de-la-mama-de-chano-696x436.jpg 696w, https:\/\/www.cordobatimes.com\/showup\/wp-content\/uploads\/2022\/03\/posteo-de-la-mama-de-chano.jpg 1033w\" sizes=\"auto, (max-width: 671px) 100vw, 671px\" \/><\/p>\n","protected":false},"excerpt":{"rendered":"<p>Sus fans aseguran que se lo vio perdido en sus \u00faltimos shows. Este fin de semana\u00a0Chano Moreno Charpentier\u00a0preocup\u00f3 a todos tras brindar un show en Ituzaing\u00f3. Despu\u00e9s de su\u00a0brote psic\u00f3tico y del balazo que recibi\u00f3 en consecuencia, el cantante volvi\u00f3 a dedicarse de lleno a su carrera art\u00edstica. A principios de noviembre, volvi\u00f3 a los [&hellip;]<\/p>\n","protected":false},"author":1,"featured_media":93701,"comment_status":"closed","ping_status":"closed","sticky":false,"template":"","format":"standard","meta":{"_seopress_robots_primary_cat":"","_seopress_titles_title":"","_seopress_titles_desc":"","_seopress_robots_index":"","footnotes":""},"categories":[4],"tags":[34865,33073,34864],"class_list":{"0":"post-93700","1":"post","2":"type-post","3":"status-publish","4":"format-standard","5":"has-post-thumbnail","7":"category-famosos","8":"tag-chano-en-su-show","9":"tag-estado-de-salud-de-chano","10":"tag-la-salud-de-chano"},"_links":{"self":[{"href":"https:\/\/www.cordobatimes.com\/showup\/wp-json\/wp\/v2\/posts\/93700","targetHints":{"allow":["GET"]}}],"collection":[{"href":"https:\/\/www.cordobatimes.com\/showup\/wp-json\/wp\/v2\/posts"}],"about":[{"href":"https:\/\/www.cordobatimes.com\/showup\/wp-json\/wp\/v2\/types\/post"}],"author":[{"embeddable":true,"href":"https:\/\/www.cordobatimes.com\/showup\/wp-json\/wp\/v2\/users\/1"}],"replies":[{"embeddable":true,"href":"https:\/\/www.cordobatimes.com\/showup\/wp-json\/wp\/v2\/comments?post=93700"}],"version-history":[{"count":0,"href":"https:\/\/www.cordobatimes.com\/showup\/wp-json\/wp\/v2\/posts\/93700\/revisions"}],"wp:featuredmedia":[{"embeddable":true,"href":"https:\/\/www.cordobatimes.com\/showup\/wp-json\/wp\/v2\/media\/93701"}],"wp:attachment":[{"href":"https:\/\/www.cordobatimes.com\/showup\/wp-json\/wp\/v2\/media?parent=93700"}],"wp:term":[{"taxonomy":"category","embeddable":true,"href":"https:\/\/www.cordobatimes.com\/showup\/wp-json\/wp\/v2\/categories?post=93700"},{"taxonomy":"post_tag","embeddable":true,"href":"https:\/\/www.cordobatimes.com\/showup\/wp-json\/wp\/v2\/tags?post=93700"}],"curies":[{"name":"wp","href":"https:\/\/api.w.org\/{rel}","templated":true}]}}