{"id":93657,"date":"2022-03-17T12:12:29","date_gmt":"2022-03-17T15:12:29","guid":{"rendered":"https:\/\/www.cordobatimes.com\/showup\/?p=93657"},"modified":"2022-03-17T12:12:29","modified_gmt":"2022-03-17T15:12:29","slug":"hes-back-la-campana-con-la-que-paulo-londra-anticipa-su-regreso-a-la-musica","status":"publish","type":"post","link":"https:\/\/www.cordobatimes.com\/showup\/musica\/2022\/03\/17\/hes-back-la-campana-con-la-que-paulo-londra-anticipa-su-regreso-a-la-musica\/","title":{"rendered":"\u201cHe\u2019s Back\u201d: la campa\u00f1a con la que Paulo Londra anticipa su regreso a la m\u00fasica"},"content":{"rendered":"<h3><strong>Sin previo aviso, una imagen del rapero cordob\u00e9s fusionado con un le\u00f3n sirvi\u00f3 como anuncio oficial del regreso del rapero, que todav\u00eda no tiene fecha.<\/strong><\/h3>\n<p>in anunciarlo por su propia cuenta,\u00a0Paulo Londra confirm\u00f3 su inminente regreso a la m\u00fasica. Lo hizo a trav\u00e9s de una campa\u00f1a dise\u00f1ada por Warner Music y la productora Buena (que trabaja junto al cordob\u00e9s) que consisti\u00f3 en la viralizaci\u00f3n de una imagen que muestra al m\u00fasico fusionado con un le\u00f3n junto a la frase \u201cHe\u2019s Back\u201d (\u201cest\u00e1 de vuelta\u201d, en castellano).<\/p>\n<p>Esa postal, que incluye tambi\u00e9n unas cadenas rotas a modo de s\u00edmbolo, fue difundida en medios de comunicaci\u00f3n tradicionales y tambi\u00e9n en las redes sociales, donde el entorno de Londra se encarg\u00f3 de compartir la buena nueva.<\/p>\n<p><img alt=\"\" loading=\"lazy\" decoding=\"async\" class=\"alignnone wp-image-93659 size-full\" src=\"https:\/\/www.cordobatimes.com\/showup\/wp-content\/uploads\/2022\/03\/vuelta-de-paulo-londra.jpg\" alt=\"\" width=\"387\" height=\"610\" srcset=\"https:\/\/www.cordobatimes.com\/showup\/wp-content\/uploads\/2022\/03\/vuelta-de-paulo-londra.jpg 387w, https:\/\/www.cordobatimes.com\/showup\/wp-content\/uploads\/2022\/03\/vuelta-de-paulo-londra-266x420.jpg 266w\" sizes=\"auto, (max-width: 387px) 100vw, 387px\" \/><\/p>\n<p>La compa\u00f1\u00eda discogr\u00e1fica, en tanto, confirm\u00f3 la vuelta del cordob\u00e9s con un breve texto de prensa: \u201cEsta medianoche se anunci\u00f3 la vuelta de Paulo Londra con una imagen que lo muestra como mitad Paulo y mitad le\u00f3n, rompiendo una cadena y anunciando que est\u00e1 de regreso\u201d.<\/p>\n<p>\u201cLa semana pasada Warner Music Latina y Paulo Londra anunciaron una nueva asociaci\u00f3n para sus pr\u00f3ximos lanzamientos, centr\u00e1ndose en la expansi\u00f3n musical del artista y su contribuci\u00f3n al g\u00e9nero\u201d, a\u00f1ade el comunicado oficial, que no agrega datos en relaci\u00f3n a los tiempos que tendr\u00e1 este regreso.<\/p>\n","protected":false},"excerpt":{"rendered":"<p>Sin previo aviso, una imagen del rapero cordob\u00e9s fusionado con un le\u00f3n sirvi\u00f3 como anuncio oficial del regreso del rapero, que todav\u00eda no tiene fecha. in anunciarlo por su propia cuenta,\u00a0Paulo Londra confirm\u00f3 su inminente regreso a la m\u00fasica. Lo hizo a trav\u00e9s de una campa\u00f1a dise\u00f1ada por Warner Music y la productora Buena (que [&hellip;]<\/p>\n","protected":false},"author":1,"featured_media":93658,"comment_status":"closed","ping_status":"closed","sticky":false,"template":"","format":"standard","meta":{"_seopress_robots_primary_cat":"","_seopress_titles_title":"","_seopress_titles_desc":"","_seopress_robots_index":"","footnotes":""},"categories":[5],"tags":[34841,34840],"class_list":{"0":"post-93657","1":"post","2":"type-post","3":"status-publish","4":"format-standard","5":"has-post-thumbnail","7":"category-musica","8":"tag-campana-de-paulo-londra","9":"tag-paulo-londra-anticipa-su-regreso-a-la-musica"},"_links":{"self":[{"href":"https:\/\/www.cordobatimes.com\/showup\/wp-json\/wp\/v2\/posts\/93657","targetHints":{"allow":["GET"]}}],"collection":[{"href":"https:\/\/www.cordobatimes.com\/showup\/wp-json\/wp\/v2\/posts"}],"about":[{"href":"https:\/\/www.cordobatimes.com\/showup\/wp-json\/wp\/v2\/types\/post"}],"author":[{"embeddable":true,"href":"https:\/\/www.cordobatimes.com\/showup\/wp-json\/wp\/v2\/users\/1"}],"replies":[{"embeddable":true,"href":"https:\/\/www.cordobatimes.com\/showup\/wp-json\/wp\/v2\/comments?post=93657"}],"version-history":[{"count":0,"href":"https:\/\/www.cordobatimes.com\/showup\/wp-json\/wp\/v2\/posts\/93657\/revisions"}],"wp:featuredmedia":[{"embeddable":true,"href":"https:\/\/www.cordobatimes.com\/showup\/wp-json\/wp\/v2\/media\/93658"}],"wp:attachment":[{"href":"https:\/\/www.cordobatimes.com\/showup\/wp-json\/wp\/v2\/media?parent=93657"}],"wp:term":[{"taxonomy":"category","embeddable":true,"href":"https:\/\/www.cordobatimes.com\/showup\/wp-json\/wp\/v2\/categories?post=93657"},{"taxonomy":"post_tag","embeddable":true,"href":"https:\/\/www.cordobatimes.com\/showup\/wp-json\/wp\/v2\/tags?post=93657"}],"curies":[{"name":"wp","href":"https:\/\/api.w.org\/{rel}","templated":true}]}}