{"id":93654,"date":"2022-03-17T11:37:26","date_gmt":"2022-03-17T14:37:26","guid":{"rendered":"https:\/\/www.cordobatimes.com\/showup\/?p=93654"},"modified":"2022-03-17T11:37:26","modified_gmt":"2022-03-17T14:37:26","slug":"el-gato-con-botas-el-ultimo-deseo-lanzo-su-trailer-oficial","status":"publish","type":"post","link":"https:\/\/www.cordobatimes.com\/showup\/cine-y-series\/2022\/03\/17\/el-gato-con-botas-el-ultimo-deseo-lanzo-su-trailer-oficial\/","title":{"rendered":"\u201cEl gato con botas: El \u00faltimo deseo\u201d lanz\u00f3 su tr\u00e1iler oficial"},"content":{"rendered":"<h3><strong>El personaje de \u201cShrek\u201d tendr\u00e1 una nueva aventura, pero esta vez corre verdadero peligro en el adelanto debut.<\/strong><\/h3>\n<p>DreamWorks\u00a0lanz\u00f3 el tr\u00e1iler oficial de\u00a0El gato con botas: El \u00faltimo deseo, el regreso del carism\u00e1tico personaje que tiene la voz ni m\u00e1s ni menos que de\u00a0Antonio Banderas. Fue uno de los personajes claves para que\u00a0Shrek\u00a0siga teniendo pel\u00edculas luego de su aparici\u00f3n en la segunda parte de la franquicia. M\u00e1s de una d\u00e9cada despu\u00e9s de su predecesora, el gato regresa, pero esta vez con una dram\u00e1tica realidad: perdi\u00f3 ocho de sus nueve vidas y ahora deber\u00e1 volver la cuenta a cero.<\/p>\n<p>Cuando se da cuenta de que solo le queda una vida, su amiga\u00a0Kitty, interpretada por\u00a0Salma Hayek,\u00a0se sumar\u00e1 a la aventura para que\u00a0Gato\u00a0recupere las vidas que perdi\u00f3. En el camino, deber\u00e1n enfrentarse a la familia criminal de los\u00a0Tres osos\u00a0y\u00a0Ricitos de oro, y tambi\u00e9n al\u00a0Lobo feroz. Aventuras que llevar\u00e1 con mucha cautela ya que, como bien remarcamos, est\u00e1 a solo una vida de la muerte definitiva.<\/p>\n<p>El gato con botas: El \u00faltimo deseo\u00a0llega a los cines el 23 de septiembre.<\/p>\n<p><iframe loading=\"lazy\" title=\"YouTube video player\" src=\"https:\/\/www.youtube.com\/embed\/QaiUm8jNiCk\" width=\"560\" height=\"315\" frameborder=\"0\" allowfullscreen=\"allowfullscreen\"><\/iframe><\/p>\n","protected":false},"excerpt":{"rendered":"<p>El personaje de \u201cShrek\u201d tendr\u00e1 una nueva aventura, pero esta vez corre verdadero peligro en el adelanto debut. DreamWorks\u00a0lanz\u00f3 el tr\u00e1iler oficial de\u00a0El gato con botas: El \u00faltimo deseo, el regreso del carism\u00e1tico personaje que tiene la voz ni m\u00e1s ni menos que de\u00a0Antonio Banderas. Fue uno de los personajes claves para que\u00a0Shrek\u00a0siga teniendo pel\u00edculas [&hellip;]<\/p>\n","protected":false},"author":1,"featured_media":93655,"comment_status":"closed","ping_status":"closed","sticky":false,"template":"","format":"standard","meta":{"_seopress_robots_primary_cat":"","_seopress_titles_title":"","_seopress_titles_desc":"","_seopress_robots_index":"","footnotes":""},"categories":[3],"tags":[34838,34839],"class_list":{"0":"post-93654","1":"post","2":"type-post","3":"status-publish","4":"format-standard","5":"has-post-thumbnail","7":"category-cine-y-series","8":"tag-el-gato-con-botas-el-ultimo-deseo","9":"tag-trailer-oficial-de-el-gato-con-botas-el-ultimo-deseo"},"_links":{"self":[{"href":"https:\/\/www.cordobatimes.com\/showup\/wp-json\/wp\/v2\/posts\/93654","targetHints":{"allow":["GET"]}}],"collection":[{"href":"https:\/\/www.cordobatimes.com\/showup\/wp-json\/wp\/v2\/posts"}],"about":[{"href":"https:\/\/www.cordobatimes.com\/showup\/wp-json\/wp\/v2\/types\/post"}],"author":[{"embeddable":true,"href":"https:\/\/www.cordobatimes.com\/showup\/wp-json\/wp\/v2\/users\/1"}],"replies":[{"embeddable":true,"href":"https:\/\/www.cordobatimes.com\/showup\/wp-json\/wp\/v2\/comments?post=93654"}],"version-history":[{"count":0,"href":"https:\/\/www.cordobatimes.com\/showup\/wp-json\/wp\/v2\/posts\/93654\/revisions"}],"wp:featuredmedia":[{"embeddable":true,"href":"https:\/\/www.cordobatimes.com\/showup\/wp-json\/wp\/v2\/media\/93655"}],"wp:attachment":[{"href":"https:\/\/www.cordobatimes.com\/showup\/wp-json\/wp\/v2\/media?parent=93654"}],"wp:term":[{"taxonomy":"category","embeddable":true,"href":"https:\/\/www.cordobatimes.com\/showup\/wp-json\/wp\/v2\/categories?post=93654"},{"taxonomy":"post_tag","embeddable":true,"href":"https:\/\/www.cordobatimes.com\/showup\/wp-json\/wp\/v2\/tags?post=93654"}],"curies":[{"name":"wp","href":"https:\/\/api.w.org\/{rel}","templated":true}]}}