{"id":93647,"date":"2022-03-17T10:09:46","date_gmt":"2022-03-17T13:09:46","guid":{"rendered":"https:\/\/www.cordobatimes.com\/showup\/?p=93647"},"modified":"2022-03-17T10:09:46","modified_gmt":"2022-03-17T13:09:46","slug":"kung-fu-panda-regresa-en-forma-de-una-serie-para-netflix","status":"publish","type":"post","link":"https:\/\/www.cordobatimes.com\/showup\/cine-y-series\/2022\/03\/17\/kung-fu-panda-regresa-en-forma-de-una-serie-para-netflix\/","title":{"rendered":"\u201cKung Fu Panda\u201d regresa en forma de una serie para Netflix"},"content":{"rendered":"<h3><strong>La tercera y \u00faltima entrega de la franquicia cinematogr\u00e1fica animada se lanz\u00f3 en 2016. Seis a\u00f1os m\u00e1s tarde,\u00a0Jack Black\u00a0 retomar\u00e1 su recordado papel como la voz de Po<\/strong><\/h3>\n<p>Una serie animada basada en la franquicia cinematogr\u00e1fica\u00a0Kung Fu Panda\u00a0ha sido ordenada recientemente por\u00a0Netflix\u00a0y contar\u00e1 con\u00a0el regreso de\u00a0Jack Black\u00a0para dar voz al panda Po. En 2016, se proyect\u00f3 en cines la \u00faltima entrega de la famosa saga de\u00a0DreamWorks\u00a0a ra\u00edz del avasallador \u00e9xito que obtuvo con la pel\u00edcula original que tambi\u00e9n tuvo la participaci\u00f3n de otras estrellas como Jackie Chan, Dustin Hoffman, Angelina Jolie, Ian McShane, Lucy Liu y David Cross.<\/p>\n<p>Bajo el t\u00edtulo de\u00a0Kung Fu Panda: The Dragon Knight, esta nueva apuesta se centra en dos comadrejas que buscan robar una colecci\u00f3n de cuatro armas, las cuales contienen un gran poder. Mientras tanto,\u00a0Po debe salir de su aldea para ir en b\u00fasqueda de la redenci\u00f3n y la justicia, para encontrar en su camino a Wandering Blade, un caballero ingl\u00e9s muy sensato. Ambos, por muy diferentes que sean, tendr\u00e1n que trabajar juntos para encontrar estas armas m\u00e1gicas y evitar la destrucci\u00f3n del mundo. Contra todo pron\u00f3stico, los protagonistas aprender\u00e1n a entenderse y podr\u00edan desarrollar una gran amistad.<\/p>\n<p>al como se esperaba, el estudio de animaci\u00f3n\u00a0DreamWorks\u00a0estar\u00e1 a cargo del proyecto. Peter Hastings y Shaunt Nigoghossian ser\u00e1n productores ejecutivos junto a Chris Amick y Ben Mekler en la coproducci\u00f3n ejecutiva. Solo se ha confirmado que\u00a0Jack Black\u00a0regresar\u00e1 como actor de voz de Poe. La \u00faltima vez que lo interpret\u00f3 fue para el tercer filme que se estren\u00f3 hace seis a\u00f1os.<\/p>\n<h3><strong>La historia de un guerrero panda que se convirti\u00f3 en un \u00e9xito<\/strong><\/h3>\n<p>Kung Fu Panda\u00a0es una franquicia del cine que obtuvo gran popularidad por su\u00a0atrapante historia que comienza con el sue\u00f1o de un torpe oso panda de convertirse en un guerrero de Kung Fu. Fue un \u00e9xito en taquilla con su debut en la pantalla grande en 2011 y, con el lanzamiento de sus tres entregas, ha generado en total una suma de 1.8 mil millones de d\u00f3lares a nivel global.<\/p>\n<p>Cabe destacar que, Po y sus amigos tambi\u00e9n han aparecido en otras series de televisi\u00f3n, cortometrajes y videojuegos, adem\u00e1s de figurar entre los personajes m\u00e1s populares de la filmograf\u00eda de\u00a0DreamWorks. Las dos ficciones que se lanzaron para la TV fueron\u00a0Kung Fu Panda: La leyenda de Po, que se emiti\u00f3 por Nickelodeon durante tres temporadas; y\u00a0Kung Fu Panda: Pasos del destino, t\u00edtulo original de Prime Video que solo tuvo una tanda de episodios. Para ambos t\u00edtulos, Mick Wingert reemplaz\u00f3 a Black en el rol del protagonista.<\/p>\n<p>Es decir, la pr\u00f3xima ficci\u00f3n televisiva de\u00a0Netflix\u00a0ser\u00e1 el primer producto para la pantalla chica basado en las pel\u00edculas con el retorno del actor y comediante estadounidense en su recordado papel. Por ahora, no hay mayor informaci\u00f3n sobre cu\u00e1ndo iniciar\u00e1 oficialmente la producci\u00f3n o cu\u00e1ndo podr\u00eda llegar al cat\u00e1logo del servicio\u00a0streaming.<\/p>\n","protected":false},"excerpt":{"rendered":"<p>La tercera y \u00faltima entrega de la franquicia cinematogr\u00e1fica animada se lanz\u00f3 en 2016. Seis a\u00f1os m\u00e1s tarde,\u00a0Jack Black\u00a0 retomar\u00e1 su recordado papel como la voz de Po Una serie animada basada en la franquicia cinematogr\u00e1fica\u00a0Kung Fu Panda\u00a0ha sido ordenada recientemente por\u00a0Netflix\u00a0y contar\u00e1 con\u00a0el regreso de\u00a0Jack Black\u00a0para dar voz al panda Po. En 2016, se [&hellip;]<\/p>\n","protected":false},"author":1,"featured_media":93648,"comment_status":"closed","ping_status":"closed","sticky":false,"template":"","format":"standard","meta":{"_seopress_robots_primary_cat":"","_seopress_titles_title":"","_seopress_titles_desc":"","_seopress_robots_index":"","footnotes":""},"categories":[3],"tags":[34832,34833,34834],"class_list":{"0":"post-93647","1":"post","2":"type-post","3":"status-publish","4":"format-standard","5":"has-post-thumbnail","7":"category-cine-y-series","8":"tag-kung-fu-panda","9":"tag-kung-fu-panda-netflix","10":"tag-serie-de-kung-fu-panda"},"_links":{"self":[{"href":"https:\/\/www.cordobatimes.com\/showup\/wp-json\/wp\/v2\/posts\/93647","targetHints":{"allow":["GET"]}}],"collection":[{"href":"https:\/\/www.cordobatimes.com\/showup\/wp-json\/wp\/v2\/posts"}],"about":[{"href":"https:\/\/www.cordobatimes.com\/showup\/wp-json\/wp\/v2\/types\/post"}],"author":[{"embeddable":true,"href":"https:\/\/www.cordobatimes.com\/showup\/wp-json\/wp\/v2\/users\/1"}],"replies":[{"embeddable":true,"href":"https:\/\/www.cordobatimes.com\/showup\/wp-json\/wp\/v2\/comments?post=93647"}],"version-history":[{"count":0,"href":"https:\/\/www.cordobatimes.com\/showup\/wp-json\/wp\/v2\/posts\/93647\/revisions"}],"wp:featuredmedia":[{"embeddable":true,"href":"https:\/\/www.cordobatimes.com\/showup\/wp-json\/wp\/v2\/media\/93648"}],"wp:attachment":[{"href":"https:\/\/www.cordobatimes.com\/showup\/wp-json\/wp\/v2\/media?parent=93647"}],"wp:term":[{"taxonomy":"category","embeddable":true,"href":"https:\/\/www.cordobatimes.com\/showup\/wp-json\/wp\/v2\/categories?post=93647"},{"taxonomy":"post_tag","embeddable":true,"href":"https:\/\/www.cordobatimes.com\/showup\/wp-json\/wp\/v2\/tags?post=93647"}],"curies":[{"name":"wp","href":"https:\/\/api.w.org\/{rel}","templated":true}]}}