{"id":93644,"date":"2022-03-16T12:03:23","date_gmt":"2022-03-16T15:03:23","guid":{"rendered":"https:\/\/www.cordobatimes.com\/showup\/?p=93644"},"modified":"2022-03-16T12:03:23","modified_gmt":"2022-03-16T15:03:23","slug":"c-tangana-suspendio-su-show-en-argentina-se-iba-a-presentar-este-viernes-en-el-lollapalooza","status":"publish","type":"post","link":"https:\/\/www.cordobatimes.com\/showup\/musica\/2022\/03\/16\/c-tangana-suspendio-su-show-en-argentina-se-iba-a-presentar-este-viernes-en-el-lollapalooza\/","title":{"rendered":"C. Tangana suspendi\u00f3 su show en Argentina: se iba a presentar este viernes en el Lollapalooza"},"content":{"rendered":"<h3><strong>\u201cNo podr\u00e1 hacer llegar la carga ni el personal necesarios para su actuaci\u00f3n\u201d, rez\u00f3 un comunicado al respecto<\/strong>.<\/h3>\n<p>C. Tangana\u00a0suspendi\u00f3 su show en Argentina por no poder \u00abhacer llegar la carga ni el personal necesarios para su actuaci\u00f3n\u201d, explic\u00f3 la propia organizaci\u00f3n de Lollapalooza.<\/p>\n<p>\u201cPor razones ajenas a Lollapalooza Argentina y habiendo recibido todo el apoyo posible por parte de la producci\u00f3n del festival, la oficina del artista lamenta comunicar que C. Tangana no podr\u00e1 hacer llegar la carga ni el personal necesario para la realizaci\u00f3n de su actuaci\u00f3n en la edici\u00f3n 2022\u2033, rez\u00f3 el comunicado oficial publicado hoy.<\/p>\n<p>El mismo descargo aclar\u00f3 que\u00a0El Madrile\u00f1o\u00a0\u00abse ve obligado a cancelar su presentaci\u00f3n\u201d y que \u00abse disculpa ante todos sus fans y lamenta mucho no poder brindar su show\u00bb.<\/p>\n<p>A la vez, a d\u00edas del festival, se bajaron tambi\u00e9n\u00a0Janes&#8217; Addiction\u00a0y\u00a0King Gizzard &amp; the Lizard Wizard, quienes ya son dos artistas confirmados en al versi\u00f3n 2023 del festival.<\/p>\n<p>Como nuevas figuras, el viernes 18 de marzo tocar\u00e1\u00a0Brandi Cyrus, hermana de\u00a0Miley Cyurs, y el s\u00e1bado\u00a0Two Feet.<\/p>\n","protected":false},"excerpt":{"rendered":"<p>\u201cNo podr\u00e1 hacer llegar la carga ni el personal necesarios para su actuaci\u00f3n\u201d, rez\u00f3 un comunicado al respecto. C. Tangana\u00a0suspendi\u00f3 su show en Argentina por no poder \u00abhacer llegar la carga ni el personal necesarios para su actuaci\u00f3n\u201d, explic\u00f3 la propia organizaci\u00f3n de Lollapalooza. \u201cPor razones ajenas a Lollapalooza Argentina y habiendo recibido todo el [&hellip;]<\/p>\n","protected":false},"author":1,"featured_media":93645,"comment_status":"closed","ping_status":"closed","sticky":false,"template":"","format":"standard","meta":{"_seopress_robots_primary_cat":"","_seopress_titles_title":"","_seopress_titles_desc":"","_seopress_robots_index":"","footnotes":""},"categories":[5],"tags":[34831,34830,34829],"class_list":{"0":"post-93644","1":"post","2":"type-post","3":"status-publish","4":"format-standard","5":"has-post-thumbnail","7":"category-musica","8":"tag-c-tangana-lollapalooza","9":"tag-c-tangana-show-en-argentina","10":"tag-c-tangana-suspendio-su-show-en-argentina"},"_links":{"self":[{"href":"https:\/\/www.cordobatimes.com\/showup\/wp-json\/wp\/v2\/posts\/93644","targetHints":{"allow":["GET"]}}],"collection":[{"href":"https:\/\/www.cordobatimes.com\/showup\/wp-json\/wp\/v2\/posts"}],"about":[{"href":"https:\/\/www.cordobatimes.com\/showup\/wp-json\/wp\/v2\/types\/post"}],"author":[{"embeddable":true,"href":"https:\/\/www.cordobatimes.com\/showup\/wp-json\/wp\/v2\/users\/1"}],"replies":[{"embeddable":true,"href":"https:\/\/www.cordobatimes.com\/showup\/wp-json\/wp\/v2\/comments?post=93644"}],"version-history":[{"count":0,"href":"https:\/\/www.cordobatimes.com\/showup\/wp-json\/wp\/v2\/posts\/93644\/revisions"}],"wp:featuredmedia":[{"embeddable":true,"href":"https:\/\/www.cordobatimes.com\/showup\/wp-json\/wp\/v2\/media\/93645"}],"wp:attachment":[{"href":"https:\/\/www.cordobatimes.com\/showup\/wp-json\/wp\/v2\/media?parent=93644"}],"wp:term":[{"taxonomy":"category","embeddable":true,"href":"https:\/\/www.cordobatimes.com\/showup\/wp-json\/wp\/v2\/categories?post=93644"},{"taxonomy":"post_tag","embeddable":true,"href":"https:\/\/www.cordobatimes.com\/showup\/wp-json\/wp\/v2\/tags?post=93644"}],"curies":[{"name":"wp","href":"https:\/\/api.w.org\/{rel}","templated":true}]}}