{"id":93641,"date":"2022-03-16T11:27:18","date_gmt":"2022-03-16T14:27:18","guid":{"rendered":"https:\/\/www.cordobatimes.com\/showup\/?p=93641"},"modified":"2022-03-16T11:27:18","modified_gmt":"2022-03-16T14:27:18","slug":"fear-the-walking-dead-lanza-un-nuevo-avance-y-anticipa-el-regreso-de-un-importante-personaje","status":"publish","type":"post","link":"https:\/\/www.cordobatimes.com\/showup\/cine-y-series\/2022\/03\/16\/fear-the-walking-dead-lanza-un-nuevo-avance-y-anticipa-el-regreso-de-un-importante-personaje\/","title":{"rendered":"Fear the Walking Dead lanza un nuevo avance y anticipa el regreso de un importante personaje"},"content":{"rendered":"<h3><strong>La segunda parte de la s\u00e9ptima temporada se acerca y para ir preparando a los fans llega un trailer cargado de acci\u00f3n que adem\u00e1s adelanta el regreso de un importante personaje.<\/strong><\/h3>\n<p>Fear the Walking Dead, el exitoso spin-off de\u00a0The Walking Dead, prepara todo el terreno para el regreso de la segunda parte de la temporada 7. Para que los fans sepan que dentro de poco volver\u00e1n los nuevos episodios,\u00a0AMC\u00a0lanz\u00f3 un\u00a0espectacular trailer, el cual adelanta el\u00a0regreso de un personaje clave en la historia.<\/p>\n<p>La s\u00e9ptima temporada comenz\u00f3 demostrando las duras consecuencias del enfermizo plan de Teddy (Donald Glover). Al t\u00e9rmino de la sexta temporada Teddy, a pesar de los esfuerzos de\u00a0Morgan\u00a0(Lennie James), logr\u00f3 disparar del USS Pennsylvania un misil con ojivas nucleares, las cuales impactaron en varios objetivos, uno de ellos Texas.<\/p>\n<p>Esta situaci\u00f3n cre\u00f3 un nuevo mundo, a\u00fan m\u00e1s hostil, para\u00a0Morgan\u00a0y los dem\u00e1s supervivientes. Para sumar m\u00e1s problemas los zombies que resistieron al embate nuclear son m\u00e1s peligrosos, ya que adem\u00e1s de contener el imparable virus, tambi\u00e9n son radiactivos. Para empeorar las cosas,\u00a0V\u00edctor Strand\u00a0(Colman Domingo) se autoproclam\u00f3 gobernante de lo que queda del estado de Texas. Seg\u00fan Strand, ahora \u201ces su turno\u201d de tener el poder.<\/p>\n<p>Gracias al trailer, vemos que la\u00a0segunda mitad de la temporada\u00a0retoma tras los \u00faltimos sucesos, mostrando a\u00a0Alicia\u00a0(Alycia Debnam-Carey)\u00a0recuperarse\u00a0luego de cortar su brazo para no sucumbir al virus. Adem\u00e1s se muestran m\u00e1s detalles del \u201creino\u201d de\u00a0Strand. El plato fuerte del avance es que se revela el\u00a0regreso de Madison Davis, interpretada por la actriz\u00a0Kim Dickens.<\/p>\n<blockquote class=\"twitter-tweet\">\n<p dir=\"ltr\" lang=\"en\">First look at MADISON in Fear The Walking Dead season 7B <a href=\"https:\/\/t.co\/eFKaSLr714\">pic.twitter.com\/eFKaSLr714<\/a><\/p>\n<p>\u2014 PlanetWD (@planet_TWD) <a href=\"https:\/\/twitter.com\/planet_TWD\/status\/1503766284001030150?ref_src=twsrc%5Etfw\">March 15, 2022<\/a><\/p><\/blockquote>\n<p><script async src=\"https:\/\/platform.twitter.com\/widgets.js\" charset=\"utf-8\"><\/script><\/p>\n<p>Madison form\u00f3 parte importante de la serie desde el comienzo. En la cuarta temporada la madre de Alicia y Nick, en un acto de sacrificio atrajo a una horda de zombies y luego los incendi\u00f3 a todos. Todos pensaban que ella hab\u00eda perecido, pero no fue as\u00ed.<\/p>\n<p>Adem\u00e1s del trailer, AMC acompa\u00f1\u00f3 presentando la sinopsis oficial de la temporada, la cual cuenta: \u00ablos otros miembros del grupo han sufrido inmensamente, pero de ah\u00ed ha surgido una feroz determinaci\u00f3n de vivir, incluso si eso significa tomar la Torre de Strand por la fuerza y ??continuar la b\u00fasqueda de Padre, un m\u00edtico lugar del que nadie est\u00e1 seguro de que realmente exista\u201d.<\/p>\n<p>El regreso de Fear the Walking Dead est\u00e1 programado en AMC para el pr\u00f3ximo 18 de abril.<\/p>\n<p><iframe loading=\"lazy\" title=\"YouTube video player\" src=\"https:\/\/www.youtube.com\/embed\/f1p9tTne-g4\" width=\"560\" height=\"315\" frameborder=\"0\" allowfullscreen=\"allowfullscreen\"><\/iframe><\/p>\n","protected":false},"excerpt":{"rendered":"<p>La segunda parte de la s\u00e9ptima temporada se acerca y para ir preparando a los fans llega un trailer cargado de acci\u00f3n que adem\u00e1s adelanta el regreso de un importante personaje. Fear the Walking Dead, el exitoso spin-off de\u00a0The Walking Dead, prepara todo el terreno para el regreso de la segunda parte de la temporada [&hellip;]<\/p>\n","protected":false},"author":1,"featured_media":93642,"comment_status":"closed","ping_status":"closed","sticky":false,"template":"","format":"standard","meta":{"_seopress_robots_primary_cat":"","_seopress_titles_title":"","_seopress_titles_desc":"","_seopress_robots_index":"","footnotes":""},"categories":[3],"tags":[34827,19528,34828,19527],"class_list":{"0":"post-93641","1":"post","2":"type-post","3":"status-publish","4":"format-standard","5":"has-post-thumbnail","7":"category-cine-y-series","8":"tag-avance-de-fear-the-walking-dead","9":"tag-fear-the-walking-dead","10":"tag-spin-off-de-the-walking-dead","11":"tag-the-walking-dead-y-fear-the-walking-dead"},"_links":{"self":[{"href":"https:\/\/www.cordobatimes.com\/showup\/wp-json\/wp\/v2\/posts\/93641","targetHints":{"allow":["GET"]}}],"collection":[{"href":"https:\/\/www.cordobatimes.com\/showup\/wp-json\/wp\/v2\/posts"}],"about":[{"href":"https:\/\/www.cordobatimes.com\/showup\/wp-json\/wp\/v2\/types\/post"}],"author":[{"embeddable":true,"href":"https:\/\/www.cordobatimes.com\/showup\/wp-json\/wp\/v2\/users\/1"}],"replies":[{"embeddable":true,"href":"https:\/\/www.cordobatimes.com\/showup\/wp-json\/wp\/v2\/comments?post=93641"}],"version-history":[{"count":0,"href":"https:\/\/www.cordobatimes.com\/showup\/wp-json\/wp\/v2\/posts\/93641\/revisions"}],"wp:featuredmedia":[{"embeddable":true,"href":"https:\/\/www.cordobatimes.com\/showup\/wp-json\/wp\/v2\/media\/93642"}],"wp:attachment":[{"href":"https:\/\/www.cordobatimes.com\/showup\/wp-json\/wp\/v2\/media?parent=93641"}],"wp:term":[{"taxonomy":"category","embeddable":true,"href":"https:\/\/www.cordobatimes.com\/showup\/wp-json\/wp\/v2\/categories?post=93641"},{"taxonomy":"post_tag","embeddable":true,"href":"https:\/\/www.cordobatimes.com\/showup\/wp-json\/wp\/v2\/tags?post=93641"}],"curies":[{"name":"wp","href":"https:\/\/api.w.org\/{rel}","templated":true}]}}