{"id":93528,"date":"2022-03-12T11:21:16","date_gmt":"2022-03-12T14:21:16","guid":{"rendered":"https:\/\/www.cordobatimes.com\/showup\/?p=93528"},"modified":"2022-03-12T11:21:23","modified_gmt":"2022-03-12T14:21:23","slug":"paulo-londra-firmo-una-nueva-asociacion-con-warner-music-latina","status":"publish","type":"post","link":"https:\/\/www.cordobatimes.com\/showup\/musica\/2022\/03\/12\/paulo-londra-firmo-una-nueva-asociacion-con-warner-music-latina\/","title":{"rendered":"Paulo Londra firm\u00f3 una nueva asociaci\u00f3n con Warner Music Latina"},"content":{"rendered":"<h3><strong>Despu\u00e9s de solucionar su conflicto discogr\u00e1fico, el popular artista cordob\u00e9s pudo firmar un contrato.<\/strong><\/h3>\n<p>La lucha fue larga y dif\u00edcil. Debi\u00f3 renunciar a grabar canciones nuevas. Esper\u00f3, gan\u00f3 y ahora comienza a ver los frutos de su paciencia.\u00a0Paulo Londra, luego de a\u00f1os sin poder lanzar material por su batalla legal con\u00a0Big Ligas, firm\u00f3\u00a0con la multinacional\u00a0Warner Music Latina.<\/p>\n<p><img alt=\"\" loading=\"lazy\" decoding=\"async\" class=\"alignnone size-medium wp-image-93530\" src=\"https:\/\/www.cordobatimes.com\/showup\/wp-content\/uploads\/2022\/03\/paulo-warner-644x420.jpg\" alt=\"\" width=\"644\" height=\"420\" srcset=\"https:\/\/www.cordobatimes.com\/showup\/wp-content\/uploads\/2022\/03\/paulo-warner-644x420.jpg 644w, https:\/\/www.cordobatimes.com\/showup\/wp-content\/uploads\/2022\/03\/paulo-warner-768x501.jpg 768w, https:\/\/www.cordobatimes.com\/showup\/wp-content\/uploads\/2022\/03\/paulo-warner-696x454.jpg 696w, https:\/\/www.cordobatimes.com\/showup\/wp-content\/uploads\/2022\/03\/paulo-warner.jpg 888w\" sizes=\"auto, (max-width: 644px) 100vw, 644px\" \/><\/p>\n<p>El m\u00fasico cordob\u00e9s firm\u00f3 un acuerdo en la sede de la compa\u00f1\u00eda en Miami Beach, con la presencia de su familia, el equipo discogr\u00e1fico y el presidente del sello, Alejandro Duque.<\/p>\n<p>Esta\u00a0nueva asociacio\u0301n ser\u00e1 para sus pro\u0301ximos lanzamientos, centra\u0301ndose en la expansio\u0301n musical del artista y su contribucio\u0301n al ge\u0301nero de la m\u00fasica urbana, rap, freestyle y pop.<\/p>\n<p>\u00abYa pas\u00e9 las malas; estoy muy contento\u00bb<br \/>\n\u201cEstoy muy contento por esta nueva etapa. Espere\u0301 y pase\u0301 por mucho para poder hacer lo que amo, asi\u0301 que ya pase las malas, me tocan las buenas, por eso empece\u0301 a disfrutar\u00bb, expreso\u0301 Paulo Londra.<\/p>\n<p>Seg\u00fan comparti\u00f3\u0301 Alejandro Duque, presidente de Warner Music Latino America: \u201cEstamos felices de que Paulo nos haya elegido para esta nueva etapa. Paulo estuvo a la vanguardia desde el inicio de su carrera y con su mu\u0301sica ha cautivado audiencias globales. Estamos convencidos que lo mejor de Paulo esta\u0301 au\u0301n por venir y estamos orgullosos de ser parte de este momento y juntos llevar la mu\u0301sica de Paulo Londra a la escena global\u201d,<\/p>\n<p><img alt=\"\" loading=\"lazy\" decoding=\"async\" class=\"alignnone wp-image-93531 size-full\" src=\"https:\/\/www.cordobatimes.com\/showup\/wp-content\/uploads\/2022\/03\/paulo-warner-1.jpg\" alt=\"\" width=\"772\" height=\"587\" srcset=\"https:\/\/www.cordobatimes.com\/showup\/wp-content\/uploads\/2022\/03\/paulo-warner-1.jpg 772w, https:\/\/www.cordobatimes.com\/showup\/wp-content\/uploads\/2022\/03\/paulo-warner-1-552x420.jpg 552w, https:\/\/www.cordobatimes.com\/showup\/wp-content\/uploads\/2022\/03\/paulo-warner-1-768x584.jpg 768w, https:\/\/www.cordobatimes.com\/showup\/wp-content\/uploads\/2022\/03\/paulo-warner-1-696x529.jpg 696w, https:\/\/www.cordobatimes.com\/showup\/wp-content\/uploads\/2022\/03\/paulo-warner-1-80x60.jpg 80w\" sizes=\"auto, (max-width: 772px) 100vw, 772px\" \/><\/p>\n","protected":false},"excerpt":{"rendered":"<p>Despu\u00e9s de solucionar su conflicto discogr\u00e1fico, el popular artista cordob\u00e9s pudo firmar un contrato. La lucha fue larga y dif\u00edcil. Debi\u00f3 renunciar a grabar canciones nuevas. Esper\u00f3, gan\u00f3 y ahora comienza a ver los frutos de su paciencia.\u00a0Paulo Londra, luego de a\u00f1os sin poder lanzar material por su batalla legal con\u00a0Big Ligas, firm\u00f3\u00a0con la multinacional\u00a0Warner [&hellip;]<\/p>\n","protected":false},"author":1,"featured_media":93529,"comment_status":"closed","ping_status":"closed","sticky":false,"template":"","format":"standard","meta":{"_seopress_robots_primary_cat":"","_seopress_titles_title":"","_seopress_titles_desc":"","_seopress_robots_index":"","footnotes":""},"categories":[5],"tags":[34764,34766,34763,34765],"class_list":{"0":"post-93528","1":"post","2":"type-post","3":"status-publish","4":"format-standard","5":"has-post-thumbnail","7":"category-musica","8":"tag-paulo-londra-batalla-legal-con-big-ligas","9":"tag-paulo-londra-warner-music-latina","10":"tag-paulo-londra-warner-music-latino-america","11":"tag-warner-music-latina"},"_links":{"self":[{"href":"https:\/\/www.cordobatimes.com\/showup\/wp-json\/wp\/v2\/posts\/93528","targetHints":{"allow":["GET"]}}],"collection":[{"href":"https:\/\/www.cordobatimes.com\/showup\/wp-json\/wp\/v2\/posts"}],"about":[{"href":"https:\/\/www.cordobatimes.com\/showup\/wp-json\/wp\/v2\/types\/post"}],"author":[{"embeddable":true,"href":"https:\/\/www.cordobatimes.com\/showup\/wp-json\/wp\/v2\/users\/1"}],"replies":[{"embeddable":true,"href":"https:\/\/www.cordobatimes.com\/showup\/wp-json\/wp\/v2\/comments?post=93528"}],"version-history":[{"count":0,"href":"https:\/\/www.cordobatimes.com\/showup\/wp-json\/wp\/v2\/posts\/93528\/revisions"}],"wp:featuredmedia":[{"embeddable":true,"href":"https:\/\/www.cordobatimes.com\/showup\/wp-json\/wp\/v2\/media\/93529"}],"wp:attachment":[{"href":"https:\/\/www.cordobatimes.com\/showup\/wp-json\/wp\/v2\/media?parent=93528"}],"wp:term":[{"taxonomy":"category","embeddable":true,"href":"https:\/\/www.cordobatimes.com\/showup\/wp-json\/wp\/v2\/categories?post=93528"},{"taxonomy":"post_tag","embeddable":true,"href":"https:\/\/www.cordobatimes.com\/showup\/wp-json\/wp\/v2\/tags?post=93528"}],"curies":[{"name":"wp","href":"https:\/\/api.w.org\/{rel}","templated":true}]}}