{"id":93470,"date":"2022-03-09T17:51:16","date_gmt":"2022-03-09T20:51:16","guid":{"rendered":"https:\/\/www.cordobatimes.com\/showup\/?p=93470"},"modified":"2022-03-09T17:51:16","modified_gmt":"2022-03-09T20:51:16","slug":"el-indio-solari-hablo-sobre-su-lucha-contra-el-parkinson","status":"publish","type":"post","link":"https:\/\/www.cordobatimes.com\/showup\/famosos\/2022\/03\/09\/el-indio-solari-hablo-sobre-su-lucha-contra-el-parkinson\/","title":{"rendered":"El Indio Solari habl\u00f3 sobre su lucha contra el Parkinson"},"content":{"rendered":"<h3><strong>El cantante de 73 a\u00f1os le concedi\u00f3 una entrevista al reconocido locutor espa\u00f1ol Mariskal Romero, en donde tambi\u00e9n se refiri\u00f3 a la vigencia de su m\u00fasica<\/strong><\/h3>\n<p>De muy bajo perfil y pocas palabras, el\u00a0Indio Solari\u00a0no es una figura que se caracterice por brindar entrevistas. Pero en ocasiones hace excepciones y, en esta oportunidad, se tom\u00f3 un tiempo para dialogar con el\u00a0Mariskal Romero\u00a0en\u00a0Rock FM, una reconocida cadena de radio espa\u00f1ola. All\u00ed no solo habl\u00f3 de su carrera, sino que tambi\u00e9n se refiri\u00f3 a la enfermedad de Parkinson, que lo afecta desde hace a\u00f1os.<\/p>\n<p>\u201cEs una enfermedad muy jodida, muy invalidante, voy camino a eso&#8230;se nota la progresi\u00f3n, el \u00e9xito que va teniendo el profesor Parkinson con mi vida. Pero tambi\u00e9n tengo la posibilidad de hacerme un tratamiento\u00a0que me mantiene&#8230;yo estoy en ascensi\u00f3n hace como siete a\u00f1os ya\u201d, comenz\u00f3 expresando el m\u00fasico de 73 a\u00f1os, que pr\u00f3ximamente desembarcar\u00e1 por primera vez con\u00a0Los Fundamentalistas del Aire Acondicionado\u00a0en el pa\u00eds ib\u00e9rico a fines de marzo de este a\u00f1o.<\/p>\n<p>Y agreg\u00f3: \u201cEn general la gran pregunta que me hago es c\u00f3mo hace&#8230;porque todo el todo tiempo jode, est\u00e1s contracturado.\u00a0A m\u00ed no se me da por temblar, me agarra como una contractura que quedo como un enano de yeso.\u00a0Pero me imagino y me emociona eso tambi\u00e9n porque es una de las problem\u00e1ticas sociales, lo que pasa con un tipo que tiene la misma enfermedad que yo y no tiene ni kinesi\u00f3logo, ni la apomorfina, ni la pileta con agua tibia para hacer su gimnasia de elongaci\u00f3n. Debe ser un padecimiento infinitamente mayor y encima creo que en un par de a\u00f1os se lo lleva\u201d.<\/p>\n<p>En tanto, tambi\u00e9n fue consultado sobre si esta enfermedad lo afecta neuronalmente. \u201cLos amigos me dicen que estoy bien\u201d, lanz\u00f3 entre risas. Y ya en tono m\u00e1s serio, continu\u00f3: \u201cYo sinceramente me siento bien, inclusive me abstraigo mucho del trabajo, estoy pintando, escribiendo y mucho, porque es la manera de apartarme del dolor permanente\u00a0de esas contracturas que el cuerpo tiene, abstra\u00eddo en esas cosas.\u00a0Ahora, cuando dejo de hacerlas, en los horarios de descanso, se viene el golpe. No es sopita, es una enfermedad jodida. Pero por el momento no me impide en absoluto hacer lo que a m\u00ed me interesa, me gusta y lo que decid\u00ed hacer hace 40, 50 a\u00f1os\u201d.<\/p>\n<p>Por otra parte, el tambi\u00e9n creador de\u00a0Patricio Rey y sus Redonditos de Ricota\u00a0habl\u00f3 sobre la vigencia de su m\u00fasica.\u00a0\u201cEn este momento hay una movida bastante importante entre los youtubers, que se han entusiasmado con las im\u00e1genes que hay de Tandil, de Olavarr\u00eda, donde hubo una cantidad de gente incomprensible para m\u00ed. Uno nunca sabe por qu\u00e9 suceden estos fen\u00f3menos\u201d, se\u00f1al\u00f3. Y explic\u00f3: \u201cLo m\u00edo ha sido una bala de combate, no de entretenimiento. Est\u00e1 determinado por circunstancias de una pol\u00edtica que no es la partidaria, ni mucho menos, sino la del \u00e9xtasis, que viene de los a\u00f1os 60, donde los j\u00f3venes se levantaron contraculturalmente y me parece que eso ha dejado una marca importante\u201d.<\/p>\n<p>\u201c\u00bfVen\u00eds un poco de la cultura hippie?\u201d, le pregunt\u00f3 el conductor. A lo que \u00e9l respondi\u00f3: \u201cS\u00ed, pero hay un hippie que pintan los medios, que es un pel&#8230;que hace la propaganda de alg\u00fan perfume, de un coche, y no tiene nada que ver con eso. La gente ha sido desinformada siempre por los medios de todo lo que es popular y que tiene un acento importante en su cr\u00edtica social. A m\u00ed me ha tocado pelear en contra de eso porque cuando sos independiente no ten\u00e9s ning\u00fan palenque donde rascarte\u201d. Y cerr\u00f3:\u00a0\u201cLa derecha me acusa muchas veces de que soy un millonario de izquierda, pero cuando hace una producci\u00f3n independiente tiene que poder luchar contra el poder tambi\u00e9n, porque sino te talan y te dejan seco\u201d.<\/p>\n<p><iframe loading=\"lazy\" title=\"YouTube video player\" src=\"https:\/\/www.youtube.com\/embed\/iu5pX580A3o\" width=\"560\" height=\"315\" frameborder=\"0\" allowfullscreen=\"allowfullscreen\"><\/iframe><\/p>\n","protected":false},"excerpt":{"rendered":"<p>El cantante de 73 a\u00f1os le concedi\u00f3 una entrevista al reconocido locutor espa\u00f1ol Mariskal Romero, en donde tambi\u00e9n se refiri\u00f3 a la vigencia de su m\u00fasica De muy bajo perfil y pocas palabras, el\u00a0Indio Solari\u00a0no es una figura que se caracterice por brindar entrevistas. Pero en ocasiones hace excepciones y, en esta oportunidad, se tom\u00f3 [&hellip;]<\/p>\n","protected":false},"author":1,"featured_media":93471,"comment_status":"closed","ping_status":"closed","sticky":false,"template":"","format":"standard","meta":{"_seopress_robots_primary_cat":"","_seopress_titles_title":"","_seopress_titles_desc":"","_seopress_robots_index":"","footnotes":""},"categories":[4],"tags":[34726,34725],"class_list":{"0":"post-93470","1":"post","2":"type-post","3":"status-publish","4":"format-standard","5":"has-post-thumbnail","7":"category-famosos","8":"tag-entrevista-del-indio-solari-en-rock-fm","9":"tag-indio-solari-parkinson"},"_links":{"self":[{"href":"https:\/\/www.cordobatimes.com\/showup\/wp-json\/wp\/v2\/posts\/93470","targetHints":{"allow":["GET"]}}],"collection":[{"href":"https:\/\/www.cordobatimes.com\/showup\/wp-json\/wp\/v2\/posts"}],"about":[{"href":"https:\/\/www.cordobatimes.com\/showup\/wp-json\/wp\/v2\/types\/post"}],"author":[{"embeddable":true,"href":"https:\/\/www.cordobatimes.com\/showup\/wp-json\/wp\/v2\/users\/1"}],"replies":[{"embeddable":true,"href":"https:\/\/www.cordobatimes.com\/showup\/wp-json\/wp\/v2\/comments?post=93470"}],"version-history":[{"count":0,"href":"https:\/\/www.cordobatimes.com\/showup\/wp-json\/wp\/v2\/posts\/93470\/revisions"}],"wp:featuredmedia":[{"embeddable":true,"href":"https:\/\/www.cordobatimes.com\/showup\/wp-json\/wp\/v2\/media\/93471"}],"wp:attachment":[{"href":"https:\/\/www.cordobatimes.com\/showup\/wp-json\/wp\/v2\/media?parent=93470"}],"wp:term":[{"taxonomy":"category","embeddable":true,"href":"https:\/\/www.cordobatimes.com\/showup\/wp-json\/wp\/v2\/categories?post=93470"},{"taxonomy":"post_tag","embeddable":true,"href":"https:\/\/www.cordobatimes.com\/showup\/wp-json\/wp\/v2\/tags?post=93470"}],"curies":[{"name":"wp","href":"https:\/\/api.w.org\/{rel}","templated":true}]}}