{"id":93439,"date":"2022-03-08T12:07:21","date_gmt":"2022-03-08T15:07:21","guid":{"rendered":"https:\/\/www.cordobatimes.com\/showup\/?p=93439"},"modified":"2022-03-08T12:07:21","modified_gmt":"2022-03-08T15:07:21","slug":"fito-paez-se-inspira-en-roberto-arlt-para-crear-un-album-instrumental","status":"publish","type":"post","link":"https:\/\/www.cordobatimes.com\/showup\/musica\/2022\/03\/08\/fito-paez-se-inspira-en-roberto-arlt-para-crear-un-album-instrumental\/","title":{"rendered":"Fito P\u00e1ez se inspira en Roberto Arlt para crear un \u00e1lbum instrumental"},"content":{"rendered":"<h3><strong>P\u00e1ez gest\u00f3 la idea del \u00e1lbum en 1995, cuando Julio Bocca le propuso integrar un espect\u00e1culo de danza y m\u00fasica sobre tango, folclore argentino y rock, un proyecto que finalmente se frustr\u00f3.<\/strong><\/h3>\n<p>Fito P\u00e1ez\u00a0ha lanzado este viernes \u00abFuturolog\u00eda Arlt\u00bb, un trabajo instrumental en el que ha plasmado su particular interpretaci\u00f3n de la obra literaria del escritor argentino Roberto Arlt (1900-1942).<\/p>\n<p>Seg\u00fan apunta el cantautor argentino en un comunicado de Sony Music, para crear la m\u00fasica de este disco se ha basado en la novela \u00abLos siete locos\u00bb (1929), de Arlt, con la idea de plasmar el existencialismo o la percepci\u00f3n de la sociedad que el escritor plante\u00f3 en su obra.<\/p>\n<p>P\u00e1ez gest\u00f3 la idea del \u00e1lbum en 1995, cuando Julio Bocca le propuso integrar un espect\u00e1culo de danza y m\u00fasica sobre tango, folclore argentino y rock, un proyecto que finalmente se frustr\u00f3.<\/p>\n<p>La idea de trabajar sobre el libro de Arlt se le qued\u00f3 y la recuper\u00f3 en 2020, cuando empez\u00f3 a plantearse un proyecto multidisciplinar que abarcara estilos como la danza o la pintura y que el m\u00fasico argentino tiene la intenci\u00f3n de \u00abllevar a cabo cuando la pandemia nos lo permita\u00bb, seg\u00fan ha apuntado en el comunicado.<\/p>\n<p>De momento ha creado 22 canciones para \u00abFuturolog\u00eda Arlt\u00bb, que es el segundo \u00e1lbum de una trilog\u00eda que inici\u00f3 en 2021 con \u00abLos a\u00f1os salvajes\u00bb y que se cerrar\u00e1 seg\u00fan precisa el comunicado, con \u00abThe Golden Light\u00bb, que recoger\u00e1 canciones in\u00e9ditas a piano y voz.<\/p>\n<p>Un disco realizado con la colaboraci\u00f3n del director de orquesta\u00a0Ezequiel Silberstein\u00a0y grabado por la Orquesta Sinf\u00f3nica Nacional Checa, con producci\u00f3n de Diego Olivero y Gustavo Borner.<\/p>\n<p>&nbsp;<\/p>\n<figure class=\"main-new-media\">\n<div class=\"aspect-16-9 blured\"><\/div>\n<\/figure>\n","protected":false},"excerpt":{"rendered":"<p>P\u00e1ez gest\u00f3 la idea del \u00e1lbum en 1995, cuando Julio Bocca le propuso integrar un espect\u00e1culo de danza y m\u00fasica sobre tango, folclore argentino y rock, un proyecto que finalmente se frustr\u00f3. Fito P\u00e1ez\u00a0ha lanzado este viernes \u00abFuturolog\u00eda Arlt\u00bb, un trabajo instrumental en el que ha plasmado su particular interpretaci\u00f3n de la obra literaria del [&hellip;]<\/p>\n","protected":false},"author":1,"featured_media":93440,"comment_status":"closed","ping_status":"closed","sticky":false,"template":"","format":"standard","meta":{"_seopress_robots_primary_cat":"","_seopress_titles_title":"","_seopress_titles_desc":"","_seopress_robots_index":"","footnotes":""},"categories":[5],"tags":[34712,34711,34710],"class_list":{"0":"post-93439","1":"post","2":"type-post","3":"status-publish","4":"format-standard","5":"has-post-thumbnail","7":"category-musica","8":"tag-fito-paez-album-instrumental","9":"tag-fito-paez-roberto-arlt","10":"tag-fito-paez-se-inspira-en-roberto-arlt"},"_links":{"self":[{"href":"https:\/\/www.cordobatimes.com\/showup\/wp-json\/wp\/v2\/posts\/93439","targetHints":{"allow":["GET"]}}],"collection":[{"href":"https:\/\/www.cordobatimes.com\/showup\/wp-json\/wp\/v2\/posts"}],"about":[{"href":"https:\/\/www.cordobatimes.com\/showup\/wp-json\/wp\/v2\/types\/post"}],"author":[{"embeddable":true,"href":"https:\/\/www.cordobatimes.com\/showup\/wp-json\/wp\/v2\/users\/1"}],"replies":[{"embeddable":true,"href":"https:\/\/www.cordobatimes.com\/showup\/wp-json\/wp\/v2\/comments?post=93439"}],"version-history":[{"count":0,"href":"https:\/\/www.cordobatimes.com\/showup\/wp-json\/wp\/v2\/posts\/93439\/revisions"}],"wp:featuredmedia":[{"embeddable":true,"href":"https:\/\/www.cordobatimes.com\/showup\/wp-json\/wp\/v2\/media\/93440"}],"wp:attachment":[{"href":"https:\/\/www.cordobatimes.com\/showup\/wp-json\/wp\/v2\/media?parent=93439"}],"wp:term":[{"taxonomy":"category","embeddable":true,"href":"https:\/\/www.cordobatimes.com\/showup\/wp-json\/wp\/v2\/categories?post=93439"},{"taxonomy":"post_tag","embeddable":true,"href":"https:\/\/www.cordobatimes.com\/showup\/wp-json\/wp\/v2\/tags?post=93439"}],"curies":[{"name":"wp","href":"https:\/\/api.w.org\/{rel}","templated":true}]}}