{"id":93396,"date":"2022-03-02T11:53:35","date_gmt":"2022-03-02T14:53:35","guid":{"rendered":"https:\/\/www.cordobatimes.com\/showup\/?p=93396"},"modified":"2022-03-02T11:53:35","modified_gmt":"2022-03-02T14:53:35","slug":"cineastas-y-productores-rusos-piden-que-no-los-veten-de-los-festivales","status":"publish","type":"post","link":"https:\/\/www.cordobatimes.com\/showup\/cine-y-series\/2022\/03\/02\/cineastas-y-productores-rusos-piden-que-no-los-veten-de-los-festivales\/","title":{"rendered":"Cineastas y productores rusos piden que no los veten de los festivales"},"content":{"rendered":"<h3><strong>\u201cEuropa est\u00e1 silenciando otras voces de protesta\u201d<\/strong><\/h3>\n<p>Los ciudadanos rusos est\u00e1n comenzando a sufrir los efectos de la guerra. Poco a poco, las sanciones impuestas contra el Presidente Vladimir Putin est\u00e1n llevando a la econom\u00eda rusa al borde del abismo. Horas despu\u00e9s de que la FIFA expulsara al pa\u00eds del mundial de Qatar, y tras conocerse que otros deportes prohibir\u00e1n la competencia de equipos y atletas de dicha nacionalidad, miembros de la industria del cine piden que no se veten los films producidos en Rusia.<\/p>\n<p>\u201cLa necesidad de que Europa haga una clara declaraci\u00f3n contra la guerra es comprensible y necesaria. Sin embargo,\u00a0prohibir a todos los rusos la entrada a los principales eventos culturales no solo es in\u00fatil, sino que es perjudicial\u201d, dijo un productor ruso a la revista\u00a0Variety.<\/p>\n<p>\u201cCientos y miles de trabajadores rusos de la cultura han discrepado abiertamente de la decisi\u00f3n del gobierno de iniciar una guerra:\u00a0condenan sus acciones, van a las protestas, apoyan a Ucrania, se arriesgan a ser condenados por traici\u00f3n. Casi todos ellos no votaron a Putin\u201d, agreg\u00f3.<\/p>\n<p>\u201cAl prohibir la entrada de estas personas a los eventos internacionales,\u00a0Europa est\u00e1 silenciando la voz de protesta rusa, aislando a las personas que quieren detener la guerra junto con las que quieren intensificarla\u201d, culmina el mensaje, que habla en nombre de muchos realizadores nacidos en Rusia.<\/p>\n<p>La Academia de Cine de Ucrania pidi\u00f3, hace unos d\u00edas, un boicot internacional al cine ruso, instando a las instituciones paneuropeas a excluir al pa\u00eds de instrumentos financieros como el fondo Eurimages del Consejo de Europa. Al mismo tiempo ped\u00eda a\u00a0productores, distribuidores y festivales de cine\u00a0que rechazaran \u201cla cultura del Estado agresor, que desat\u00f3 una guerra injustificada y no provocada en Europa Central\u201d.<\/p>\n<p>\u201cIncluso la propia presencia de pel\u00edculas rusas en el programa de los festivales de cine del mundo crea la ilusi\u00f3n de que Rusia participa en los valores del mundo civilizado\u201d, aseguraban en un texto que publicaron en la web. Los cineastas ucranianos tambi\u00e9n decidieron ofrecer su mirada sobre el conflicto y la realidad que enfrentan. Anna Manchukh, directora de la Academia de Cine de Ucrania, dijo que:\u00a0\u201cRusia ha llegado a un punto de no retorno. Estas acciones son imperdonables y nunca ser\u00e1n olvidadas\u201d.<\/p>\n<p>Por su parte, cineastas de ese pa\u00eds como Oleh Sentsov, Maryna Er Gorbach o Iryna Tsilyk se unieron para\u00a0solicitar ayuda internacional para Ucrania definiendo la invasi\u00f3n como la avanzada de la \u201ctiran\u00eda\u201d.<\/p>\n<p>A pesar de todo esto, las consecuencias de la guerra est\u00e1n comenzando a impactar en el mundo del espect\u00e1culo. El domingo, Series Mania anunci\u00f3 que el organismo de promoci\u00f3n cinematogr\u00e1fica de Rusia, Roskino, respaldado por el Estado, no podr\u00e1 participar en\u00a0la muestra internacional de televisi\u00f3n que se celebrar\u00e1 a finales de este mes en Lille, donde se esperaba que presentara una serie de dramas rusos.<\/p>\n<p>Por otro lado, el organizador de MipTV, RX, dijo el martes que seguir\u00eda \u201clas sanciones y pol\u00edticas gubernamentales en cada territorio en el que opera\u201d, descartando de hecho la presencia rusa en el evento de abril en Cannes. El organismo brit\u00e1nico Pact tambi\u00e9n pidi\u00f3 a sus miembros que\u00a0suspendieran toda cooperaci\u00f3n y comercio con Rusia.<\/p>\n<p>El\u00a0Festival de Cine de Estocolmo anunci\u00f3 que no proyectar\u00e1 ninguna pel\u00edcula rusa financiada por el Estado en el festival de este a\u00f1o, al menos mientras dure el actual conflicto b\u00e9lico. Por su parte, el Festival de Cine de Glasgow dijo que hab\u00eda retirado dos t\u00edtulos rusos de su programa de 2022, aclarando que la decisi\u00f3n no era debido a la opini\u00f3n de los realizadores de dichos largometrajes, sino porque creen\u00a0\u201cinapropiado\u201d realizar las proyecciones bajo el contexto actual.<\/p>\n","protected":false},"excerpt":{"rendered":"<p>\u201cEuropa est\u00e1 silenciando otras voces de protesta\u201d Los ciudadanos rusos est\u00e1n comenzando a sufrir los efectos de la guerra. Poco a poco, las sanciones impuestas contra el Presidente Vladimir Putin est\u00e1n llevando a la econom\u00eda rusa al borde del abismo. Horas despu\u00e9s de que la FIFA expulsara al pa\u00eds del mundial de Qatar, y tras [&hellip;]<\/p>\n","protected":false},"author":1,"featured_media":93397,"comment_status":"closed","ping_status":"closed","sticky":false,"template":"","format":"standard","meta":{"_seopress_robots_primary_cat":"","_seopress_titles_title":"","_seopress_titles_desc":"","_seopress_robots_index":"","footnotes":""},"categories":[3],"tags":[34674,34598],"class_list":{"0":"post-93396","1":"post","2":"type-post","3":"status-publish","4":"format-standard","5":"has-post-thumbnail","7":"category-cine-y-series","8":"tag-cineastas-y-productores-rusos-festivales","9":"tag-guerra-entre-ucrania-y-rusia"},"_links":{"self":[{"href":"https:\/\/www.cordobatimes.com\/showup\/wp-json\/wp\/v2\/posts\/93396","targetHints":{"allow":["GET"]}}],"collection":[{"href":"https:\/\/www.cordobatimes.com\/showup\/wp-json\/wp\/v2\/posts"}],"about":[{"href":"https:\/\/www.cordobatimes.com\/showup\/wp-json\/wp\/v2\/types\/post"}],"author":[{"embeddable":true,"href":"https:\/\/www.cordobatimes.com\/showup\/wp-json\/wp\/v2\/users\/1"}],"replies":[{"embeddable":true,"href":"https:\/\/www.cordobatimes.com\/showup\/wp-json\/wp\/v2\/comments?post=93396"}],"version-history":[{"count":0,"href":"https:\/\/www.cordobatimes.com\/showup\/wp-json\/wp\/v2\/posts\/93396\/revisions"}],"wp:featuredmedia":[{"embeddable":true,"href":"https:\/\/www.cordobatimes.com\/showup\/wp-json\/wp\/v2\/media\/93397"}],"wp:attachment":[{"href":"https:\/\/www.cordobatimes.com\/showup\/wp-json\/wp\/v2\/media?parent=93396"}],"wp:term":[{"taxonomy":"category","embeddable":true,"href":"https:\/\/www.cordobatimes.com\/showup\/wp-json\/wp\/v2\/categories?post=93396"},{"taxonomy":"post_tag","embeddable":true,"href":"https:\/\/www.cordobatimes.com\/showup\/wp-json\/wp\/v2\/tags?post=93396"}],"curies":[{"name":"wp","href":"https:\/\/api.w.org\/{rel}","templated":true}]}}