{"id":93353,"date":"2022-03-01T11:35:47","date_gmt":"2022-03-01T14:35:47","guid":{"rendered":"https:\/\/www.cordobatimes.com\/showup\/?p=93353"},"modified":"2022-03-01T11:35:47","modified_gmt":"2022-03-01T14:35:47","slug":"ana-la-hija-de-pampita-de-siete-meses-le-dijo-mama-por-primera-vez","status":"publish","type":"post","link":"https:\/\/www.cordobatimes.com\/showup\/famosos\/2022\/03\/01\/ana-la-hija-de-pampita-de-siete-meses-le-dijo-mama-por-primera-vez\/","title":{"rendered":"Ana, la hija de Pampita de siete meses le dijo \u201cmam\u00e1\u201d por primera vez"},"content":{"rendered":"<h3><strong>Ana Garc\u00eda Morit\u00e1n sorprendi\u00f3 a la modelo, quien hoy tambi\u00e9n festeja el cumplea\u00f1os de su hijo mayor, Bautista Vicu\u00f1a.<\/strong><\/h3>\n<p>Cualquier avance de un hijo es motivo de orgullo para su mam\u00e1. En especial, cuando dicen las primeras palabras. As\u00ed le sucedi\u00f3 a\u00a0Carolina\u00a0Pampita\u00a0Ardohain, que est\u00e1 completamente embelesada ante cada progreso que hace\u00a0Ana, la peque\u00f1a de siete meses que tuvo con su actual marido,\u00a0Roberto Garc\u00eda Morit\u00e1n.<\/p>\n<p>En este sentido, la beba fue filmada en un momento muy especial: a upa de la modelo,\u00a0se la escuch\u00f3 decir \u201cmam\u00e1\u201d, ante la sorpresa de todos los \u00edntimos que tuvieron la fortuna de presenciarlo. Apenas balbuce\u00f3 la primera s\u00edlaba, la ex jurado de\u00a0La Academia\u00a0le pregunt\u00f3:\u00a0\u201c\u00bfC\u00f3mo es?\u201d. \u201cMam\u00e1\u201d, respondi\u00f3 Anita, y desat\u00f3 la euforia y los aplausos de quienes estaban a su alrededor.<\/p>\n<div style=\"width: 480px;\" class=\"wp-video\"><video class=\"wp-video-shortcode\" id=\"video-93353-1\" width=\"480\" height=\"854\" preload=\"metadata\" controls=\"controls\"><source type=\"video\/mp4\" src=\"https:\/\/www.cordobatimes.com\/showup\/wp-content\/uploads\/2022\/03\/anagarciamoritan_275024577_663018241683922_6081248697197392907_n.mp4?_=1\" \/><a href=\"https:\/\/www.cordobatimes.com\/showup\/wp-content\/uploads\/2022\/03\/anagarciamoritan_275024577_663018241683922_6081248697197392907_n.mp4\">https:\/\/www.cordobatimes.com\/showup\/wp-content\/uploads\/2022\/03\/anagarciamoritan_275024577_663018241683922_6081248697197392907_n.mp4<\/a><\/video><\/div>\n<div style=\"width: 480px;\" class=\"wp-video\"><video class=\"wp-video-shortcode\" id=\"video-93353-2\" width=\"480\" height=\"854\" preload=\"metadata\" controls=\"controls\"><source type=\"video\/mp4\" src=\"https:\/\/www.cordobatimes.com\/showup\/wp-content\/uploads\/2022\/03\/anagarciamoritan_274857756_347644953916091_2351777070742158747_n.mp4?_=2\" \/><a href=\"https:\/\/www.cordobatimes.com\/showup\/wp-content\/uploads\/2022\/03\/anagarciamoritan_274857756_347644953916091_2351777070742158747_n.mp4\">https:\/\/www.cordobatimes.com\/showup\/wp-content\/uploads\/2022\/03\/anagarciamoritan_274857756_347644953916091_2351777070742158747_n.mp4<\/a><\/video><\/div>\n","protected":false},"excerpt":{"rendered":"<p>Ana Garc\u00eda Morit\u00e1n sorprendi\u00f3 a la modelo, quien hoy tambi\u00e9n festeja el cumplea\u00f1os de su hijo mayor, Bautista Vicu\u00f1a. Cualquier avance de un hijo es motivo de orgullo para su mam\u00e1. En especial, cuando dicen las primeras palabras. As\u00ed le sucedi\u00f3 a\u00a0Carolina\u00a0Pampita\u00a0Ardohain, que est\u00e1 completamente embelesada ante cada progreso que hace\u00a0Ana, la peque\u00f1a de siete [&hellip;]<\/p>\n","protected":false},"author":1,"featured_media":93354,"comment_status":"closed","ping_status":"closed","sticky":false,"template":"","format":"standard","meta":{"_seopress_robots_primary_cat":"","_seopress_titles_title":"","_seopress_titles_desc":"","_seopress_robots_index":"","footnotes":""},"categories":[4],"tags":[34648,33045,34649],"class_list":{"0":"post-93353","1":"post","2":"type-post","3":"status-publish","4":"format-standard","5":"has-post-thumbnail","7":"category-famosos","8":"tag-ana-garcia-moritan-pampita","9":"tag-ana-la-hija-de-pampita","10":"tag-primeras-palabras-de-ana-garcia-moritan"},"_links":{"self":[{"href":"https:\/\/www.cordobatimes.com\/showup\/wp-json\/wp\/v2\/posts\/93353","targetHints":{"allow":["GET"]}}],"collection":[{"href":"https:\/\/www.cordobatimes.com\/showup\/wp-json\/wp\/v2\/posts"}],"about":[{"href":"https:\/\/www.cordobatimes.com\/showup\/wp-json\/wp\/v2\/types\/post"}],"author":[{"embeddable":true,"href":"https:\/\/www.cordobatimes.com\/showup\/wp-json\/wp\/v2\/users\/1"}],"replies":[{"embeddable":true,"href":"https:\/\/www.cordobatimes.com\/showup\/wp-json\/wp\/v2\/comments?post=93353"}],"version-history":[{"count":0,"href":"https:\/\/www.cordobatimes.com\/showup\/wp-json\/wp\/v2\/posts\/93353\/revisions"}],"wp:featuredmedia":[{"embeddable":true,"href":"https:\/\/www.cordobatimes.com\/showup\/wp-json\/wp\/v2\/media\/93354"}],"wp:attachment":[{"href":"https:\/\/www.cordobatimes.com\/showup\/wp-json\/wp\/v2\/media?parent=93353"}],"wp:term":[{"taxonomy":"category","embeddable":true,"href":"https:\/\/www.cordobatimes.com\/showup\/wp-json\/wp\/v2\/categories?post=93353"},{"taxonomy":"post_tag","embeddable":true,"href":"https:\/\/www.cordobatimes.com\/showup\/wp-json\/wp\/v2\/tags?post=93353"}],"curies":[{"name":"wp","href":"https:\/\/api.w.org\/{rel}","templated":true}]}}