{"id":93326,"date":"2022-02-26T10:28:49","date_gmt":"2022-02-26T13:28:49","guid":{"rendered":"https:\/\/www.cordobatimes.com\/showup\/?p=93326"},"modified":"2022-02-26T10:28:49","modified_gmt":"2022-02-26T13:28:49","slug":"julieta-prandi-aliviada-por-los-avances-de-la-causa-contra-claudio-contardi","status":"publish","type":"post","link":"https:\/\/www.cordobatimes.com\/showup\/famosos\/2022\/02\/26\/julieta-prandi-aliviada-por-los-avances-de-la-causa-contra-claudio-contardi\/","title":{"rendered":"Julieta Prandi, aliviada por los avances de la causa contra  Claudio Contardi"},"content":{"rendered":"<h3><strong>La modelo y conductora cont\u00f3 que sus hijos est\u00e1n m\u00e1s tranquilos y celebr\u00f3 el primer avance de la causa a su favor<\/strong><\/h3>\n<p>\u201cMe gusta que la Justicia por fin se ponga de tu lado, despu\u00e9s de todo lo que tuviste que atravesar\u201d, felicit\u00f3 Florencia de la V a\u00a0Julieta Prandi\u00a0en el pase televisivo entre\u00a0Intrusos\u00a0y\u00a0Es por ah\u00ed, por Am\u00e9rica TV.\u00a0\u201cEs la primera despu\u00e9s de tres a\u00f1os\u201d, reconoci\u00f3 la conductora y modelo con una mezcla de resignaci\u00f3n y alivio. Es que despu\u00e9s de tres a\u00f1os de batalla legal contra\u00a0su exmarido, Claudio Contardi, y un cambio de juez en la causa, el Juzgado de Familia n\u00famero 5 de San Isidro decidi\u00f3 suspender por 60 d\u00edas el r\u00e9gimen de comunicaci\u00f3n entre el padre y los menores y, adem\u00e1s, impuso una medida perimetral. \u201cLos chicos est\u00e1n felices y tranquilos\u201d, reconoci\u00f3 luego.<\/p>\n<p>\u201cEs un respiro\u201d, explic\u00f3 la conductora, y aunque reconoci\u00f3 que a\u00fan falta mucho se mostr\u00f3 esperanzada por el cambio de juez. \u201cEl otro no ven\u00eda respondiendo nada y deso\u00eda directamente los derechos y las palabras de mis hijos\u201d, cont\u00f3 la actriz y agreg\u00f3: \u201cDe hecho no exig\u00eda que el padre pagara alimentos, entre otras cosas\u201d.<\/p>\n<p>\u201c\u00bfPodemos decir que este juez escuch\u00f3 a los chicos?\u201d, acot\u00f3 Guido Zaffora. \u201cEs una jueza\u201d, recalc\u00f3 Prandi y cont\u00f3 que despu\u00e9s de la feria judicial pidi\u00f3 que se tomaran algunas medidas que ven\u00edan siendo deso\u00eddas, \u201cporque los chicos hab\u00edan sido escuchados por el servicio de la ni\u00f1ez, que ambos no quieren ver a su pap\u00e1 y que le tienen miedo\u201d, explic\u00f3.<\/p>\n<p>Luego, cont\u00f3 que la jueza actual accion\u00f3 de inmediato ni bien tom\u00f3 la causa y que decidi\u00f3 suspender por 60 d\u00edas el r\u00e9gimen de comunicaci\u00f3n entre el padre y los chicos. Adem\u00e1s, impuso una medida perimetral, una medida precautoria por violencia y por las denuncias que hay en el medio \u201cque corre para mi y para mis hijos\u201d, recalc\u00f3. A partir de esta determinaci\u00f3n, Contardi no se puede acercar por ning\u00fan medio a sus hijos, tampoco por las redes sociales o por medio del tel\u00e9fono celular.<\/p>\n<p>\u201cVos reci\u00e9n dijiste que el juez anterior desoy\u00f3 completamente lo que dec\u00edan los nenes. \u00bfQu\u00e9 pasa con un juez que hace o\u00eddos sordos a dos ni\u00f1os que est\u00e1n diciendo que tienen miedo y que la pasan mal?\u201d, quiso saber el Tucu L\u00f3pez. \u201cYo termin\u00e9 denunci\u00e1ndolo p\u00fablicamente al juez Hern\u00e1n Garc\u00eda L\u00e1zaro porque estaba violando los derechos de mis hijos a ser escuchados; el derecho de todo ni\u00f1o y nadie puede obligar a una criatura a ir con un progenitor que lo maltrata cuando adem\u00e1s est\u00e1 dici\u00e9ndolo\u201d, cont\u00f3 la conductora.<\/p>\n<p>Luego, Prandi cont\u00f3 que el 10 de marzo Mateo, su hijo mayor, se someter\u00e1 a una C\u00e1mara de Gesell. \u201cEsa es una instancia tambi\u00e9n muy importante porque resuelve muchas cosas. Hace que mi hijo tenga que dejar de declarar cada vez que alguien tiene una pregunta para hacerle, que para \u00e9l es revictimizarlo constantemente y no est\u00e1 bueno\u201d, revel\u00f3, y explic\u00f3 que avala la palabra de Mateo.<\/p>\n<h3><strong>Una deuda que no para de crecer<\/strong><\/h3>\n<p>Seg\u00fan coment\u00f3 Julieta Prandi, su exmarido tiene una deuda de m\u00e1s de tres millones de pesos por alimentos. Es por eso por lo que solicit\u00f3 la ejecuci\u00f3n de alimentos. \u201c\u00bfDe cu\u00e1nto tiempo estamos hablando?\u201d, le preguntaron. \u201cDesde que me fui de mi casa. Ha pagado pero un 20 por ciento de la cuota provisoria, que en su momento le puso el juez, y cuando quiso\u201d, cont\u00f3 la conductora y explic\u00f3 que el monto sigue creciendo y se van acumulando cuotas impagas y se suman, adem\u00e1s, intereses. Para contextualizar, Prandi cont\u00f3 que cuando se fue de su casa ten\u00eda dos propiedades -que compr\u00f3 ella pero que son parte de la \u201csociedad conyugal\u201d- que quedaron en posesi\u00f3n de Contardi y que tard\u00f3 casi dos a\u00f1os en que el juez le de la adjudicaci\u00f3n del hogar, \u201cque es como poder entrar a tu propia casa\u201d.<\/p>\n<p>Sobre una de esas propiedades, Guido Zaffora cont\u00f3 que es un departamento que la modelo compr\u00f3 con sus primeros ahorros y que hoy est\u00e1 habitado por\u00a0Ezequiel Contardi, hijo de su ex, un psic\u00f3logo de 31 a\u00f1os.\u00a0En ese momento, Prandi record\u00f3 que luego de la entrevista que le dio a Alejandro Fantino, Ezequiel la llam\u00f3 para devolverle el departamento. \u201cYo no confiaba en \u00e9l, tuvimos una conversaci\u00f3n telef\u00f3nica que grab\u00e9. En esa conversaci\u00f3n reconoce que el departamento es m\u00edo, que se lo dio el padre\u201d, record\u00f3 Prandi, pero luego, cuando avanzaron en los tr\u00e1mites, \u00e9l se arrepinti\u00f3 y la llam\u00f3 para decirle que no se iba a ir, que el departamento era suyo y le mand\u00f3 una carta documento para que se abstenga de hablar mal de \u00e9l.<\/p>\n<p>\u201cLa estafa y la parte econ\u00f3mica, a m\u00ed me cay\u00f3 la ficha despu\u00e9s de que me fui\u201d, revel\u00f3 Prandi. \u201cYo, aunque te parezca mentira, no me fui de mi hogar por un tema econ\u00f3mico. Yo me fui de mi hogar porque ten\u00eda miedo por mi vida, por todo tipo de violencia y de abuso que tuve que padecer en esa casa\u201d, confi\u00f3.<\/p>\n<p>\u201cYo ven\u00eda planeando irme de mi casa. Como \u00e9l me dijo: \u2018es premeditado\u2019. S\u00ed, fue premeditado. Estuve m\u00e1s de dos a\u00f1os planeando c\u00f3mo me iba a ir de mi casa\u201d, record\u00f3 la actriz.<\/p>\n<p><iframe loading=\"lazy\" title=\"YouTube video player\" src=\"https:\/\/www.youtube.com\/embed\/ecvOBa1rkF0\" width=\"560\" height=\"315\" frameborder=\"0\" allowfullscreen=\"allowfullscreen\"><\/iframe><\/p>\n","protected":false},"excerpt":{"rendered":"<p>La modelo y conductora cont\u00f3 que sus hijos est\u00e1n m\u00e1s tranquilos y celebr\u00f3 el primer avance de la causa a su favor \u201cMe gusta que la Justicia por fin se ponga de tu lado, despu\u00e9s de todo lo que tuviste que atravesar\u201d, felicit\u00f3 Florencia de la V a\u00a0Julieta Prandi\u00a0en el pase televisivo entre\u00a0Intrusos\u00a0y\u00a0Es por ah\u00ed, [&hellip;]<\/p>\n","protected":false},"author":1,"featured_media":93327,"comment_status":"closed","ping_status":"closed","sticky":false,"template":"","format":"standard","meta":{"_seopress_robots_primary_cat":"","_seopress_titles_title":"","_seopress_titles_desc":"","_seopress_robots_index":"","footnotes":""},"categories":[4],"tags":[24747,25377,24684],"class_list":{"0":"post-93326","1":"post","2":"type-post","3":"status-publish","4":"format-standard","5":"has-post-thumbnail","7":"category-famosos","8":"tag-conflicto-judicial-entre-julieta-prandi-y-claudio-contardi","9":"tag-julieta-prandi-claudio-contardi","10":"tag-julieta-prandi-y-claudio-contardi"},"_links":{"self":[{"href":"https:\/\/www.cordobatimes.com\/showup\/wp-json\/wp\/v2\/posts\/93326","targetHints":{"allow":["GET"]}}],"collection":[{"href":"https:\/\/www.cordobatimes.com\/showup\/wp-json\/wp\/v2\/posts"}],"about":[{"href":"https:\/\/www.cordobatimes.com\/showup\/wp-json\/wp\/v2\/types\/post"}],"author":[{"embeddable":true,"href":"https:\/\/www.cordobatimes.com\/showup\/wp-json\/wp\/v2\/users\/1"}],"replies":[{"embeddable":true,"href":"https:\/\/www.cordobatimes.com\/showup\/wp-json\/wp\/v2\/comments?post=93326"}],"version-history":[{"count":0,"href":"https:\/\/www.cordobatimes.com\/showup\/wp-json\/wp\/v2\/posts\/93326\/revisions"}],"wp:featuredmedia":[{"embeddable":true,"href":"https:\/\/www.cordobatimes.com\/showup\/wp-json\/wp\/v2\/media\/93327"}],"wp:attachment":[{"href":"https:\/\/www.cordobatimes.com\/showup\/wp-json\/wp\/v2\/media?parent=93326"}],"wp:term":[{"taxonomy":"category","embeddable":true,"href":"https:\/\/www.cordobatimes.com\/showup\/wp-json\/wp\/v2\/categories?post=93326"},{"taxonomy":"post_tag","embeddable":true,"href":"https:\/\/www.cordobatimes.com\/showup\/wp-json\/wp\/v2\/tags?post=93326"}],"curies":[{"name":"wp","href":"https:\/\/api.w.org\/{rel}","templated":true}]}}